{"id":87439,"date":"2019-10-21T10:00:33","date_gmt":"2019-10-21T07:00:33","guid":{"rendered":"http:\/\/arantv.az\/?p=87439"},"modified":"2019-10-21T10:00:33","modified_gmt":"2019-10-21T07:00:33","slug":"turk-surasinda-inteqrasiya-prosesl%c9%99ri-regionun-iqtisadi-artimina-xidm%c9%99t-edir","status":"publish","type":"post","link":"https:\/\/arantv.az\/?p=87439","title":{"rendered":"T\u00fcrk \u015euras\u0131nda inteqrasiya prosesl\u0259ri regionun iqtisadi art\u0131m\u0131na xidm\u0259t edir"},"content":{"rendered":"<blockquote><p><em><strong>T\u00fcrkdilli D\u00f6vl\u0259tl\u0259rin \u018fm\u0259kda\u015fl\u0131q \u015euras\u0131nda inteqrasiya prosesl\u0259ri \u00fczv \u00f6lk\u0259l\u0259rin co\u011frafi yax\u0131nl\u0131\u011f\u0131 v\u0259 \u00fcmumi m\u0259d\u0259ni irsin\u0259 \u0259saslan\u0131r.<\/strong><\/em><\/p><\/blockquote>\n<p><strong>ARANTV.AZ<\/strong> x\u0259b\u0259r verir ki, bunu\u00a0<a href=\"https:\/\/az.trend.az\/\" target=\"_blank\" rel=\"noopener\">Trend<\/a>-\u0259 m\u00fcsahib\u0259sind\u0259 B\u00f6y\u00fck Britaniyan\u0131n PRISM konsaltinq \u015firk\u0259tinin ba\u015f analitiki Tobias Vollmer deyib.<\/p>\n<p>O bildirib ki, T\u00fcrk \u015euras\u0131 X\u0259z\u0259r regionunda be\u015f \u00fczv d\u00f6vl\u0259tin siyasi, m\u0259d\u0259ni v\u0259 iqtisadi inteqrasiyas\u0131na xidm\u0259t ed\u0259n vacib t\u0259\u015fkilatd\u0131r:<\/p>\n<p>&#8220;Dig\u0259r regional inteqrasiya layih\u0259l\u0259ri kimi bu qurum da d\u00f6vl\u0259tl\u0259r\u0259 \u00f6z xalqlar\u0131n\u0131n rifah\u0131 namin\u0259 \u00fcmumi iqtisadi probleml\u0259rin h\u0259lli v\u0259 potensial siyasi g\u0259rginlikl\u0259ri m\u00fczakir\u0259 etm\u0259k \u00fc\u00e7\u00fcn platforma t\u0259qdim edir&#8221;.<\/p>\n<p>Ekspertin s\u00f6zl\u0259rin\u0259 g\u00f6r\u0259, T\u00fcrk \u015euras\u0131 regional kontekstd\u0259 daha a\u015fa\u011f\u0131 s\u0259viyy\u0259li iqtisadiyyata malik \u00f6lk\u0259l\u0259r\u0259 siyasi v\u0259 iqtisadi maraqlar\u0131n\u0131 uy\u011funla\u015fd\u0131rmaq v\u0259 d\u00fcnya arenas\u0131nda m\u00f6vqel\u0259rini m\u00f6hk\u0259ml\u0259ndirm\u0259k \u00fc\u00e7\u00fcn \u0259sas verir. Geosiyasi bax\u0131mdan is\u0259 \u00f6lk\u0259l\u0259r \u015e\u0259rqi Asiya, Yax\u0131n \u015e\u0259rq v\u0259 Avropa aras\u0131ndak\u0131 h\u0259lledici yolay\u0131r\u0131c\u0131nda yerl\u0259\u015fir ki, bu da iri d\u00f6vl\u0259tl\u0259r \u00fc\u00e7\u00fcn m\u00fch\u00fcm maraq k\u0259sb edir.<\/p>\n<p>T.Vollmer \u0259lav\u0259 edib ki, 700 milyon dollar h\u0259cmind\u0259 investisiya fondunun yarad\u0131lmas\u0131 \u00fczv \u00f6lk\u0259l\u0259r aras\u0131nda, el\u0259c\u0259 d\u0259 \u00f6lk\u0259 daxilind\u0259 regional fikir ayr\u0131l\u0131qlar\u0131n\u0131n aradan qald\u0131r\u0131lmas\u0131 \u00fc\u00e7\u00fcn m\u00fch\u00fcm add\u0131m olacaq. Bu, regional iqtisadi inteqrasiyan\u0131 g\u00fccl\u0259ndir\u0259c\u0259k.<\/p>\n","protected":false},"excerpt":{"rendered":"<p>T\u00fcrkdilli D\u00f6vl\u0259tl\u0259rin \u018fm\u0259kda\u015fl\u0131q \u015euras\u0131nda inteqrasiya prosesl\u0259ri \u00fczv \u00f6lk\u0259l\u0259rin co\u011frafi yax\u0131nl\u0131\u011f\u0131 v\u0259 \u00fcmumi m\u0259d\u0259ni irsin\u0259 \u0259saslan\u0131r. ARANTV.AZ x\u0259b\u0259r verir ki, bunu\u00a0Trend-\u0259 m\u00fcsahib\u0259sind\u0259 B\u00f6y\u00fck Britaniyan\u0131n PRISM konsaltinq \u015firk\u0259tinin ba\u015f analitiki Tobias Vollmer deyib. O bildirib ki, T\u00fcrk \u015euras\u0131 X\u0259z\u0259r regionunda be\u015f \u00fczv d\u00f6vl\u0259tin siyasi, m\u0259d\u0259ni v\u0259 iqtisadi inteqrasiyas\u0131na xidm\u0259t ed\u0259n vacib t\u0259\u015fkilatd\u0131r: &#8220;Dig\u0259r regional inteqrasiya layih\u0259l\u0259ri kimi bu qurum da d\u00f6vl\u0259tl\u0259r\u0259 \u00f6z xalqlar\u0131n\u0131n rifah\u0131 namin\u0259 \u00fcmumi iqtisadi probleml\u0259rin h\u0259lli v\u0259 potensial siyasi g\u0259rginlikl\u0259ri m\u00fczakir\u0259 etm\u0259k \u00fc\u00e7\u00fcn platforma t\u0259qdim edir&#8221;. Ekspertin s\u00f6zl\u0259rin\u0259 g\u00f6r\u0259, T\u00fcrk \u015euras\u0131 regional kontekstd\u0259 daha a\u015fa\u011f\u0131 s\u0259viyy\u0259li iqtisadiyyata malik \u00f6lk\u0259l\u0259r\u0259&hellip;<\/p>\n","protected":false},"author":2,"featured_media":87440,"comment_status":"closed","ping_status":"closed","sticky":false,"template":"","format":"standard","meta":{"om_disable_all_campaigns":false,"_monsterinsights_skip_tracking":false,"_monsterinsights_sitenote_active":false,"_monsterinsights_sitenote_note":"","_monsterinsights_sitenote_category":0},"categories":[4],"tags":[],"aioseo_notices":[],"gutentor_comment":0,"rttpg_featured_image_url":{"full":["https:\/\/arantv.az\/wp-content\/uploads\/2019\/10\/795821.jpg",800,600,false],"landscape":["https:\/\/arantv.az\/wp-content\/uploads\/2019\/10\/795821.jpg",800,600,false],"portraits":["https:\/\/arantv.az\/wp-content\/uploads\/2019\/10\/795821.jpg",800,600,false],"thumbnail":["https:\/\/arantv.az\/wp-content\/uploads\/2019\/10\/795821-150x150.jpg",150,150,true],"medium":["https:\/\/arantv.az\/wp-content\/uploads\/2019\/10\/795821-300x225.jpg",300,225,true],"large":["https:\/\/arantv.az\/wp-content\/uploads\/2019\/10\/795821.jpg",640,480,false],"1536x1536":["https:\/\/arantv.az\/wp-content\/uploads\/2019\/10\/795821.jpg",800,600,false],"2048x2048":["https:\/\/arantv.az\/wp-content\/uploads\/2019\/10\/795821.jpg",800,600,false],"post-thumbnail":["https:\/\/arantv.az\/wp-content\/uploads\/2019\/10\/795821-240x172.jpg",240,172,true],"advps-thumb-one":["https:\/\/arantv.az\/wp-content\/uploads\/2019\/10\/795821.jpg",800,600,false]},"rttpg_author":{"display_name":"V\u00fcsal Rafiqo\u011flu","author_link":"https:\/\/arantv.az\/?author=2"},"rttpg_comment":0,"rttpg_category":"<a href=\"https:\/\/arantv.az\/?cat=4\" rel=\"category\">Siyas\u0259t<\/a>","rttpg_excerpt":"T\u00fcrkdilli D\u00f6vl\u0259tl\u0259rin \u018fm\u0259kda\u015fl\u0131q \u015euras\u0131nda inteqrasiya prosesl\u0259ri \u00fczv \u00f6lk\u0259l\u0259rin co\u011frafi yax\u0131nl\u0131\u011f\u0131 v\u0259 \u00fcmumi m\u0259d\u0259ni irsin\u0259 \u0259saslan\u0131r. ARANTV.AZ x\u0259b\u0259r verir ki, bunu\u00a0Trend-\u0259 m\u00fcsahib\u0259sind\u0259 B\u00f6y\u00fck Britaniyan\u0131n PRISM konsaltinq \u015firk\u0259tinin ba\u015f analitiki Tobias Vollmer deyib. O bildirib ki, T\u00fcrk \u015euras\u0131 X\u0259z\u0259r regionunda be\u015f \u00fczv d\u00f6vl\u0259tin siyasi, m\u0259d\u0259ni v\u0259 iqtisadi inteqrasiyas\u0131na xidm\u0259t ed\u0259n vacib t\u0259\u015fkilatd\u0131r: &#8220;Dig\u0259r regional inteqrasiya layih\u0259l\u0259ri kimi&hellip;","_links":{"self":[{"href":"https:\/\/arantv.az\/index.php?rest_route=\/wp\/v2\/posts\/87439"}],"collection":[{"href":"https:\/\/arantv.az\/index.php?rest_route=\/wp\/v2\/posts"}],"about":[{"href":"https:\/\/arantv.az\/index.php?rest_route=\/wp\/v2\/types\/post"}],"author":[{"embeddable":true,"href":"https:\/\/arantv.az\/index.php?rest_route=\/wp\/v2\/users\/2"}],"replies":[{"embeddable":true,"href":"https:\/\/arantv.az\/index.php?rest_route=%2Fwp%2Fv2%2Fcomments&post=87439"}],"version-history":[{"count":0,"href":"https:\/\/arantv.az\/index.php?rest_route=\/wp\/v2\/posts\/87439\/revisions"}],"wp:featuredmedia":[{"embeddable":true,"href":"https:\/\/arantv.az\/index.php?rest_route=\/wp\/v2\/media\/87440"}],"wp:attachment":[{"href":"https:\/\/arantv.az\/index.php?rest_route=%2Fwp%2Fv2%2Fmedia&parent=87439"}],"wp:term":[{"taxonomy":"category","embeddable":true,"href":"https:\/\/arantv.az\/index.php?rest_route=%2Fwp%2Fv2%2Fcategories&post=87439"},{"taxonomy":"post_tag","embeddable":true,"href":"https:\/\/arantv.az\/index.php?rest_route=%2Fwp%2Fv2%2Ftags&post=87439"}],"curies":[{"name":"wp","href":"https:\/\/api.w.org\/{rel}","templated":true}]}}