{"id":87451,"date":"2019-10-21T10:14:02","date_gmt":"2019-10-21T07:14:02","guid":{"rendered":"http:\/\/arantv.az\/?p=87451"},"modified":"2019-10-21T10:14:02","modified_gmt":"2019-10-21T07:14:02","slug":"bagisla-m%c9%99ni-ana-n%c9%99-s%c9%99ni-yasada-bildim-n%c9%99-d%c9%99-ozumu-intihar-ed%c9%99n-m%c9%99rh%c9%99m%c9%99tin-tukurp%c9%99d%c9%99n-m%c9%99ktubu-foto-video","status":"publish","type":"post","link":"https:\/\/arantv.az\/?p=87451","title":{"rendered":"&#8220;Ba\u011f\u0131\u015fla m\u0259ni ana! N\u0259 s\u0259ni ya\u015fada bildim, n\u0259 d\u0259 \u00f6z\u00fcm\u00fc&#8221; \u2013 \u0130ntihar ed\u0259n M\u0259rh\u0259m\u0259tin t\u00fck\u00fcrp\u0259d\u0259n m\u0259ktubu \u2013 FOTO\/V\u0130DEO"},"content":{"rendered":"<p>\u0130ki g\u00fcn bundan \u00f6nc\u0259 \u2013 oktyabr\u0131n 19-u ax\u015fam saatlar\u0131nda \u015eabran rayonunda ba\u015f ver\u0259n intihar hadis\u0259si bar\u0259d\u0259 m\u0259lumat vermi\u015fdik. 22 ya\u015fl\u0131 g\u0259nc \u00f6z\u00fcn\u00fc kiray\u0259 qald\u0131qlar\u0131 \u015eabran rayonundak\u0131 m\u0259nzild\u0259n asaraq intihar etmi\u015fdi.<\/p>\n<p><b>ARANTV.AZ\u00a0<\/b> x\u0259b\u0259r verir ki, intihar\u0131n t\u0259f\u0259rr\u00fcatlar\u0131n\u0131 ara\u015fd\u0131rmaq \u00fc\u00e7\u00fcn m\u0259rhumun ail\u0259 \u00fczvl\u0259ri il\u0259 g\u00f6r\u00fc\u015f\u00fcb.<\/p>\n<p>Qeyd ed\u0259k ki, intihar ed\u0259n \u015f\u0259xs Quba rayon Xaltan k\u0259nd sakini 1997-ci il t\u0259v\u0259ll\u00fcdl\u00fc \u018flim\u0259mm\u0259dov M\u0259rh\u0259m\u0259t Zahid o\u011fludur. O, anas\u0131 il\u0259 \u015eabran rayonunda kiray\u0259 qalaraq \u015f\u0259xsi t\u0259s\u0259rr\u00fcfatlarda f\u0259hl\u0259 i\u015fl\u0259yib. Anas\u0131 il\u0259 \u00e7iyin-\u00e7iyin\u0259 \u00e7al\u0131\u015fan M\u0259rh\u0259m\u0259t \u018flim\u0259mm\u0259dov h\u0259r zaman sosial durumlar\u0131ndan dolay\u0131 gileyl\u0259nib v\u0259 buna g\u00f6r\u0259 \u00f6z\u00fcn\u00fc anas\u0131n\u0131n qar\u015f\u0131s\u0131nda g\u00fcnahkar bilib.<br \/>\n<img class=\"imgbcodecent\" src=\"https:\/\/upload.az\/foto\/arxiv\/WhatsApp-image-2019-10-20-at-22.56.30.jp.jpeg\" alt=\"&quot;Ba\u011f\u0131\u015fla m\u0259ni ana! N\u0259 s\u0259ni ya\u015fada bildim, n\u0259 d\u0259 \u00f6z\u00fcm\u00fc&quot; \u2013 \u0130ntihar ed\u0259n M\u0259rh\u0259m\u0259tin t\u00fck\u00fcrp\u0259d\u0259n m\u0259ktubu \u2013 FOTO\/V\u0130DEO\" \/><\/p>\n<p>\u201cH\u0259l\u0259 cavanam ana. Amma m\u00fctl\u0259q s\u0259ni bir g\u00fcn x\u00f6\u015fb\u0259xt ed\u0259c\u0259m. Rahat v\u0259 g\u00f6z\u0259l bir ev alacam s\u0259nin \u00fc\u00e7\u00fcn anacan. V\u0259 he\u00e7 vaxt i\u015fl\u0259m\u0259y\u0259c\u0259ks\u0259n. Az qal\u0131b. Bir az da d\u00f6z, ana!\u201d.<\/p>\n<div id=\"AdviadNativeVideo0\" class=\"AdviadNativeVideo\"><\/div>\n<p>M\u0259rh\u0259m\u0259t \u018flim\u0259mm\u0259dov bu s\u00f6zl\u0259ri intihar etm\u0259zd\u0259n \u0259vv\u0259l anas\u0131na deyib. Amma sonda n\u0259 anas\u0131na, n\u0259 d\u0259 cavan can\u0131na m\u0259rh\u0259m\u0259t g\u00f6st\u0259rm\u0259d\u0259n intihar yolunu se\u00e7ib. \u0130ntihar etm\u0259zd\u0259n \u00f6nc\u0259 anas\u0131 \u00fc\u00e7\u00fcn bir m\u0259ktub da yaz\u0131b.<\/p>\n<p>\u201cBa\u011f\u0131\u015fla m\u0259ni ana! N\u0259 s\u0259ni ya\u015fada bildim n\u0259 d\u0259 \u00f6z\u00fcm\u00fc. Qurban olum ana, ba\u011f\u0131\u015fla m\u0259ni!\u201d.<\/p>\n<p>M\u0259rh\u0259m\u0259t \u018flim\u0259mm\u0259dov do\u011fuldu\u011fu Quba rayonunda d\u0259fn edilib. Faktla \u0259laq\u0259dar \u015eabran Rayon Prokurorlu\u011funda cinay\u0259t i\u015fi a\u00e7\u0131l\u0131b.<\/p>\n<div class=\"embed-responsive embed-responsive-16by9\"><iframe loading=\"lazy\" id=\"nmqembedid\" class=\"embed-responsive-item\" title=\"video player\" src=\"https:\/\/izle.az\/embed\/qyyxzQ8JyooozfOPSnQFAA~~\" width=\"600\" height=\"340\" frameborder=\"0\" scrolling=\"no\" allowfullscreen=\"allowfullscreen\" data-mce-fragment=\"1\"><\/iframe><\/div>\n<p>konkret.az<\/p>\n","protected":false},"excerpt":{"rendered":"<p>\u0130ki g\u00fcn bundan \u00f6nc\u0259 \u2013 oktyabr\u0131n 19-u ax\u015fam saatlar\u0131nda \u015eabran rayonunda ba\u015f ver\u0259n intihar hadis\u0259si bar\u0259d\u0259 m\u0259lumat vermi\u015fdik. 22 ya\u015fl\u0131 g\u0259nc \u00f6z\u00fcn\u00fc kiray\u0259 qald\u0131qlar\u0131 \u015eabran rayonundak\u0131 m\u0259nzild\u0259n asaraq intihar etmi\u015fdi. ARANTV.AZ\u00a0 x\u0259b\u0259r verir ki, intihar\u0131n t\u0259f\u0259rr\u00fcatlar\u0131n\u0131 ara\u015fd\u0131rmaq \u00fc\u00e7\u00fcn m\u0259rhumun ail\u0259 \u00fczvl\u0259ri il\u0259 g\u00f6r\u00fc\u015f\u00fcb. Qeyd ed\u0259k ki, intihar ed\u0259n \u015f\u0259xs Quba rayon Xaltan k\u0259nd sakini 1997-ci il t\u0259v\u0259ll\u00fcdl\u00fc \u018flim\u0259mm\u0259dov M\u0259rh\u0259m\u0259t Zahid o\u011fludur. O, anas\u0131 il\u0259 \u015eabran rayonunda kiray\u0259 qalaraq \u015f\u0259xsi t\u0259s\u0259rr\u00fcfatlarda f\u0259hl\u0259 i\u015fl\u0259yib. Anas\u0131 il\u0259 \u00e7iyin-\u00e7iyin\u0259 \u00e7al\u0131\u015fan M\u0259rh\u0259m\u0259t \u018flim\u0259mm\u0259dov h\u0259r zaman sosial durumlar\u0131ndan dolay\u0131 gileyl\u0259nib v\u0259 buna g\u00f6r\u0259 \u00f6z\u00fcn\u00fc anas\u0131n\u0131n qar\u015f\u0131s\u0131nda&hellip;<\/p>\n","protected":false},"author":2,"featured_media":87452,"comment_status":"closed","ping_status":"closed","sticky":false,"template":"","format":"standard","meta":{"om_disable_all_campaigns":false,"_monsterinsights_skip_tracking":false,"_monsterinsights_sitenote_active":false,"_monsterinsights_sitenote_note":"","_monsterinsights_sitenote_category":0},"categories":[5],"tags":[],"aioseo_notices":[],"gutentor_comment":0,"rttpg_featured_image_url":{"full":["https:\/\/arantv.az\/wp-content\/uploads\/2019\/10\/Bez_nazvaniya_71571640783.jpg",299,168,false],"landscape":["https:\/\/arantv.az\/wp-content\/uploads\/2019\/10\/Bez_nazvaniya_71571640783.jpg",299,168,false],"portraits":["https:\/\/arantv.az\/wp-content\/uploads\/2019\/10\/Bez_nazvaniya_71571640783.jpg",299,168,false],"thumbnail":["https:\/\/arantv.az\/wp-content\/uploads\/2019\/10\/Bez_nazvaniya_71571640783-150x150.jpg",150,150,true],"medium":["https:\/\/arantv.az\/wp-content\/uploads\/2019\/10\/Bez_nazvaniya_71571640783.jpg",299,168,false],"large":["https:\/\/arantv.az\/wp-content\/uploads\/2019\/10\/Bez_nazvaniya_71571640783.jpg",299,168,false],"1536x1536":["https:\/\/arantv.az\/wp-content\/uploads\/2019\/10\/Bez_nazvaniya_71571640783.jpg",299,168,false],"2048x2048":["https:\/\/arantv.az\/wp-content\/uploads\/2019\/10\/Bez_nazvaniya_71571640783.jpg",299,168,false],"post-thumbnail":["https:\/\/arantv.az\/wp-content\/uploads\/2019\/10\/Bez_nazvaniya_71571640783-240x168.jpg",240,168,true],"advps-thumb-one":["https:\/\/arantv.az\/wp-content\/uploads\/2019\/10\/Bez_nazvaniya_71571640783.jpg",299,168,false]},"rttpg_author":{"display_name":"V\u00fcsal Rafiqo\u011flu","author_link":"https:\/\/arantv.az\/?author=2"},"rttpg_comment":0,"rttpg_category":"<a href=\"https:\/\/arantv.az\/?cat=5\" rel=\"category\">Hadis\u0259<\/a>","rttpg_excerpt":"\u0130ki g\u00fcn bundan \u00f6nc\u0259 \u2013 oktyabr\u0131n 19-u ax\u015fam saatlar\u0131nda \u015eabran rayonunda ba\u015f ver\u0259n intihar hadis\u0259si bar\u0259d\u0259 m\u0259lumat vermi\u015fdik. 22 ya\u015fl\u0131 g\u0259nc \u00f6z\u00fcn\u00fc kiray\u0259 qald\u0131qlar\u0131 \u015eabran rayonundak\u0131 m\u0259nzild\u0259n asaraq intihar etmi\u015fdi. ARANTV.AZ\u00a0 x\u0259b\u0259r verir ki, intihar\u0131n t\u0259f\u0259rr\u00fcatlar\u0131n\u0131 ara\u015fd\u0131rmaq \u00fc\u00e7\u00fcn m\u0259rhumun ail\u0259 \u00fczvl\u0259ri il\u0259 g\u00f6r\u00fc\u015f\u00fcb. Qeyd ed\u0259k ki, intihar ed\u0259n \u015f\u0259xs Quba rayon Xaltan k\u0259nd sakini 1997-ci&hellip;","_links":{"self":[{"href":"https:\/\/arantv.az\/index.php?rest_route=\/wp\/v2\/posts\/87451"}],"collection":[{"href":"https:\/\/arantv.az\/index.php?rest_route=\/wp\/v2\/posts"}],"about":[{"href":"https:\/\/arantv.az\/index.php?rest_route=\/wp\/v2\/types\/post"}],"author":[{"embeddable":true,"href":"https:\/\/arantv.az\/index.php?rest_route=\/wp\/v2\/users\/2"}],"replies":[{"embeddable":true,"href":"https:\/\/arantv.az\/index.php?rest_route=%2Fwp%2Fv2%2Fcomments&post=87451"}],"version-history":[{"count":0,"href":"https:\/\/arantv.az\/index.php?rest_route=\/wp\/v2\/posts\/87451\/revisions"}],"wp:featuredmedia":[{"embeddable":true,"href":"https:\/\/arantv.az\/index.php?rest_route=\/wp\/v2\/media\/87452"}],"wp:attachment":[{"href":"https:\/\/arantv.az\/index.php?rest_route=%2Fwp%2Fv2%2Fmedia&parent=87451"}],"wp:term":[{"taxonomy":"category","embeddable":true,"href":"https:\/\/arantv.az\/index.php?rest_route=%2Fwp%2Fv2%2Fcategories&post=87451"},{"taxonomy":"post_tag","embeddable":true,"href":"https:\/\/arantv.az\/index.php?rest_route=%2Fwp%2Fv2%2Ftags&post=87451"}],"curies":[{"name":"wp","href":"https:\/\/api.w.org\/{rel}","templated":true}]}}