{"id":87471,"date":"2019-10-21T10:37:15","date_gmt":"2019-10-21T07:37:15","guid":{"rendered":"http:\/\/arantv.az\/?p=87471"},"modified":"2019-10-21T10:37:15","modified_gmt":"2019-10-21T07:37:15","slug":"iran-prezidenti-bakiya-g%c9%99lir","status":"publish","type":"post","link":"https:\/\/arantv.az\/?p=87471","title":{"rendered":"\u0130ran Prezidenti Bak\u0131ya g\u0259lir"},"content":{"rendered":"<p>\u0130ran Prezidenti H\u0259s\u0259n Ruhani v\u0259 Xarici \u0130\u015fl\u0259r naziri M\u0259h\u0259mm\u0259d Cavad Z\u0259rif Az\u0259rbaycana s\u0259f\u0259r ed\u0259c\u0259k.<\/p>\n<p><strong>ARANTV.AZ<\/strong> Trend-\u0259 istinad\u0259n x\u0259b\u0259r verir ki, bunu \u0130ran\u0131n Xarici \u0130\u015fl\u0259r Nazirliyinin s\u00f6z\u00e7\u00fcs\u00fc Abbas Mus\u0259vi m\u0259tbuat konfrans\u0131nda deyib.<\/p>\n<p>A.Mus\u0259vinin s\u00f6zl\u0259rin\u0259 g\u00f6r\u0259, \u0130ran Prezidenti v\u0259 Xarici \u0130\u015fl\u0259r naziri dost \u00f6lk\u0259d\u0259 r\u0259smil\u0259rl\u0259 g\u00f6r\u00fc\u015f\u0259c\u0259k v\u0259 Qo\u015fulmama H\u0259r\u0259kat\u0131n\u0131n iclas\u0131nda i\u015ftirak ed\u0259c\u0259kl\u0259r.<\/p>\n<p>Qeyd ed\u0259k ki, Bak\u0131da 25-26 oktyabrda Qo\u015fulmama H\u0259r\u0259kat\u0131na \u00fczv \u00f6lk\u0259l\u0259rin d\u00f6vl\u0259t v\u0259 h\u00f6kum\u0259t ba\u015f\u00e7\u0131lar\u0131n\u0131n 18-ci Zirv\u0259 G\u00f6r\u00fc\u015f\u00fc ke\u00e7iril\u0259c\u0259k.<\/p>\n","protected":false},"excerpt":{"rendered":"<p>\u0130ran Prezidenti H\u0259s\u0259n Ruhani v\u0259 Xarici \u0130\u015fl\u0259r naziri M\u0259h\u0259mm\u0259d Cavad Z\u0259rif Az\u0259rbaycana s\u0259f\u0259r ed\u0259c\u0259k. ARANTV.AZ Trend-\u0259 istinad\u0259n x\u0259b\u0259r verir ki, bunu \u0130ran\u0131n Xarici \u0130\u015fl\u0259r Nazirliyinin s\u00f6z\u00e7\u00fcs\u00fc Abbas Mus\u0259vi m\u0259tbuat konfrans\u0131nda deyib. A.Mus\u0259vinin s\u00f6zl\u0259rin\u0259 g\u00f6r\u0259, \u0130ran Prezidenti v\u0259 Xarici \u0130\u015fl\u0259r naziri dost \u00f6lk\u0259d\u0259 r\u0259smil\u0259rl\u0259 g\u00f6r\u00fc\u015f\u0259c\u0259k v\u0259 Qo\u015fulmama H\u0259r\u0259kat\u0131n\u0131n iclas\u0131nda i\u015ftirak ed\u0259c\u0259kl\u0259r. Qeyd ed\u0259k ki, Bak\u0131da 25-26 oktyabrda Qo\u015fulmama H\u0259r\u0259kat\u0131na \u00fczv \u00f6lk\u0259l\u0259rin d\u00f6vl\u0259t v\u0259 h\u00f6kum\u0259t ba\u015f\u00e7\u0131lar\u0131n\u0131n 18-ci Zirv\u0259 G\u00f6r\u00fc\u015f\u00fc ke\u00e7iril\u0259c\u0259k.<\/p>\n","protected":false},"author":2,"featured_media":87472,"comment_status":"closed","ping_status":"closed","sticky":false,"template":"","format":"standard","meta":{"om_disable_all_campaigns":false,"_monsterinsights_skip_tracking":false,"_monsterinsights_sitenote_active":false,"_monsterinsights_sitenote_note":"","_monsterinsights_sitenote_category":0},"categories":[4],"tags":[],"aioseo_notices":[],"gutentor_comment":0,"rttpg_featured_image_url":{"full":["https:\/\/arantv.az\/wp-content\/uploads\/2019\/10\/hesen_ruhani_064.jpg",800,600,false],"landscape":["https:\/\/arantv.az\/wp-content\/uploads\/2019\/10\/hesen_ruhani_064.jpg",800,600,false],"portraits":["https:\/\/arantv.az\/wp-content\/uploads\/2019\/10\/hesen_ruhani_064.jpg",800,600,false],"thumbnail":["https:\/\/arantv.az\/wp-content\/uploads\/2019\/10\/hesen_ruhani_064-150x150.jpg",150,150,true],"medium":["https:\/\/arantv.az\/wp-content\/uploads\/2019\/10\/hesen_ruhani_064-300x225.jpg",300,225,true],"large":["https:\/\/arantv.az\/wp-content\/uploads\/2019\/10\/hesen_ruhani_064.jpg",640,480,false],"1536x1536":["https:\/\/arantv.az\/wp-content\/uploads\/2019\/10\/hesen_ruhani_064.jpg",800,600,false],"2048x2048":["https:\/\/arantv.az\/wp-content\/uploads\/2019\/10\/hesen_ruhani_064.jpg",800,600,false],"post-thumbnail":["https:\/\/arantv.az\/wp-content\/uploads\/2019\/10\/hesen_ruhani_064-240x172.jpg",240,172,true],"advps-thumb-one":["https:\/\/arantv.az\/wp-content\/uploads\/2019\/10\/hesen_ruhani_064.jpg",800,600,false]},"rttpg_author":{"display_name":"V\u00fcsal Rafiqo\u011flu","author_link":"https:\/\/arantv.az\/?author=2"},"rttpg_comment":0,"rttpg_category":"<a href=\"https:\/\/arantv.az\/?cat=4\" rel=\"category\">Siyas\u0259t<\/a>","rttpg_excerpt":"\u0130ran Prezidenti H\u0259s\u0259n Ruhani v\u0259 Xarici \u0130\u015fl\u0259r naziri M\u0259h\u0259mm\u0259d Cavad Z\u0259rif Az\u0259rbaycana s\u0259f\u0259r ed\u0259c\u0259k. ARANTV.AZ Trend-\u0259 istinad\u0259n x\u0259b\u0259r verir ki, bunu \u0130ran\u0131n Xarici \u0130\u015fl\u0259r Nazirliyinin s\u00f6z\u00e7\u00fcs\u00fc Abbas Mus\u0259vi m\u0259tbuat konfrans\u0131nda deyib. A.Mus\u0259vinin s\u00f6zl\u0259rin\u0259 g\u00f6r\u0259, \u0130ran Prezidenti v\u0259 Xarici \u0130\u015fl\u0259r naziri dost \u00f6lk\u0259d\u0259 r\u0259smil\u0259rl\u0259 g\u00f6r\u00fc\u015f\u0259c\u0259k v\u0259 Qo\u015fulmama H\u0259r\u0259kat\u0131n\u0131n iclas\u0131nda i\u015ftirak ed\u0259c\u0259kl\u0259r. Qeyd ed\u0259k ki, Bak\u0131da 25-26&hellip;","_links":{"self":[{"href":"https:\/\/arantv.az\/index.php?rest_route=\/wp\/v2\/posts\/87471"}],"collection":[{"href":"https:\/\/arantv.az\/index.php?rest_route=\/wp\/v2\/posts"}],"about":[{"href":"https:\/\/arantv.az\/index.php?rest_route=\/wp\/v2\/types\/post"}],"author":[{"embeddable":true,"href":"https:\/\/arantv.az\/index.php?rest_route=\/wp\/v2\/users\/2"}],"replies":[{"embeddable":true,"href":"https:\/\/arantv.az\/index.php?rest_route=%2Fwp%2Fv2%2Fcomments&post=87471"}],"version-history":[{"count":0,"href":"https:\/\/arantv.az\/index.php?rest_route=\/wp\/v2\/posts\/87471\/revisions"}],"wp:featuredmedia":[{"embeddable":true,"href":"https:\/\/arantv.az\/index.php?rest_route=\/wp\/v2\/media\/87472"}],"wp:attachment":[{"href":"https:\/\/arantv.az\/index.php?rest_route=%2Fwp%2Fv2%2Fmedia&parent=87471"}],"wp:term":[{"taxonomy":"category","embeddable":true,"href":"https:\/\/arantv.az\/index.php?rest_route=%2Fwp%2Fv2%2Fcategories&post=87471"},{"taxonomy":"post_tag","embeddable":true,"href":"https:\/\/arantv.az\/index.php?rest_route=%2Fwp%2Fv2%2Ftags&post=87471"}],"curies":[{"name":"wp","href":"https:\/\/api.w.org\/{rel}","templated":true}]}}