{"id":87475,"date":"2019-10-21T10:38:00","date_gmt":"2019-10-21T07:38:00","guid":{"rendered":"http:\/\/arantv.az\/?p=87475"},"modified":"2019-10-21T10:38:00","modified_gmt":"2019-10-21T07:38:00","slug":"kestutis-yankauskas-az%c9%99rbaycanda-agac-%c9%99kilm%c9%99si-t%c9%99dbirl%c9%99ri-ekoloji-tarazligin-saxlanmasi-baximindan-cox-goz%c9%99l-t%c9%99s%c9%99bbusdur","status":"publish","type":"post","link":"https:\/\/arantv.az\/?p=87475","title":{"rendered":"Kestutis Yankauskas: &#8220;Az\u0259rbaycanda a\u011fac \u0259kilm\u0259si t\u0259dbirl\u0259ri ekoloji tarazl\u0131\u011f\u0131n saxlanmas\u0131 bax\u0131m\u0131ndan \u00e7ox g\u00f6z\u0259l t\u0259\u015f\u0259bb\u00fcsd\u00fcr&#8221;"},"content":{"rendered":"<blockquote><p><em><strong>B\u00fct\u00fcn d\u00fcnyada oldu\u011fu kimi, Avropada da ekoloji tarazl\u0131\u011f\u0131n qorunmas\u0131 istiqam\u0259tind\u0259 m\u00fcvafiq t\u0259dbirl\u0259r g\u00f6r\u00fcl\u00fcr.<\/strong><\/em><\/p><\/blockquote>\n<p><strong>ARANTV.AZ<\/strong> x\u0259b\u0259r verir ki, bunu\u00a0<a href=\"https:\/\/az.trend.az\/\" target=\"_blank\" rel=\"noopener\">Trend<\/a>-\u0259 Avropa \u0130ttifaq\u0131n\u0131n Az\u0259rbaycandak\u0131 s\u0259firi Kestutis Yankauskas deyib.<\/p>\n<p>Onun s\u00f6zl\u0259rin\u0259 g\u00f6r\u0259, t\u0259bi\u0259ti qorumaq vacibdir: &#8220;Planetimizin g\u0259l\u0259c\u0259yini qorumaq h\u0259r birimizin v\u0259t\u0259nda\u015fl\u0131q borcudur. \u00c7\u00fcnki h\u0259r birimiz t\u0259bi\u0259tin bir hiss\u0259siyik. N\u0259 q\u0259d\u0259r \u00e7ox a\u011fac \u0259ks\u0259k, t\u0259bi\u0259ti d\u0259 bir o q\u0259d\u0259r yax\u015f\u0131 qorumu\u015f olar\u0131q v\u0259 insanlar sa\u011flam \u00f6m\u00fcr s\u00fcr\u0259rl\u0259r. Az\u0259rbaycan\u0131n diplomatik xidm\u0259t orqanlar\u0131n\u0131n 100 illiyi m\u00fcnasib\u0259til\u0259 ke\u00e7iril\u0259n aksiyada da 200 a\u011fac \u0259kildi. Bu, t\u0259bi\u0259tin qorunmas\u0131, ekoloji tarazl\u0131\u011f\u0131n saxlanmas\u0131 bax\u0131m\u0131ndan \u00e7ox g\u00f6z\u0259l t\u0259\u015f\u0259bb\u00fcsd\u00fcr&#8221;.<\/p>\n<p>Qeyd ed\u0259k ki, Birinci vitse-prezident Mehriban \u018fliyevan\u0131n dahi \u015fair \u0130mad\u0259ddin N\u0259siminin 650 illik yubileyi m\u00fcnasib\u0259til\u0259 bir g\u00fcnd\u0259 respublikam\u0131zda 650 min a\u011fac\u0131n \u0259kilm\u0259si t\u0259\u015f\u0259bb\u00fcs\u00fcn\u00fcn h\u0259yata ke\u00e7irilm\u0259si \u00fc\u00e7\u00fcn m\u00fcxt\u0259lif cinsli iqlim\u0259 v\u0259 m\u00fchit\u0259 uy\u011fun me\u015f\u0259 v\u0259 meyv\u0259 tingl\u0259ri se\u00e7ilib.<\/p>\n<p>Az\u0259rbaycan\u0131n tarixind\u0259 ilk d\u0259f\u0259dir ki, bir g\u00fcn \u0259rzind\u0259 bu q\u0259d\u0259r \u00e7ox sayda a\u011fac \u0259kil\u0259c\u0259k.<\/p>\n","protected":false},"excerpt":{"rendered":"<p>B\u00fct\u00fcn d\u00fcnyada oldu\u011fu kimi, Avropada da ekoloji tarazl\u0131\u011f\u0131n qorunmas\u0131 istiqam\u0259tind\u0259 m\u00fcvafiq t\u0259dbirl\u0259r g\u00f6r\u00fcl\u00fcr. ARANTV.AZ x\u0259b\u0259r verir ki, bunu\u00a0Trend-\u0259 Avropa \u0130ttifaq\u0131n\u0131n Az\u0259rbaycandak\u0131 s\u0259firi Kestutis Yankauskas deyib. Onun s\u00f6zl\u0259rin\u0259 g\u00f6r\u0259, t\u0259bi\u0259ti qorumaq vacibdir: &#8220;Planetimizin g\u0259l\u0259c\u0259yini qorumaq h\u0259r birimizin v\u0259t\u0259nda\u015fl\u0131q borcudur. \u00c7\u00fcnki h\u0259r birimiz t\u0259bi\u0259tin bir hiss\u0259siyik. N\u0259 q\u0259d\u0259r \u00e7ox a\u011fac \u0259ks\u0259k, t\u0259bi\u0259ti d\u0259 bir o q\u0259d\u0259r yax\u015f\u0131 qorumu\u015f olar\u0131q v\u0259 insanlar sa\u011flam \u00f6m\u00fcr s\u00fcr\u0259rl\u0259r. Az\u0259rbaycan\u0131n diplomatik xidm\u0259t orqanlar\u0131n\u0131n 100 illiyi m\u00fcnasib\u0259til\u0259 ke\u00e7iril\u0259n aksiyada da 200 a\u011fac \u0259kildi. Bu, t\u0259bi\u0259tin qorunmas\u0131, ekoloji tarazl\u0131\u011f\u0131n saxlanmas\u0131 bax\u0131m\u0131ndan \u00e7ox g\u00f6z\u0259l t\u0259\u015f\u0259bb\u00fcsd\u00fcr&#8221;. Qeyd ed\u0259k ki, Birinci vitse-prezident&hellip;<\/p>\n","protected":false},"author":2,"featured_media":87476,"comment_status":"closed","ping_status":"closed","sticky":false,"template":"","format":"standard","meta":{"om_disable_all_campaigns":false,"_monsterinsights_skip_tracking":false,"_monsterinsights_sitenote_active":false,"_monsterinsights_sitenote_note":"","_monsterinsights_sitenote_category":0},"categories":[1],"tags":[],"aioseo_notices":[],"gutentor_comment":0,"rttpg_featured_image_url":{"full":["https:\/\/arantv.az\/wp-content\/uploads\/2019\/10\/795832.jpg",800,600,false],"landscape":["https:\/\/arantv.az\/wp-content\/uploads\/2019\/10\/795832.jpg",800,600,false],"portraits":["https:\/\/arantv.az\/wp-content\/uploads\/2019\/10\/795832.jpg",800,600,false],"thumbnail":["https:\/\/arantv.az\/wp-content\/uploads\/2019\/10\/795832-150x150.jpg",150,150,true],"medium":["https:\/\/arantv.az\/wp-content\/uploads\/2019\/10\/795832-300x225.jpg",300,225,true],"large":["https:\/\/arantv.az\/wp-content\/uploads\/2019\/10\/795832.jpg",640,480,false],"1536x1536":["https:\/\/arantv.az\/wp-content\/uploads\/2019\/10\/795832.jpg",800,600,false],"2048x2048":["https:\/\/arantv.az\/wp-content\/uploads\/2019\/10\/795832.jpg",800,600,false],"post-thumbnail":["https:\/\/arantv.az\/wp-content\/uploads\/2019\/10\/795832-240x172.jpg",240,172,true],"advps-thumb-one":["https:\/\/arantv.az\/wp-content\/uploads\/2019\/10\/795832.jpg",800,600,false]},"rttpg_author":{"display_name":"V\u00fcsal Rafiqo\u011flu","author_link":"https:\/\/arantv.az\/?author=2"},"rttpg_comment":0,"rttpg_category":"<a href=\"https:\/\/arantv.az\/?cat=1\" rel=\"category\">C\u0259miyy\u0259t<\/a>","rttpg_excerpt":"B\u00fct\u00fcn d\u00fcnyada oldu\u011fu kimi, Avropada da ekoloji tarazl\u0131\u011f\u0131n qorunmas\u0131 istiqam\u0259tind\u0259 m\u00fcvafiq t\u0259dbirl\u0259r g\u00f6r\u00fcl\u00fcr. ARANTV.AZ x\u0259b\u0259r verir ki, bunu\u00a0Trend-\u0259 Avropa \u0130ttifaq\u0131n\u0131n Az\u0259rbaycandak\u0131 s\u0259firi Kestutis Yankauskas deyib. Onun s\u00f6zl\u0259rin\u0259 g\u00f6r\u0259, t\u0259bi\u0259ti qorumaq vacibdir: &#8220;Planetimizin g\u0259l\u0259c\u0259yini qorumaq h\u0259r birimizin v\u0259t\u0259nda\u015fl\u0131q borcudur. \u00c7\u00fcnki h\u0259r birimiz t\u0259bi\u0259tin bir hiss\u0259siyik. N\u0259 q\u0259d\u0259r \u00e7ox a\u011fac \u0259ks\u0259k, t\u0259bi\u0259ti d\u0259 bir o q\u0259d\u0259r yax\u015f\u0131&hellip;","_links":{"self":[{"href":"https:\/\/arantv.az\/index.php?rest_route=\/wp\/v2\/posts\/87475"}],"collection":[{"href":"https:\/\/arantv.az\/index.php?rest_route=\/wp\/v2\/posts"}],"about":[{"href":"https:\/\/arantv.az\/index.php?rest_route=\/wp\/v2\/types\/post"}],"author":[{"embeddable":true,"href":"https:\/\/arantv.az\/index.php?rest_route=\/wp\/v2\/users\/2"}],"replies":[{"embeddable":true,"href":"https:\/\/arantv.az\/index.php?rest_route=%2Fwp%2Fv2%2Fcomments&post=87475"}],"version-history":[{"count":0,"href":"https:\/\/arantv.az\/index.php?rest_route=\/wp\/v2\/posts\/87475\/revisions"}],"wp:featuredmedia":[{"embeddable":true,"href":"https:\/\/arantv.az\/index.php?rest_route=\/wp\/v2\/media\/87476"}],"wp:attachment":[{"href":"https:\/\/arantv.az\/index.php?rest_route=%2Fwp%2Fv2%2Fmedia&parent=87475"}],"wp:term":[{"taxonomy":"category","embeddable":true,"href":"https:\/\/arantv.az\/index.php?rest_route=%2Fwp%2Fv2%2Fcategories&post=87475"},{"taxonomy":"post_tag","embeddable":true,"href":"https:\/\/arantv.az\/index.php?rest_route=%2Fwp%2Fv2%2Ftags&post=87475"}],"curies":[{"name":"wp","href":"https:\/\/api.w.org\/{rel}","templated":true}]}}