{"id":87495,"date":"2019-10-21T11:14:07","date_gmt":"2019-10-21T08:14:07","guid":{"rendered":"http:\/\/arantv.az\/?p=87495"},"modified":"2019-10-21T11:14:07","modified_gmt":"2019-10-21T08:14:07","slug":"%c9%99liyarin-2-yox-1-galendewageni-var-yenil%c9%99nib","status":"publish","type":"post","link":"https:\/\/arantv.az\/?p=87495","title":{"rendered":"\u201c\u018fliyar\u0131n 2 yox, 1 \u201cGalendewagen\u201di var&#8221; &#8211; YEN\u0130L\u018fN\u0130B"},"content":{"rendered":"<p><strong>11:41<\/strong><\/p>\n<p><strong>Biznesmen v\u0259 BDU-nun H\u00fcquq fak\u00fclt\u0259sinin m\u00fc\u0259llimi \u018fr\u0259stun Qas\u0131movun o\u011flu \u018fliyar\u0131n b\u0131\u00e7aqlanmas\u0131 x\u0259b\u0259ri il\u0259 ba\u011fl\u0131 ail\u0259nin v\u0259kili a\u00e7\u0131qlama verib.<\/strong><\/p>\n<p><strong>ARANTV.AZ<\/strong>\u00a0 x\u0259b\u0259r verir ki, v\u0259kil \u0130lqar R\u00fcst\u0259mov qafqazinfo-ya a\u00e7\u0131qlamas\u0131nda bildirib ki, bundan \u00f6nc\u0259 yay\u0131mlanan yaz\u0131da b\u0259zi m\u0259lumatlar yanl\u0131\u015f qeyd olunub. V\u0259kil bildirib ki, bu i\u015fd\u0259 bir yox, iki z\u0259r\u0259r\u00e7\u0259kmi\u015f var. Bel\u0259 ki, dig\u0259r \u015f\u0259xs Sabir Tarverdiyevdir.<\/p>\n<p>\u0130.R\u00fcst\u0259mov m\u00fcv\u0259kkili v\u0259 atas\u0131n\u0131n qalmaqall\u0131 &#8220;26-lar&#8221; kafesinin sahibi olmas\u0131n\u0131 da t\u0259kzib edib: &#8220;&#8221;26&#8243;lar kafesinin n\u0259 \u018fliyar Qas\u0131mova, n\u0259 d\u0259 atas\u0131 \u018fr\u0259stun Qas\u0131mova aidiyyat\u0131 var. \u0130kincisi, adam xaricd\u0259 d\u0259 gedib bahal\u0131 ma\u015f\u0131nlar\u0131n yan\u0131nda \u015f\u0259kil \u00e7\u0259kdir\u0259 bil\u0259r. Bu o dem\u0259kdir ki, h\u0259min ma\u015f\u0131nlar onundur? Onun iki &#8220;Galendewagen&#8221;inin oldu\u011fu yaz\u0131l\u0131b, bu yaland\u0131r, \u018fliyar\u0131n yaln\u0131z bir &#8220;Galendewagen&#8221;i var&#8221;.<\/p>\n<p>V\u0259kil haz\u0131rda m\u0259hk\u0259m\u0259d\u0259 ara\u015fd\u0131r\u0131lan hadis\u0259nin nec\u0259 ba\u015f verdiyind\u0259n dan\u0131\u015f\u0131b:<\/p>\n<p>&#8220;\u018fliyar, Sabir v\u0259 Tural u\u015faql\u0131qdan dost olublar, sinif yolda\u015f\u0131d\u0131rlar. \u018fliyar evlidir, 3 u\u015fa\u011f\u0131 da var. Onun dediyin\u0259 g\u00f6r\u0259, Tural son zamanlar narkotik alud\u0259\u00e7isin\u0259 \u00e7evrilibmi\u015f. D\u0259f\u0259l\u0259rl\u0259 narkotik q\u0259bul ed\u0259r\u0259k onlar\u0131n yan\u0131na g\u0259lib v\u0259 a\u011flas\u0131\u011fmaz s\u00f6zl\u0259r dan\u0131\u015f\u0131rm\u0131\u015f. Son iki ay \u0259rzind\u0259 is\u0259 Tural bir ne\u00e7\u0259 d\u0259f\u0259 \u018fliyara deyib ki, s\u0259n m\u0259nim sevgiliml\u0259 m\u00fcnasib\u0259td\u0259 olmusan. \u018fliyar da bel\u0259 bir \u015fey olmad\u0131\u011f\u0131n\u0131, ona a\u011fl\u0131n\u0131 ba\u015f\u0131na y\u0131\u011fmas\u0131n\u0131 deyib. Hadis\u0259 g\u00fcn\u00fc d\u0259 \u018fliyar Sabirl\u0259 &#8220;Papa Cinema&#8221; adl\u0131 klubda olark\u0259n Tural ora g\u0259lib v\u0259 yen\u0259 d\u0259 \u018fliyara deyib ki, &#8220;s\u0259n m\u0259nim sevgilim\u0259 &#8220;padxod&#8221; el\u0259mis\u0259n&#8221;.<\/p>\n<p>Bu vaxt \u018fliyar balalar\u0131n\u0131n can\u0131na and i\u00e7ir, and-aman edir ki, el\u0259 \u015fey olmay\u0131b. Tural is\u0259 dediyind\u0259n \u0259l \u00e7\u0259km\u0259yib, bu vaxt \u018fliyar &#8220;s\u0259n n\u0259 \u015f\u0259xsiyy\u0259tsiz adamsan, \u0259l \u00e7\u0259k d\u0259 daha&#8221; deyib v\u0259 dava d\u00fc\u015f\u00fcb. Tural \u018fliyara 3 b\u0131\u00e7aq z\u0259rb\u0259si vurub. Onlardan biri \u00fcr\u0259k, biri \u00e7iyin nahiy\u0259sind\u0259n d\u0259yib. \u00dc\u00e7\u00fcnc\u00fc z\u0259rb\u0259ni vuranda \u018fliyar \u0259lini qaba\u011fa at\u0131b v\u0259 z\u0259rb\u0259 \u0259lin\u0259 d\u0259yib. Buna g\u00f6r\u0259 haz\u0131rda iki barma\u011f\u0131 f\u0259aliyy\u0259tini itirib. \u00dcr\u0259k nahiy\u0259sind\u0259n d\u0259y\u0259n z\u0259rb\u0259y\u0259 g\u00f6r\u0259 is\u0259 iki d\u0259f\u0259 \u0259m\u0259liyyat ke\u00e7irib v\u0259 uzun m\u00fcdd\u0259t komada olub. Sabir is\u0259 aya\u011f\u0131ndan b\u0131\u00e7aq z\u0259rb\u0259si al\u0131b. T\u0259qsirl\u0259ndiril\u0259n Tural M\u0259mm\u0259dov da \u00f6t\u0259n m\u0259hk\u0259m\u0259 iclas\u0131nda dedi ki, \u0259m\u0259lind\u0259n pe\u015fman deyil, \u00fczr ist\u0259m\u0259y\u0259c\u0259k&#8221;.<\/p>\n<p>Haz\u0131rda i\u015f Bak\u0131 A\u011f\u0131r Cinay\u0259tl\u0259r M\u0259hk\u0259m\u0259sind\u0259 ara\u015fd\u0131r\u0131l\u0131r.<\/p>\n<p>&#8212;&#8212;&#8212;-<br \/>\n<strong>10:36<\/strong><\/p>\n<p><strong>S\u00f6k\u00fcl\u0259n qalmaqall\u0131 &#8220;26-lar&#8221; kafesinin sahibinin o\u011flu v\u0259 dostu b\u0131\u00e7aqlan\u0131b. Onlar\u0131 b\u0131\u00e7aqlayan da el\u0259 \u00f6z dostlar\u0131 imi\u015f.<\/strong><\/p>\n<p><strong>ARANTV.AZ<\/strong> musavat.com-a istinad\u0259n x\u0259b\u0259r verir ki, &#8220;26-lar&#8221; kafesinin sahibi, ali m\u0259kt\u0259bd\u0259 h\u00fcquq d\u0259rsi ver\u0259n \u018fr\u0259stun Qas\u0131movun o\u011flu \u018fliyar Qas\u0131mov b\u0131\u00e7aqlan\u0131b. Uzun m\u00fcdd\u0259t \u00f6lk\u0259 g\u00fcnd\u0259mini z\u0259bt ed\u0259n \u018fliyar Qas\u0131movun ad\u0131 bu d\u0259f\u0259 a\u011f\u0131r cinay\u0259td\u0259 z\u0259r\u0259r\u00e7\u0259kmi\u015f kimi ke\u00e7ir.<\/p>\n<p>Bak\u0131 A\u011f\u0131r Cinay\u0259tl\u0259r M\u0259hk\u0259m\u0259sind\u0259 xuliqanl\u0131q niyy\u0259ti il\u0259 q\u0259sd\u0259n sa\u011flaml\u0131\u011fa a\u011f\u0131r z\u0259r\u0259r vurmaqda ittiham edil\u0259n 1990-c\u0131 il t\u0259v\u0259ll\u00fcdl\u00fc M\u0259mm\u0259dov Tural M\u00fcbariz o\u011flunun cinay\u0259t i\u015fi \u00fczr\u0259 m\u0259hk\u0259m\u0259 iclas\u0131 ke\u00e7irilib. Proses hakim Eldar Mikay\u0131lovun s\u0259drliyi il\u0259 ke\u00e7irilib.<\/p>\n<p>\u018fld\u0259 edil\u0259n m\u0259lumata g\u00f6r\u0259, i\u015f \u00fczr\u0259 z\u0259r\u0259r\u00e7\u0259kmi\u015f \u015f\u0259xs \u018fliyar Qas\u0131mov v\u0259 dostudur.<\/p>\n<div>\n<div id=\"AdviadNativeVideo0\" class=\"AdviadNativeVideo\"><\/div>\n<\/div>\n<p>Onlar\u0131n h\u0259r ikisi Tural M\u0259mm\u0259dov t\u0259r\u0259find\u0259n b\u0131\u00e7aqlan\u0131b. Hadis\u0259y\u0259 s\u0259b\u0259b is\u0259 dost olan bu \u015f\u0259xsl\u0259r aras\u0131nda ba\u015f ver\u0259n m\u00fcbahis\u0259 olub. \u0130lkin ehtimala g\u00f6r\u0259 is\u0259 m\u00fcbahis\u0259y\u0259 s\u0259b\u0259b \u015f\u0259xsl\u0259rd\u0259n birinin mobil telefonunda olan video g\u00f6r\u00fcnt\u00fc olub. Hadis\u0259nin t\u0259f\u0259rr\u00fcat\u0131 bar\u0259d\u0259 n\u00f6vb\u0259ti yaz\u0131larda daha \u0259trafl\u0131 m\u0259lumat ver\u0259c\u0259yik.<\/p>\n<p><img src=\"https:\/\/axsam.az\/img\/pics\/large\/2019-10\/185928_x8aa99mxwb.jpg\" alt=\"\" border=\"0\" hspace=\"0\" \/><\/p>\n<p>H\u0259bs edil\u0259n Tural M\u0259mm\u0259dov \u00f6z\u00fcn\u00fc qism\u0259n t\u0259qsirli bilir. Deyir ki, iki n\u0259f\u0259ri b\u0131\u00e7aqlamas\u0131 \u00f6z\u00fcn\u00fc m\u00fcdafi\u0259 m\u0259qs\u0259di il\u0259 olub.<\/p>\n<p>B\u0131\u00e7aqlanan \u018fliyar Qas\u0131mov kimdir?<\/p>\n<p>\u018fliyar Qas\u0131mov ilk olaraq \u00f6lk\u0259 g\u00fcnd\u0259min\u0259 iki l\u00fcks ma\u015f\u0131nlar\u0131 il\u0259 g\u0259lib. Qo\u015fa &#8220;Gelandevagen&#8221;li \u018fliyar Qas\u0131mov Bak\u0131 k\u00fc\u00e7\u0259l\u0259rind\u0259 \u015f\u00fct\u00fcy\u0259rk\u0259n q\u0131sa m\u00fcdd\u0259td\u0259 sosial \u015f\u0259b\u0259k\u0259l\u0259rin m\u00fczakir\u0259 m\u00f6vzusuna \u00e7evrimi\u015fdi.<\/p>\n<p><img src=\"https:\/\/axsam.az\/img\/pics\/large\/2019-10\/185929_erxizd6cd0.jpg\" alt=\"\" border=\"0\" hspace=\"0\" \/><\/p>\n<p>Daha sonra is\u0259 \u018fliyar Qas\u0131movun ad\u0131 atas\u0131 il\u0259 birlikd\u0259 qalmaqall\u0131 &#8220;26-lar&#8221; kafesinin ba\u011flanmas\u0131nda hallan\u0131b.<\/p>\n<p>Bak\u0131 \u015e\u0259h\u0259r \u0130cra Hakimiyy\u0259tinin ba\u015f\u00e7\u0131s\u0131 Hac\u0131bala Abutal\u0131bovun r\u0259hb\u0259rliyi il\u0259 Qas\u0131movlar\u0131n sahibi oldu\u011fu kafe b\u00f6y\u00fck qalmaqaldan sonra ba\u011flan\u0131b.<\/p>\n<p><img src=\"https:\/\/axsam.az\/img\/pics\/large\/2019-10\/185930_t1zfbkof8t.jpg\" alt=\"\" border=\"0\" hspace=\"0\" \/><\/p>\n","protected":false},"excerpt":{"rendered":"<p>11:41 Biznesmen v\u0259 BDU-nun H\u00fcquq fak\u00fclt\u0259sinin m\u00fc\u0259llimi \u018fr\u0259stun Qas\u0131movun o\u011flu \u018fliyar\u0131n b\u0131\u00e7aqlanmas\u0131 x\u0259b\u0259ri il\u0259 ba\u011fl\u0131 ail\u0259nin v\u0259kili a\u00e7\u0131qlama verib. ARANTV.AZ\u00a0 x\u0259b\u0259r verir ki, v\u0259kil \u0130lqar R\u00fcst\u0259mov qafqazinfo-ya a\u00e7\u0131qlamas\u0131nda bildirib ki, bundan \u00f6nc\u0259 yay\u0131mlanan yaz\u0131da b\u0259zi m\u0259lumatlar yanl\u0131\u015f qeyd olunub. V\u0259kil bildirib ki, bu i\u015fd\u0259 bir yox, iki z\u0259r\u0259r\u00e7\u0259kmi\u015f var. Bel\u0259 ki, dig\u0259r \u015f\u0259xs Sabir Tarverdiyevdir. \u0130.R\u00fcst\u0259mov m\u00fcv\u0259kkili v\u0259 atas\u0131n\u0131n qalmaqall\u0131 &#8220;26-lar&#8221; kafesinin sahibi olmas\u0131n\u0131 da t\u0259kzib edib: &#8220;&#8221;26&#8243;lar kafesinin n\u0259 \u018fliyar Qas\u0131mova, n\u0259 d\u0259 atas\u0131 \u018fr\u0259stun Qas\u0131mova aidiyyat\u0131 var. \u0130kincisi, adam xaricd\u0259 d\u0259 gedib bahal\u0131 ma\u015f\u0131nlar\u0131n yan\u0131nda \u015f\u0259kil \u00e7\u0259kdir\u0259 bil\u0259r.&hellip;<\/p>\n","protected":false},"author":2,"featured_media":87496,"comment_status":"closed","ping_status":"closed","sticky":false,"template":"","format":"standard","meta":{"om_disable_all_campaigns":false,"_monsterinsights_skip_tracking":false,"_monsterinsights_sitenote_active":false,"_monsterinsights_sitenote_note":"","_monsterinsights_sitenote_category":0},"categories":[3],"tags":[],"aioseo_notices":[],"gutentor_comment":0,"rttpg_featured_image_url":{"full":["https:\/\/arantv.az\/wp-content\/uploads\/2019\/10\/795820.jpg",800,600,false],"landscape":["https:\/\/arantv.az\/wp-content\/uploads\/2019\/10\/795820.jpg",800,600,false],"portraits":["https:\/\/arantv.az\/wp-content\/uploads\/2019\/10\/795820.jpg",800,600,false],"thumbnail":["https:\/\/arantv.az\/wp-content\/uploads\/2019\/10\/795820-150x150.jpg",150,150,true],"medium":["https:\/\/arantv.az\/wp-content\/uploads\/2019\/10\/795820-300x225.jpg",300,225,true],"large":["https:\/\/arantv.az\/wp-content\/uploads\/2019\/10\/795820.jpg",640,480,false],"1536x1536":["https:\/\/arantv.az\/wp-content\/uploads\/2019\/10\/795820.jpg",800,600,false],"2048x2048":["https:\/\/arantv.az\/wp-content\/uploads\/2019\/10\/795820.jpg",800,600,false],"post-thumbnail":["https:\/\/arantv.az\/wp-content\/uploads\/2019\/10\/795820-240x172.jpg",240,172,true],"advps-thumb-one":["https:\/\/arantv.az\/wp-content\/uploads\/2019\/10\/795820.jpg",800,600,false]},"rttpg_author":{"display_name":"V\u00fcsal Rafiqo\u011flu","author_link":"https:\/\/arantv.az\/?author=2"},"rttpg_comment":0,"rttpg_category":"<a href=\"https:\/\/arantv.az\/?cat=3\" rel=\"category\">Kriminal<\/a>","rttpg_excerpt":"11:41 Biznesmen v\u0259 BDU-nun H\u00fcquq fak\u00fclt\u0259sinin m\u00fc\u0259llimi \u018fr\u0259stun Qas\u0131movun o\u011flu \u018fliyar\u0131n b\u0131\u00e7aqlanmas\u0131 x\u0259b\u0259ri il\u0259 ba\u011fl\u0131 ail\u0259nin v\u0259kili a\u00e7\u0131qlama verib. ARANTV.AZ\u00a0 x\u0259b\u0259r verir ki, v\u0259kil \u0130lqar R\u00fcst\u0259mov qafqazinfo-ya a\u00e7\u0131qlamas\u0131nda bildirib ki, bundan \u00f6nc\u0259 yay\u0131mlanan yaz\u0131da b\u0259zi m\u0259lumatlar yanl\u0131\u015f qeyd olunub. V\u0259kil bildirib ki, bu i\u015fd\u0259 bir yox, iki z\u0259r\u0259r\u00e7\u0259kmi\u015f var. Bel\u0259 ki, dig\u0259r \u015f\u0259xs Sabir Tarverdiyevdir.&hellip;","_links":{"self":[{"href":"https:\/\/arantv.az\/index.php?rest_route=\/wp\/v2\/posts\/87495"}],"collection":[{"href":"https:\/\/arantv.az\/index.php?rest_route=\/wp\/v2\/posts"}],"about":[{"href":"https:\/\/arantv.az\/index.php?rest_route=\/wp\/v2\/types\/post"}],"author":[{"embeddable":true,"href":"https:\/\/arantv.az\/index.php?rest_route=\/wp\/v2\/users\/2"}],"replies":[{"embeddable":true,"href":"https:\/\/arantv.az\/index.php?rest_route=%2Fwp%2Fv2%2Fcomments&post=87495"}],"version-history":[{"count":0,"href":"https:\/\/arantv.az\/index.php?rest_route=\/wp\/v2\/posts\/87495\/revisions"}],"wp:featuredmedia":[{"embeddable":true,"href":"https:\/\/arantv.az\/index.php?rest_route=\/wp\/v2\/media\/87496"}],"wp:attachment":[{"href":"https:\/\/arantv.az\/index.php?rest_route=%2Fwp%2Fv2%2Fmedia&parent=87495"}],"wp:term":[{"taxonomy":"category","embeddable":true,"href":"https:\/\/arantv.az\/index.php?rest_route=%2Fwp%2Fv2%2Fcategories&post=87495"},{"taxonomy":"post_tag","embeddable":true,"href":"https:\/\/arantv.az\/index.php?rest_route=%2Fwp%2Fv2%2Ftags&post=87495"}],"curies":[{"name":"wp","href":"https:\/\/api.w.org\/{rel}","templated":true}]}}