{"id":87592,"date":"2019-10-21T13:45:16","date_gmt":"2019-10-21T10:45:16","guid":{"rendered":"http:\/\/arantv.az\/?p=87592"},"modified":"2019-10-21T13:45:16","modified_gmt":"2019-10-21T10:45:16","slug":"komit%c9%99-s%c9%99dri-huquq-muhafiz%c9%99-orqanlari-qanunsuz-aksiya-zamani-adekvat-davraniblar","status":"publish","type":"post","link":"https:\/\/arantv.az\/?p=87592","title":{"rendered":"Komit\u0259 s\u0259dri: &#8220;H\u00fcquq-m\u00fchafiz\u0259 orqanlar\u0131 qanunsuz aksiya zaman\u0131 adekvat davran\u0131blar&#8221;"},"content":{"rendered":"<blockquote><p><em><strong>Az\u0259rbaycan Prezidenti \u0130lham \u018fliyevin h\u0259yata ke\u00e7irdiyi siyas\u0259t xalq\u0131n ist\u0259kl\u0259ri il\u0259 \u00fcst-\u00fcst\u0259 d\u00fc\u015f\u00fcr.<\/strong><\/em><\/p><\/blockquote>\n<p><strong>ARANTV.AZ<\/strong>\u00a0\u00a0<a href=\"https:\/\/az.trend.az\/\" target=\"_blank\" rel=\"noopener\">Trend<\/a>-\u0259 istinad\u0259n x\u0259b\u0259r verir ki, bunu Milli M\u0259clisin H\u00fcquq siyas\u0259ti v\u0259 d\u00f6vl\u0259t quruculu\u011fu komit\u0259sinin s\u0259dri \u018fli H\u00fcseynli deyib.<\/p>\n<p>O bildirib ki, \u00f6lk\u0259mizd\u0259 xalq-iqtidar birliyi m\u00f6hk\u0259m dayaqlara s\u00f6yk\u0259nir:<\/p>\n<p>&#8220;M\u0259hz bel\u0259 bir birliy\u0259 x\u0259l\u0259l g\u0259tirm\u0259k m\u0259qs\u0259dil\u0259 \u00f6lk\u0259 daxilind\u0259ki radikal m\u00fcxalif\u0259t, xaricd\u0259 is\u0259 bir s\u0131ra q\u00fcvv\u0259l\u0259rin f\u0259aliyy\u0259tini qanunsuz aksiyan\u0131n ke\u00e7irilm\u0259sind\u0259 m\u00fc\u015fahid\u0259 etdik. Bir m\u00fcdd\u0259t \u0259vv\u0259l &#8220;S\u0259rb\u0259st topla\u015fmaq azadl\u0131\u011f\u0131 haqq\u0131nda&#8221; qanuna d\u0259yi\u015fiklikl\u0259r edilib. Bu qanunda bir s\u0131ra vacib m\u0259s\u0259l\u0259l\u0259ri, o c\u00fcml\u0259d\u0259n s\u0259rb\u0259st topla\u015fmaq h\u00fcququnu h\u0259yata ke\u00e7ir\u0259n insanlar\u0131n h\u00fcquq v\u0259 m\u0259nafel\u0259rinin qorunmas\u0131 m\u0259qs\u0259dil\u0259 bir s\u0131ra m\u0259hdudiyy\u0259tl\u0259r qoyulub. Bu m\u0259hdudiyy\u0259tl\u0259r Avropa \u0130nsan Haqlar\u0131 Konvensiyas\u0131nda m\u00f6vcud olan m\u0259hdudiyy\u0259tl\u0259rdir. Biz onlar\u0131 g\u00f6t\u00fcr\u0259r\u0259k milli qanunvericiliy\u0259 k\u00f6\u00e7\u00fcrm\u00fc\u015f\u00fck&#8221;.<\/p>\n<p>\u018f.H\u00fcseynli vur\u011fulay\u0131b ki, h\u00fcquq-m\u00fchafiz\u0259 orqanlar\u0131 h\u0259qiq\u0259t\u0259n d\u0259 qanunsuz aksiya zaman\u0131 adekvat davran\u0131blar: &#8220;T\u0259\u0259ss\u00fcfl\u0259r olsun ki, Avropa Birliyi \u00f6z\u00fcn\u00fcn qeyri-adekvat m\u00f6vqeyini n\u00fcmayi\u015f etdirib. Avropa Birliyin\u0259 \u00fczv olan \u00f6lk\u0259l\u0259r Fransa v\u0259 \u0130spaniyada son d\u00f6vrl\u0259r qanunsuz toplant\u0131lar zaman\u0131 polisin davran\u0131\u015f\u0131 il\u0259 Az\u0259rbaycan polisinin davran\u0131\u015f\u0131n\u0131 m\u00fcqayis\u0259 etm\u0259k m\u00fcmk\u00fcn deyil. Az\u0259rbaycan polisi i\u011fti\u015fa\u015f c\u0259hdin\u0259, qanunsuz aksiyaya baxmayaraq yen\u0259 d\u0259 \u00e7ox s\u0259br v\u0259 t\u0259mkinl\u0259, qanunauy\u011fun davran\u0131\u015f n\u00fcmayi\u015f etdirib&#8221;.<\/p>\n<p>Komit\u0259 s\u0259dri t\u0259\u0259ss\u00fcfl\u0259 qeyd edib ki, bir s\u0131ra Q\u0259rb t\u0259\u015fkilatlar\u0131n\u0131n, s\u0259firlikl\u0259rinin n\u00fcmay\u0259nd\u0259l\u0259rinin qanunsuz toplant\u0131n\u0131n ke\u00e7irilm\u0259si v\u0259 prosesin m\u00fc\u015fayi\u0259t olunmas\u0131na m\u00fcdaxil\u0259si il\u0259 ba\u011fl\u0131 art\u0131q t\u0259kzibolunmaz s\u00fcbutlar g\u00f6r\u00fcn\u00fcb: &#8220;Hesab edir\u0259m ki, xarici i\u015fl\u0259r orqanlar\u0131m\u0131z xarici \u00f6lk\u0259l\u0259rin burada akkredit\u0259 olunmu\u015f xidm\u0259tl\u0259rin\u0259 bu bar\u0259d\u0259 x\u0259b\u0259rdarl\u0131q etsinl\u0259r. Bu, yolverilm\u0259zdir. \u0130ctimai t\u0259\u015fkilatlar, pe\u015f\u0259 birlikl\u0259rinin d\u0259 bu m\u0259s\u0259l\u0259 il\u0259 ba\u011fl\u0131 m\u00f6vqeyi vacibdir&#8221;.<\/p>\n","protected":false},"excerpt":{"rendered":"<p>Az\u0259rbaycan Prezidenti \u0130lham \u018fliyevin h\u0259yata ke\u00e7irdiyi siyas\u0259t xalq\u0131n ist\u0259kl\u0259ri il\u0259 \u00fcst-\u00fcst\u0259 d\u00fc\u015f\u00fcr. ARANTV.AZ\u00a0\u00a0Trend-\u0259 istinad\u0259n x\u0259b\u0259r verir ki, bunu Milli M\u0259clisin H\u00fcquq siyas\u0259ti v\u0259 d\u00f6vl\u0259t quruculu\u011fu komit\u0259sinin s\u0259dri \u018fli H\u00fcseynli deyib. O bildirib ki, \u00f6lk\u0259mizd\u0259 xalq-iqtidar birliyi m\u00f6hk\u0259m dayaqlara s\u00f6yk\u0259nir: &#8220;M\u0259hz bel\u0259 bir birliy\u0259 x\u0259l\u0259l g\u0259tirm\u0259k m\u0259qs\u0259dil\u0259 \u00f6lk\u0259 daxilind\u0259ki radikal m\u00fcxalif\u0259t, xaricd\u0259 is\u0259 bir s\u0131ra q\u00fcvv\u0259l\u0259rin f\u0259aliyy\u0259tini qanunsuz aksiyan\u0131n ke\u00e7irilm\u0259sind\u0259 m\u00fc\u015fahid\u0259 etdik. Bir m\u00fcdd\u0259t \u0259vv\u0259l &#8220;S\u0259rb\u0259st topla\u015fmaq azadl\u0131\u011f\u0131 haqq\u0131nda&#8221; qanuna d\u0259yi\u015fiklikl\u0259r edilib. Bu qanunda bir s\u0131ra vacib m\u0259s\u0259l\u0259l\u0259ri, o c\u00fcml\u0259d\u0259n s\u0259rb\u0259st topla\u015fmaq h\u00fcququnu h\u0259yata ke\u00e7ir\u0259n insanlar\u0131n h\u00fcquq v\u0259 m\u0259nafel\u0259rinin qorunmas\u0131 m\u0259qs\u0259dil\u0259&hellip;<\/p>\n","protected":false},"author":2,"featured_media":87593,"comment_status":"closed","ping_status":"closed","sticky":false,"template":"","format":"standard","meta":{"om_disable_all_campaigns":false,"_monsterinsights_skip_tracking":false,"_monsterinsights_sitenote_active":false,"_monsterinsights_sitenote_note":"","_monsterinsights_sitenote_category":0},"categories":[19],"tags":[],"aioseo_notices":[],"gutentor_comment":0,"rttpg_featured_image_url":{"full":["https:\/\/arantv.az\/wp-content\/uploads\/2019\/10\/795891.jpg",800,600,false],"landscape":["https:\/\/arantv.az\/wp-content\/uploads\/2019\/10\/795891.jpg",800,600,false],"portraits":["https:\/\/arantv.az\/wp-content\/uploads\/2019\/10\/795891.jpg",800,600,false],"thumbnail":["https:\/\/arantv.az\/wp-content\/uploads\/2019\/10\/795891-150x150.jpg",150,150,true],"medium":["https:\/\/arantv.az\/wp-content\/uploads\/2019\/10\/795891-300x225.jpg",300,225,true],"large":["https:\/\/arantv.az\/wp-content\/uploads\/2019\/10\/795891.jpg",640,480,false],"1536x1536":["https:\/\/arantv.az\/wp-content\/uploads\/2019\/10\/795891.jpg",800,600,false],"2048x2048":["https:\/\/arantv.az\/wp-content\/uploads\/2019\/10\/795891.jpg",800,600,false],"post-thumbnail":["https:\/\/arantv.az\/wp-content\/uploads\/2019\/10\/795891-240x172.jpg",240,172,true],"advps-thumb-one":["https:\/\/arantv.az\/wp-content\/uploads\/2019\/10\/795891.jpg",800,600,false]},"rttpg_author":{"display_name":"V\u00fcsal Rafiqo\u011flu","author_link":"https:\/\/arantv.az\/?author=2"},"rttpg_comment":0,"rttpg_category":"<a href=\"https:\/\/arantv.az\/?cat=19\" rel=\"category\">G\u00fcnd\u0259m<\/a>","rttpg_excerpt":"Az\u0259rbaycan Prezidenti \u0130lham \u018fliyevin h\u0259yata ke\u00e7irdiyi siyas\u0259t xalq\u0131n ist\u0259kl\u0259ri il\u0259 \u00fcst-\u00fcst\u0259 d\u00fc\u015f\u00fcr. ARANTV.AZ\u00a0\u00a0Trend-\u0259 istinad\u0259n x\u0259b\u0259r verir ki, bunu Milli M\u0259clisin H\u00fcquq siyas\u0259ti v\u0259 d\u00f6vl\u0259t quruculu\u011fu komit\u0259sinin s\u0259dri \u018fli H\u00fcseynli deyib. O bildirib ki, \u00f6lk\u0259mizd\u0259 xalq-iqtidar birliyi m\u00f6hk\u0259m dayaqlara s\u00f6yk\u0259nir: &#8220;M\u0259hz bel\u0259 bir birliy\u0259 x\u0259l\u0259l g\u0259tirm\u0259k m\u0259qs\u0259dil\u0259 \u00f6lk\u0259 daxilind\u0259ki radikal m\u00fcxalif\u0259t, xaricd\u0259 is\u0259 bir s\u0131ra q\u00fcvv\u0259l\u0259rin&hellip;","_links":{"self":[{"href":"https:\/\/arantv.az\/index.php?rest_route=\/wp\/v2\/posts\/87592"}],"collection":[{"href":"https:\/\/arantv.az\/index.php?rest_route=\/wp\/v2\/posts"}],"about":[{"href":"https:\/\/arantv.az\/index.php?rest_route=\/wp\/v2\/types\/post"}],"author":[{"embeddable":true,"href":"https:\/\/arantv.az\/index.php?rest_route=\/wp\/v2\/users\/2"}],"replies":[{"embeddable":true,"href":"https:\/\/arantv.az\/index.php?rest_route=%2Fwp%2Fv2%2Fcomments&post=87592"}],"version-history":[{"count":0,"href":"https:\/\/arantv.az\/index.php?rest_route=\/wp\/v2\/posts\/87592\/revisions"}],"wp:featuredmedia":[{"embeddable":true,"href":"https:\/\/arantv.az\/index.php?rest_route=\/wp\/v2\/media\/87593"}],"wp:attachment":[{"href":"https:\/\/arantv.az\/index.php?rest_route=%2Fwp%2Fv2%2Fmedia&parent=87592"}],"wp:term":[{"taxonomy":"category","embeddable":true,"href":"https:\/\/arantv.az\/index.php?rest_route=%2Fwp%2Fv2%2Fcategories&post=87592"},{"taxonomy":"post_tag","embeddable":true,"href":"https:\/\/arantv.az\/index.php?rest_route=%2Fwp%2Fv2%2Ftags&post=87592"}],"curies":[{"name":"wp","href":"https:\/\/api.w.org\/{rel}","templated":true}]}}