{"id":87612,"date":"2019-10-21T14:17:44","date_gmt":"2019-10-21T11:17:44","guid":{"rendered":"http:\/\/arantv.az\/?p=87612"},"modified":"2019-10-21T14:17:44","modified_gmt":"2019-10-21T11:17:44","slug":"prezident-bu-s%c9%99xsl%c9%99ri-t%c9%99ltif-etdi","status":"publish","type":"post","link":"https:\/\/arantv.az\/?p=87612","title":{"rendered":"Prezident bu \u015f\u0259xsl\u0259ri t\u0259ltif etdi"},"content":{"rendered":"<p>Prezident \u0130lham \u018fliyev \u201cNax\u00e7\u0131van Muxtar Respublikas\u0131nda energetika sah\u0259sind\u0259 \u00e7al\u0131\u015fan \u015f\u0259xsl\u0259rin t\u0259ltif edilm\u0259si haqq\u0131nda\u201d s\u0259r\u0259ncam imzalay\u0131b.<\/p>\n<p><strong>ARANTV.AZ<\/strong> x\u0259b\u0259r verir ki, s\u0259r\u0259ncamla Nax\u00e7\u0131van Muxtar Respublikas\u0131nda energetika sah\u0259sind\u0259 uzunm\u00fcdd\u0259tli s\u0259m\u0259r\u0259li f\u0259aliyy\u0259t g\u00f6st\u0259rdikl\u0259rin\u0259 g\u00f6r\u0259 a\u015fa\u011f\u0131dak\u0131 \u015f\u0259xsl\u0259r t\u0259ltif edilibl\u0259r:<\/p>\n<p><strong>3-c\u00fc d\u0259r\u0259c\u0259li \u201c\u018fm\u0259k\u201d ordeni il\u0259<\/strong><\/p>\n<div id=\"AdviadNativeVideo0\" class=\"AdviadNativeVideo\"><\/div>\n<p>Bayramov Kaz\u0131m Bayram o\u011flu<\/p>\n<p><strong>\u201cT\u0259r\u0259qqi\u201d medal\u0131 il\u0259<\/strong><\/p>\n<p>Abbasov Zakir Allahverdi o\u011flu<\/p>\n<p>Orucov N\u00fcsr\u0259t Oruc o\u011flu.az\u0259rtac<\/p>\n","protected":false},"excerpt":{"rendered":"<p>Prezident \u0130lham \u018fliyev \u201cNax\u00e7\u0131van Muxtar Respublikas\u0131nda energetika sah\u0259sind\u0259 \u00e7al\u0131\u015fan \u015f\u0259xsl\u0259rin t\u0259ltif edilm\u0259si haqq\u0131nda\u201d s\u0259r\u0259ncam imzalay\u0131b. ARANTV.AZ x\u0259b\u0259r verir ki, s\u0259r\u0259ncamla Nax\u00e7\u0131van Muxtar Respublikas\u0131nda energetika sah\u0259sind\u0259 uzunm\u00fcdd\u0259tli s\u0259m\u0259r\u0259li f\u0259aliyy\u0259t g\u00f6st\u0259rdikl\u0259rin\u0259 g\u00f6r\u0259 a\u015fa\u011f\u0131dak\u0131 \u015f\u0259xsl\u0259r t\u0259ltif edilibl\u0259r: 3-c\u00fc d\u0259r\u0259c\u0259li \u201c\u018fm\u0259k\u201d ordeni il\u0259 Bayramov Kaz\u0131m Bayram o\u011flu \u201cT\u0259r\u0259qqi\u201d medal\u0131 il\u0259 Abbasov Zakir Allahverdi o\u011flu Orucov N\u00fcsr\u0259t Oruc o\u011flu.az\u0259rtac<\/p>\n","protected":false},"author":2,"featured_media":87613,"comment_status":"closed","ping_status":"closed","sticky":false,"template":"","format":"standard","meta":{"om_disable_all_campaigns":false,"_monsterinsights_skip_tracking":false,"_monsterinsights_sitenote_active":false,"_monsterinsights_sitenote_note":"","_monsterinsights_sitenote_category":0},"categories":[4],"tags":[],"aioseo_notices":[],"gutentor_comment":0,"rttpg_featured_image_url":{"full":["https:\/\/arantv.az\/wp-content\/uploads\/2019\/10\/1480087439_ilham3-1.jpg",620,390,false],"landscape":["https:\/\/arantv.az\/wp-content\/uploads\/2019\/10\/1480087439_ilham3-1.jpg",620,390,false],"portraits":["https:\/\/arantv.az\/wp-content\/uploads\/2019\/10\/1480087439_ilham3-1.jpg",620,390,false],"thumbnail":["https:\/\/arantv.az\/wp-content\/uploads\/2019\/10\/1480087439_ilham3-1-150x150.jpg",150,150,true],"medium":["https:\/\/arantv.az\/wp-content\/uploads\/2019\/10\/1480087439_ilham3-1-300x189.jpg",300,189,true],"large":["https:\/\/arantv.az\/wp-content\/uploads\/2019\/10\/1480087439_ilham3-1.jpg",620,390,false],"1536x1536":["https:\/\/arantv.az\/wp-content\/uploads\/2019\/10\/1480087439_ilham3-1.jpg",620,390,false],"2048x2048":["https:\/\/arantv.az\/wp-content\/uploads\/2019\/10\/1480087439_ilham3-1.jpg",620,390,false],"post-thumbnail":["https:\/\/arantv.az\/wp-content\/uploads\/2019\/10\/1480087439_ilham3-1-240x172.jpg",240,172,true],"advps-thumb-one":["https:\/\/arantv.az\/wp-content\/uploads\/2019\/10\/1480087439_ilham3-1.jpg",620,390,false]},"rttpg_author":{"display_name":"V\u00fcsal Rafiqo\u011flu","author_link":"https:\/\/arantv.az\/?author=2"},"rttpg_comment":0,"rttpg_category":"<a href=\"https:\/\/arantv.az\/?cat=4\" rel=\"category\">Siyas\u0259t<\/a>","rttpg_excerpt":"Prezident \u0130lham \u018fliyev \u201cNax\u00e7\u0131van Muxtar Respublikas\u0131nda energetika sah\u0259sind\u0259 \u00e7al\u0131\u015fan \u015f\u0259xsl\u0259rin t\u0259ltif edilm\u0259si haqq\u0131nda\u201d s\u0259r\u0259ncam imzalay\u0131b. ARANTV.AZ x\u0259b\u0259r verir ki, s\u0259r\u0259ncamla Nax\u00e7\u0131van Muxtar Respublikas\u0131nda energetika sah\u0259sind\u0259 uzunm\u00fcdd\u0259tli s\u0259m\u0259r\u0259li f\u0259aliyy\u0259t g\u00f6st\u0259rdikl\u0259rin\u0259 g\u00f6r\u0259 a\u015fa\u011f\u0131dak\u0131 \u015f\u0259xsl\u0259r t\u0259ltif edilibl\u0259r: 3-c\u00fc d\u0259r\u0259c\u0259li \u201c\u018fm\u0259k\u201d ordeni il\u0259 Bayramov Kaz\u0131m Bayram o\u011flu \u201cT\u0259r\u0259qqi\u201d medal\u0131 il\u0259 Abbasov Zakir Allahverdi o\u011flu Orucov N\u00fcsr\u0259t Oruc o\u011flu.az\u0259rtac","_links":{"self":[{"href":"https:\/\/arantv.az\/index.php?rest_route=\/wp\/v2\/posts\/87612"}],"collection":[{"href":"https:\/\/arantv.az\/index.php?rest_route=\/wp\/v2\/posts"}],"about":[{"href":"https:\/\/arantv.az\/index.php?rest_route=\/wp\/v2\/types\/post"}],"author":[{"embeddable":true,"href":"https:\/\/arantv.az\/index.php?rest_route=\/wp\/v2\/users\/2"}],"replies":[{"embeddable":true,"href":"https:\/\/arantv.az\/index.php?rest_route=%2Fwp%2Fv2%2Fcomments&post=87612"}],"version-history":[{"count":0,"href":"https:\/\/arantv.az\/index.php?rest_route=\/wp\/v2\/posts\/87612\/revisions"}],"wp:featuredmedia":[{"embeddable":true,"href":"https:\/\/arantv.az\/index.php?rest_route=\/wp\/v2\/media\/87613"}],"wp:attachment":[{"href":"https:\/\/arantv.az\/index.php?rest_route=%2Fwp%2Fv2%2Fmedia&parent=87612"}],"wp:term":[{"taxonomy":"category","embeddable":true,"href":"https:\/\/arantv.az\/index.php?rest_route=%2Fwp%2Fv2%2Fcategories&post=87612"},{"taxonomy":"post_tag","embeddable":true,"href":"https:\/\/arantv.az\/index.php?rest_route=%2Fwp%2Fv2%2Ftags&post=87612"}],"curies":[{"name":"wp","href":"https:\/\/api.w.org\/{rel}","templated":true}]}}