{"id":87620,"date":"2019-10-21T14:19:42","date_gmt":"2019-10-21T11:19:42","guid":{"rendered":"http:\/\/arantv.az\/?p=87620"},"modified":"2019-10-21T14:19:42","modified_gmt":"2019-10-21T11:19:42","slug":"%c9%99rdogan-terrorculari-terrorcu-adlandirmaga-davam-ed%c9%99c%c9%99yik","status":"publish","type":"post","link":"https:\/\/arantv.az\/?p=87620","title":{"rendered":"\u018frdo\u011fan: Terror\u00e7ular\u0131 terror\u00e7u adland\u0131rma\u011fa davam ed\u0259c\u0259yik"},"content":{"rendered":"<p>Ankara Suriya k\u00fcrdl\u0259rinin \u00f6z\u00fcn\u00fcm\u00fcdafi\u0259 q\u00fcvv\u0259l\u0259ri il\u0259 dan\u0131\u015f\u0131qlar aparmaq niyy\u0259tind\u0259 deyil.<\/p>\n<p>\u201c<a href=\"https:\/\/ria.ru\/20191021\/1560021997.html\" target=\"_blank\" rel=\"noopener\">R\u0130A Novosti<\/a>\u201d\u00a0x\u0259b\u0259r verir ki, bunu T\u00fcrkiy\u0259 Prezidenti R\u0259c\u0259b Tayyib \u018frdo\u011fan s\u00f6yl\u0259yib:<\/p>\n<div id=\"AdviadNativeVideo0\" class=\"AdviadNativeVideo\"><\/div>\n<p>\u201cBiz terror\u00e7ular\u0131 terror\u00e7u adland\u0131rma\u011fa davam ed\u0259c\u0259yik. Biz he\u00e7 vaxt &lt;&#8230;&gt; terror t\u0259\u015fkilat\u0131 il\u0259 dan\u0131\u015f\u0131q masas\u0131nda oturmam\u0131\u015f\u0131q \u00a0v\u0259 he\u00e7 vaxt da oturmayaca\u011f\u0131q\u201d.<\/p>\n<p>T\u00fcrkiy\u0259 lideri \u201cBar\u0131\u015f p\u0131nar\u0131\u201d \u0259m\u0259liyyat\u0131n\u0131 g\u00fcnahkarlarla h\u0259mr\u0259ylikd\u0259 q\u0131nayan Q\u0259rb \u00f6lk\u0259l\u0259rini d\u0259 g\u00fcnahland\u0131r\u0131b.<\/p>\n","protected":false},"excerpt":{"rendered":"<p>Ankara Suriya k\u00fcrdl\u0259rinin \u00f6z\u00fcn\u00fcm\u00fcdafi\u0259 q\u00fcvv\u0259l\u0259ri il\u0259 dan\u0131\u015f\u0131qlar aparmaq niyy\u0259tind\u0259 deyil. \u201cR\u0130A Novosti\u201d\u00a0x\u0259b\u0259r verir ki, bunu T\u00fcrkiy\u0259 Prezidenti R\u0259c\u0259b Tayyib \u018frdo\u011fan s\u00f6yl\u0259yib: \u201cBiz terror\u00e7ular\u0131 terror\u00e7u adland\u0131rma\u011fa davam ed\u0259c\u0259yik. Biz he\u00e7 vaxt &lt;&#8230;&gt; terror t\u0259\u015fkilat\u0131 il\u0259 dan\u0131\u015f\u0131q masas\u0131nda oturmam\u0131\u015f\u0131q \u00a0v\u0259 he\u00e7 vaxt da oturmayaca\u011f\u0131q\u201d. T\u00fcrkiy\u0259 lideri \u201cBar\u0131\u015f p\u0131nar\u0131\u201d \u0259m\u0259liyyat\u0131n\u0131 g\u00fcnahkarlarla h\u0259mr\u0259ylikd\u0259 q\u0131nayan Q\u0259rb \u00f6lk\u0259l\u0259rini d\u0259 g\u00fcnahland\u0131r\u0131b.<\/p>\n","protected":false},"author":2,"featured_media":86366,"comment_status":"closed","ping_status":"closed","sticky":false,"template":"","format":"standard","meta":{"om_disable_all_campaigns":false,"_monsterinsights_skip_tracking":false,"_monsterinsights_sitenote_active":false,"_monsterinsights_sitenote_note":"","_monsterinsights_sitenote_category":0},"categories":[7],"tags":[],"aioseo_notices":[],"gutentor_comment":0,"rttpg_featured_image_url":{"full":["https:\/\/arantv.az\/wp-content\/uploads\/2019\/10\/recep-tayyip-erdogan-turkey-against-democracy-1_1531552161-1.jpg",620,386,false],"landscape":["https:\/\/arantv.az\/wp-content\/uploads\/2019\/10\/recep-tayyip-erdogan-turkey-against-democracy-1_1531552161-1.jpg",620,386,false],"portraits":["https:\/\/arantv.az\/wp-content\/uploads\/2019\/10\/recep-tayyip-erdogan-turkey-against-democracy-1_1531552161-1.jpg",620,386,false],"thumbnail":["https:\/\/arantv.az\/wp-content\/uploads\/2019\/10\/recep-tayyip-erdogan-turkey-against-democracy-1_1531552161-1-150x150.jpg",150,150,true],"medium":["https:\/\/arantv.az\/wp-content\/uploads\/2019\/10\/recep-tayyip-erdogan-turkey-against-democracy-1_1531552161-1-300x187.jpg",300,187,true],"large":["https:\/\/arantv.az\/wp-content\/uploads\/2019\/10\/recep-tayyip-erdogan-turkey-against-democracy-1_1531552161-1.jpg",620,386,false],"1536x1536":["https:\/\/arantv.az\/wp-content\/uploads\/2019\/10\/recep-tayyip-erdogan-turkey-against-democracy-1_1531552161-1.jpg",620,386,false],"2048x2048":["https:\/\/arantv.az\/wp-content\/uploads\/2019\/10\/recep-tayyip-erdogan-turkey-against-democracy-1_1531552161-1.jpg",620,386,false],"post-thumbnail":["https:\/\/arantv.az\/wp-content\/uploads\/2019\/10\/recep-tayyip-erdogan-turkey-against-democracy-1_1531552161-1-240x172.jpg",240,172,true],"advps-thumb-one":["https:\/\/arantv.az\/wp-content\/uploads\/2019\/10\/recep-tayyip-erdogan-turkey-against-democracy-1_1531552161-1.jpg",620,386,false]},"rttpg_author":{"display_name":"V\u00fcsal Rafiqo\u011flu","author_link":"https:\/\/arantv.az\/?author=2"},"rttpg_comment":0,"rttpg_category":"<a href=\"https:\/\/arantv.az\/?cat=7\" rel=\"category\">D\u00fcnya<\/a>","rttpg_excerpt":"Ankara Suriya k\u00fcrdl\u0259rinin \u00f6z\u00fcn\u00fcm\u00fcdafi\u0259 q\u00fcvv\u0259l\u0259ri il\u0259 dan\u0131\u015f\u0131qlar aparmaq niyy\u0259tind\u0259 deyil. \u201cR\u0130A Novosti\u201d\u00a0x\u0259b\u0259r verir ki, bunu T\u00fcrkiy\u0259 Prezidenti R\u0259c\u0259b Tayyib \u018frdo\u011fan s\u00f6yl\u0259yib: \u201cBiz terror\u00e7ular\u0131 terror\u00e7u adland\u0131rma\u011fa davam ed\u0259c\u0259yik. Biz he\u00e7 vaxt &lt;&#8230;&gt; terror t\u0259\u015fkilat\u0131 il\u0259 dan\u0131\u015f\u0131q masas\u0131nda oturmam\u0131\u015f\u0131q \u00a0v\u0259 he\u00e7 vaxt da oturmayaca\u011f\u0131q\u201d. T\u00fcrkiy\u0259 lideri \u201cBar\u0131\u015f p\u0131nar\u0131\u201d \u0259m\u0259liyyat\u0131n\u0131 g\u00fcnahkarlarla h\u0259mr\u0259ylikd\u0259 q\u0131nayan Q\u0259rb \u00f6lk\u0259l\u0259rini d\u0259 g\u00fcnahland\u0131r\u0131b.","_links":{"self":[{"href":"https:\/\/arantv.az\/index.php?rest_route=\/wp\/v2\/posts\/87620"}],"collection":[{"href":"https:\/\/arantv.az\/index.php?rest_route=\/wp\/v2\/posts"}],"about":[{"href":"https:\/\/arantv.az\/index.php?rest_route=\/wp\/v2\/types\/post"}],"author":[{"embeddable":true,"href":"https:\/\/arantv.az\/index.php?rest_route=\/wp\/v2\/users\/2"}],"replies":[{"embeddable":true,"href":"https:\/\/arantv.az\/index.php?rest_route=%2Fwp%2Fv2%2Fcomments&post=87620"}],"version-history":[{"count":0,"href":"https:\/\/arantv.az\/index.php?rest_route=\/wp\/v2\/posts\/87620\/revisions"}],"wp:featuredmedia":[{"embeddable":true,"href":"https:\/\/arantv.az\/index.php?rest_route=\/wp\/v2\/media\/86366"}],"wp:attachment":[{"href":"https:\/\/arantv.az\/index.php?rest_route=%2Fwp%2Fv2%2Fmedia&parent=87620"}],"wp:term":[{"taxonomy":"category","embeddable":true,"href":"https:\/\/arantv.az\/index.php?rest_route=%2Fwp%2Fv2%2Fcategories&post=87620"},{"taxonomy":"post_tag","embeddable":true,"href":"https:\/\/arantv.az\/index.php?rest_route=%2Fwp%2Fv2%2Ftags&post=87620"}],"curies":[{"name":"wp","href":"https:\/\/api.w.org\/{rel}","templated":true}]}}