{"id":87628,"date":"2019-10-21T14:25:57","date_gmt":"2019-10-21T11:25:57","guid":{"rendered":"http:\/\/arantv.az\/?p=87628"},"modified":"2019-10-21T14:25:57","modified_gmt":"2019-10-21T11:25:57","slug":"xalqin-formalasmis-fikrini-3-4-d%c9%99l%c9%99duzun-fb-statusu-il%c9%99-d%c9%99yism%c9%99k-olmaz","status":"publish","type":"post","link":"https:\/\/arantv.az\/?p=87628","title":{"rendered":"&#8220;Xalq\u0131n formala\u015fm\u0131\u015f fikrini 3-4 d\u0259l\u0259duzun FB statusu il\u0259 d\u0259yi\u015fm\u0259k olmaz&#8221;"},"content":{"rendered":"<blockquote><p><em><strong>Radikal m\u00fcxalif\u0259tin son aksiyas\u0131, daha d\u0259qiqi bu aksiyaya c\u0259hd a\u00e7\u0131q t\u0259xribatd\u0131r v\u0259 hans\u0131sa m\u0259tb\u0259xl\u0259rd\u0259 haz\u0131rlanm\u0131\u015f &#8220;menyu&#8221;dur.<\/strong><\/em><\/p><\/blockquote>\n<p><strong>ARANTV.AZ<\/strong> bildirir ki, bunu\u00a0<a href=\"http:\/\/sia.az\/\" target=\"_blank\" rel=\"noopener\">S\u0130A<\/a>-ya a\u00e7\u0131qlamas\u0131nda mill\u0259t v\u0259kili El\u015f\u0259n Musayev deyib.<\/p>\n<p>Onun s\u00f6zl\u0259rin\u0259 g\u00f6r\u0259, \u018fli K\u0259rimlinin v\u0259 dig\u0259rl\u0259rinin t\u00f6r\u0259tm\u0259k ist\u0259dikl\u0259ri plan da bu idi ki, h\u0259min qanunsuz, raz\u0131la\u015fd\u0131r\u0131lmam\u0131\u015f aksiya vasit\u0259sil\u0259 \u00f6lk\u0259d\u0259 sabitlik pozulsun, &#8220;qar\u015f\u0131durma, xaos menyusu&#8221; sosial \u015f\u0259b\u0259k\u0259l\u0259r vasit\u0259sil\u0259 xalqa yedirdilsin: &#8220;Amma al\u0131nmad\u0131! N\u00f6vb\u0259ti d\u0259f\u0259 al\u0131nmad\u0131. Biab\u0131r oldular. R\u00fcsvay oldular. Eyn\u0259n g\u00f6zl\u0259nildiyi, proqnoz edildiyi kimi. Bilirsinizmi niy\u0259? \u00c7\u00fcnki xalq, mill\u0259t ay\u0131qd\u0131r, siyasi c\u0259h\u0259td\u0259n tam maarifl\u0259nib. \u00c7\u00fcnki h\u0259min xalq\u0131n yetkin, formala\u015fm\u0131\u015f fikrini hans\u0131sa 3-4 d\u0259l\u0259duzun, siyasi qol\u00e7oma\u011f\u0131n facebook statusu il\u0259 d\u0259yi\u015fm\u0259k olmaz. M\u00fcmk\u00fcn deyil! \u00c7\u00fcnki xalqla Prezident aras\u0131nda m\u00f6hk\u0259m ba\u011f, birlik, etimad var. \u00c7\u00fcnki Az\u0259rbaycan xalq\u0131, v\u0259t\u0259nda\u015f\u0131 kimin kim oldu\u011funu g\u00f6z\u0259l bilir v\u0259 yax\u015f\u0131n\u0131 pisd\u0259n ay\u0131rd el\u0259m\u0259yi bacar\u0131r&#8221;.<\/p>\n<p>E.Musayev onu da bildirib ki, iki g\u00fcnd\u00fcr a\u011fla\u015fma qurublar ki, imkan verilm\u0259di, polis m\u00fcdaxil\u0259 el\u0259di: &#8220;Polis n\u0259 etm\u0259li idi? Xaos t\u0259\u015fviqedicil\u0259rin\u0259 g\u00fcl-\u00e7i\u00e7\u0259k paylamal\u0131 idi? Yoxsa, onlar\u0131 b\u0259h-b\u0259hl\u0259, \u00fcr\u0259kl\u0259, \u015f\u00f6vql\u0259 yuxar\u0131 ba\u015fa ke\u00e7irm\u0259liydi? Ax\u0131 \u00f6nc\u0259d\u0259n elan olunmu\u015fdu ki, d\u00f6vl\u0259t, d\u00f6vl\u0259t\u00e7ilik, ictimai qayda, ictimai \u0259xlaq \u0259leyhin\u0259 olan b\u00fct\u00fcn add\u0131mlar\u0131n qar\u015f\u0131s\u0131 birm\u0259nal\u0131 \u015f\u0259kild\u0259 al\u0131nacaq. M\u00fcxalif\u0259t b\u00fct\u00fcn bunlar\u0131 bil\u0259-bil\u0259 \u015f\u00fcurlu formada niy\u0259 gedirdi cinay\u0259t\u0259? Niy\u0259 &#8220;L\u00f6kbatan t\u0259minat\u0131&#8221; var ik\u0259n, &#8220;28 May qar\u015f\u0131durmas\u0131&#8221; &#8211; variant\u0131 se\u00e7ildi? B\u0259lk\u0259 radikallara veril\u0259n g\u00f6st\u0259ri\u015f, t\u0259limat, trayektoriya bel\u0259 olub? Bu sual ciddi d\u00fc\u015f\u00fcnm\u0259k \u00fc\u00e7\u00fcn \u0259sas deyilmi, \u0259sas vermirmi? 26 ildir eyni qarag\u00fcruh f\u0259aliyy\u0259t, 26 ildir eyni \u015fablonlar, 26 ildir eyni f\u0259ndl\u0259r&#8230; Usanmad\u0131larm\u0131 bunlar? Yorulmad\u0131m\u0131 bunlar? D\u00fcn\u0259nd\u0259n b\u0259ri if\u015fa materiallar\u0131, faktlar\u0131 a\u00e7\u0131qlan\u0131r, mitinq \u00f6nc\u0259si kimin &#8211; kiml\u0259 n\u0259 dan\u0131\u015fd\u0131\u011f\u0131 a\u015fkara \u00e7\u0131xar\u0131l\u0131r. Utan\u0131b yer\u0259 girm\u0259k \u0259v\u0259zin\u0259 h\u0259l\u0259 etiraf edirl\u0259r, t\u0259sdiql\u0259yirl\u0259r. Budurmu m\u00fcxalif\u0259t\u00e7ilik? Budurmu mill\u0259t\u00e7ilik? Budurmu d\u00f6vl\u0259t\u00e7ilik? Onsuzda bitmi\u015fdil\u0259r, onsuzda tarixin arxivin\u0259 \u00e7oxdan g\u00f6m\u00fclm\u00fc\u015fd\u00fcl\u0259r. Son aksiya is\u0259 yerl\u0259rini bir az da d\u0259rin el\u0259di, h\u0259min g\u00f6m\u00fcld\u00fckl\u0259ri yerd\u0259. Batd\u0131lar bu d\u0259f\u0259. Tam yerin dibin\u0259&#8221;.<\/p>\n","protected":false},"excerpt":{"rendered":"<p>Radikal m\u00fcxalif\u0259tin son aksiyas\u0131, daha d\u0259qiqi bu aksiyaya c\u0259hd a\u00e7\u0131q t\u0259xribatd\u0131r v\u0259 hans\u0131sa m\u0259tb\u0259xl\u0259rd\u0259 haz\u0131rlanm\u0131\u015f &#8220;menyu&#8221;dur. ARANTV.AZ bildirir ki, bunu\u00a0S\u0130A-ya a\u00e7\u0131qlamas\u0131nda mill\u0259t v\u0259kili El\u015f\u0259n Musayev deyib. Onun s\u00f6zl\u0259rin\u0259 g\u00f6r\u0259, \u018fli K\u0259rimlinin v\u0259 dig\u0259rl\u0259rinin t\u00f6r\u0259tm\u0259k ist\u0259dikl\u0259ri plan da bu idi ki, h\u0259min qanunsuz, raz\u0131la\u015fd\u0131r\u0131lmam\u0131\u015f aksiya vasit\u0259sil\u0259 \u00f6lk\u0259d\u0259 sabitlik pozulsun, &#8220;qar\u015f\u0131durma, xaos menyusu&#8221; sosial \u015f\u0259b\u0259k\u0259l\u0259r vasit\u0259sil\u0259 xalqa yedirdilsin: &#8220;Amma al\u0131nmad\u0131! N\u00f6vb\u0259ti d\u0259f\u0259 al\u0131nmad\u0131. Biab\u0131r oldular. R\u00fcsvay oldular. Eyn\u0259n g\u00f6zl\u0259nildiyi, proqnoz edildiyi kimi. Bilirsinizmi niy\u0259? \u00c7\u00fcnki xalq, mill\u0259t ay\u0131qd\u0131r, siyasi c\u0259h\u0259td\u0259n tam maarifl\u0259nib. \u00c7\u00fcnki h\u0259min xalq\u0131n yetkin, formala\u015fm\u0131\u015f fikrini hans\u0131sa 3-4 d\u0259l\u0259duzun, siyasi&hellip;<\/p>\n","protected":false},"author":2,"featured_media":87629,"comment_status":"closed","ping_status":"closed","sticky":false,"template":"","format":"standard","meta":{"om_disable_all_campaigns":false,"_monsterinsights_skip_tracking":false,"_monsterinsights_sitenote_active":false,"_monsterinsights_sitenote_note":"","_monsterinsights_sitenote_category":0},"categories":[4],"tags":[],"aioseo_notices":[],"gutentor_comment":0,"rttpg_featured_image_url":{"full":["https:\/\/arantv.az\/wp-content\/uploads\/2019\/10\/795923.jpg",800,600,false],"landscape":["https:\/\/arantv.az\/wp-content\/uploads\/2019\/10\/795923.jpg",800,600,false],"portraits":["https:\/\/arantv.az\/wp-content\/uploads\/2019\/10\/795923.jpg",800,600,false],"thumbnail":["https:\/\/arantv.az\/wp-content\/uploads\/2019\/10\/795923-150x150.jpg",150,150,true],"medium":["https:\/\/arantv.az\/wp-content\/uploads\/2019\/10\/795923-300x225.jpg",300,225,true],"large":["https:\/\/arantv.az\/wp-content\/uploads\/2019\/10\/795923.jpg",640,480,false],"1536x1536":["https:\/\/arantv.az\/wp-content\/uploads\/2019\/10\/795923.jpg",800,600,false],"2048x2048":["https:\/\/arantv.az\/wp-content\/uploads\/2019\/10\/795923.jpg",800,600,false],"post-thumbnail":["https:\/\/arantv.az\/wp-content\/uploads\/2019\/10\/795923-240x172.jpg",240,172,true],"advps-thumb-one":["https:\/\/arantv.az\/wp-content\/uploads\/2019\/10\/795923.jpg",800,600,false]},"rttpg_author":{"display_name":"V\u00fcsal Rafiqo\u011flu","author_link":"https:\/\/arantv.az\/?author=2"},"rttpg_comment":0,"rttpg_category":"<a href=\"https:\/\/arantv.az\/?cat=4\" rel=\"category\">Siyas\u0259t<\/a>","rttpg_excerpt":"Radikal m\u00fcxalif\u0259tin son aksiyas\u0131, daha d\u0259qiqi bu aksiyaya c\u0259hd a\u00e7\u0131q t\u0259xribatd\u0131r v\u0259 hans\u0131sa m\u0259tb\u0259xl\u0259rd\u0259 haz\u0131rlanm\u0131\u015f &#8220;menyu&#8221;dur. ARANTV.AZ bildirir ki, bunu\u00a0S\u0130A-ya a\u00e7\u0131qlamas\u0131nda mill\u0259t v\u0259kili El\u015f\u0259n Musayev deyib. Onun s\u00f6zl\u0259rin\u0259 g\u00f6r\u0259, \u018fli K\u0259rimlinin v\u0259 dig\u0259rl\u0259rinin t\u00f6r\u0259tm\u0259k ist\u0259dikl\u0259ri plan da bu idi ki, h\u0259min qanunsuz, raz\u0131la\u015fd\u0131r\u0131lmam\u0131\u015f aksiya vasit\u0259sil\u0259 \u00f6lk\u0259d\u0259 sabitlik pozulsun, &#8220;qar\u015f\u0131durma, xaos menyusu&#8221; sosial \u015f\u0259b\u0259k\u0259l\u0259r vasit\u0259sil\u0259 xalqa&hellip;","_links":{"self":[{"href":"https:\/\/arantv.az\/index.php?rest_route=\/wp\/v2\/posts\/87628"}],"collection":[{"href":"https:\/\/arantv.az\/index.php?rest_route=\/wp\/v2\/posts"}],"about":[{"href":"https:\/\/arantv.az\/index.php?rest_route=\/wp\/v2\/types\/post"}],"author":[{"embeddable":true,"href":"https:\/\/arantv.az\/index.php?rest_route=\/wp\/v2\/users\/2"}],"replies":[{"embeddable":true,"href":"https:\/\/arantv.az\/index.php?rest_route=%2Fwp%2Fv2%2Fcomments&post=87628"}],"version-history":[{"count":0,"href":"https:\/\/arantv.az\/index.php?rest_route=\/wp\/v2\/posts\/87628\/revisions"}],"wp:featuredmedia":[{"embeddable":true,"href":"https:\/\/arantv.az\/index.php?rest_route=\/wp\/v2\/media\/87629"}],"wp:attachment":[{"href":"https:\/\/arantv.az\/index.php?rest_route=%2Fwp%2Fv2%2Fmedia&parent=87628"}],"wp:term":[{"taxonomy":"category","embeddable":true,"href":"https:\/\/arantv.az\/index.php?rest_route=%2Fwp%2Fv2%2Fcategories&post=87628"},{"taxonomy":"post_tag","embeddable":true,"href":"https:\/\/arantv.az\/index.php?rest_route=%2Fwp%2Fv2%2Ftags&post=87628"}],"curies":[{"name":"wp","href":"https:\/\/api.w.org\/{rel}","templated":true}]}}