{"id":87652,"date":"2019-10-21T14:43:57","date_gmt":"2019-10-21T11:43:57","guid":{"rendered":"http:\/\/arantv.az\/?p=87652"},"modified":"2019-10-21T14:43:57","modified_gmt":"2019-10-21T11:43:57","slug":"hadi-r%c9%99c%c9%99bli-polis%c9%99-gost%c9%99rdikl%c9%99ri-xidm%c9%99t%c9%99-gor%c9%99-t%c9%99s%c9%99kkur-edir%c9%99m","status":"publish","type":"post","link":"https:\/\/arantv.az\/?p=87652","title":{"rendered":"Had\u0131 R\u0259c\u0259bli: &#8220;Polis\u0259 g\u00f6st\u0259rdikl\u0259ri xidm\u0259t\u0259 g\u00f6r\u0259 t\u0259\u015f\u0259kk\u00fcr edir\u0259m&#8221;"},"content":{"rendered":"<p><strong>\u201cPolisl\u0259rin xidm\u0259tini x\u00fcsusi qeyd etm\u0259k ist\u0259yir\u0259m. Onlara t\u0259\u015f\u0259kk\u00fcr edir\u0259m, minn\u0259tdaram ki, f\u0259all\u0131q g\u00f6st\u0259rdil\u0259r\u201d.<\/strong><\/p>\n<p><strong>ARANTV.AZ <\/strong>\u00a0x\u0259b\u0259r verir ki, bunu Milli M\u0259clisin deputat\u0131 Had\u0131 R\u0259c\u0259bli Yeni Az\u0259rbaycan Partiyas\u0131n\u0131n (YAP) \u0130cra Katibliyind\u0259 Ba\u015f nazirin m\u00fcavini \u018fli \u018fhm\u0259dovun r\u0259hb\u0259rliyi il\u0259 Milli \u015euran\u0131n 19 oktyabr qanunsuz aksiya ke\u00e7irm\u0259k c\u0259hdi il\u0259 ba\u011fl\u0131 ke\u00e7iril\u0259n toplant\u0131da s\u0259sl\u0259ndirib.<\/p>\n<p>Deputat bildirib ki, bu mitinql\u0259rin bir m\u0259qs\u0259di var: \u201cHadis\u0259l\u0259rin gedi\u015fi onu g\u00f6st\u0259rdi ki, bu adamlar\u0131n he\u00e7 bir sa\u011flam fikirl\u0259ri yoxdur. Onlar 6 iddia ir\u0259li s\u00fcrd\u00fcl\u0259r ki, biz bu iddalar\u0131n t\u0259tbiqini Az\u0259rbaycan prezidentinin \u00f6z dilind\u0259n e\u015fitmi\u015fik. N\u0259yin davas\u0131 gedirdi? L\u00f6kbatan uzaqd\u0131r, orada mitinq ke\u00e7irm\u0259k ist\u0259mirl\u0259r. Sonra da deyirl\u0259r ki, rayonlardan mitinq\u0259 g\u0259lm\u0259k ist\u0259y\u0259nl\u0259rin qar\u015f\u0131s\u0131n\u0131 al\u0131blar, onlar\u0131 avtobuslardan d\u00fc\u015f\u00fcr\u00fcbl\u0259r, geri qaytar\u0131blar. \u00d6zl\u0259ri \u00f6zl\u0259rini if\u015fa edirl\u0259r. Rayonda mitinq etmirl\u0259r, amma rayonlardan mitinq\u0259 g\u0259l\u0259nl\u0259rin oldu\u011funu deyirl\u0259r. Maraql\u0131 paradoksdur\u201d.<\/p>\n<p>Had\u0131 R\u0259c\u0259bli bildirib ki, mitinqd\u0259 be\u015f y\u00fcz n\u0259f\u0259r i\u015ftirak edirdis\u0259, mediadan min adam var idi: \u201cY\u0259ni g\u00f6st\u0259rildi ki, n\u0259yi ist\u0259yirsiniz, \u00e7\u0259kib g\u00f6st\u0259rin. \u018fslind\u0259 Milli \u015euran\u0131n t\u0259\u015fkili il\u0259 mitinq ke\u00e7irilm\u0259di. Siyasi t\u0259\u015fkilat\u00e7\u0131l\u0131q yox idi. M\u0259i\u015f\u0259t s\u0259viyy\u0259sind\u0259 naraz\u0131l\u0131\u011f\u0131 olan adamlar ordan-burdan g\u0259lib dan\u0131\u015f\u0131rd\u0131lar. Polisl\u0259rin xidm\u0259tini is\u0259 x\u00fcsusi qeyd etm\u0259k ist\u0259yir\u0259m. Onlar\u0131 s\u00f6y\u00fcb t\u0259hqir edirdil\u0259r. M\u0259qs\u0259d polisi c\u0131z\u0131\u011f\u0131ndan \u00e7\u0131xarmaq idi. Lakin polis g\u00f6st\u0259rdi ki, onlar d\u00f6vl\u0259ti m\u00fcdafi\u0259 edirl\u0259r, prezidentin yan\u0131ndad\u0131lar. Bel\u0259 s\u00fcni mitinql\u0259rl\u0259 bizi aldatmaq olmaz. \u018fli K\u0259rimlinin tutulmas\u0131 zaman\u0131 \u0259trafdak\u0131 q\u0131\u015fq\u0131r\u0131qlar bel\u0259 s\u00fcni idi\u201d.Publika.az<\/p>\n","protected":false},"excerpt":{"rendered":"<p>\u201cPolisl\u0259rin xidm\u0259tini x\u00fcsusi qeyd etm\u0259k ist\u0259yir\u0259m. Onlara t\u0259\u015f\u0259kk\u00fcr edir\u0259m, minn\u0259tdaram ki, f\u0259all\u0131q g\u00f6st\u0259rdil\u0259r\u201d. ARANTV.AZ \u00a0x\u0259b\u0259r verir ki, bunu Milli M\u0259clisin deputat\u0131 Had\u0131 R\u0259c\u0259bli Yeni Az\u0259rbaycan Partiyas\u0131n\u0131n (YAP) \u0130cra Katibliyind\u0259 Ba\u015f nazirin m\u00fcavini \u018fli \u018fhm\u0259dovun r\u0259hb\u0259rliyi il\u0259 Milli \u015euran\u0131n 19 oktyabr qanunsuz aksiya ke\u00e7irm\u0259k c\u0259hdi il\u0259 ba\u011fl\u0131 ke\u00e7iril\u0259n toplant\u0131da s\u0259sl\u0259ndirib. Deputat bildirib ki, bu mitinql\u0259rin bir m\u0259qs\u0259di var: \u201cHadis\u0259l\u0259rin gedi\u015fi onu g\u00f6st\u0259rdi ki, bu adamlar\u0131n he\u00e7 bir sa\u011flam fikirl\u0259ri yoxdur. Onlar 6 iddia ir\u0259li s\u00fcrd\u00fcl\u0259r ki, biz bu iddalar\u0131n t\u0259tbiqini Az\u0259rbaycan prezidentinin \u00f6z dilind\u0259n e\u015fitmi\u015fik. N\u0259yin davas\u0131 gedirdi? L\u00f6kbatan uzaqd\u0131r, orada&hellip;<\/p>\n","protected":false},"author":2,"featured_media":87653,"comment_status":"closed","ping_status":"closed","sticky":false,"template":"","format":"standard","meta":{"om_disable_all_campaigns":false,"_monsterinsights_skip_tracking":false,"_monsterinsights_sitenote_active":false,"_monsterinsights_sitenote_note":"","_monsterinsights_sitenote_category":0},"categories":[1],"tags":[],"aioseo_notices":[],"gutentor_comment":0,"rttpg_featured_image_url":{"full":["https:\/\/arantv.az\/wp-content\/uploads\/2019\/10\/hadi-recebli.jpg",800,450,false],"landscape":["https:\/\/arantv.az\/wp-content\/uploads\/2019\/10\/hadi-recebli.jpg",800,450,false],"portraits":["https:\/\/arantv.az\/wp-content\/uploads\/2019\/10\/hadi-recebli.jpg",800,450,false],"thumbnail":["https:\/\/arantv.az\/wp-content\/uploads\/2019\/10\/hadi-recebli-150x150.jpg",150,150,true],"medium":["https:\/\/arantv.az\/wp-content\/uploads\/2019\/10\/hadi-recebli-300x169.jpg",300,169,true],"large":["https:\/\/arantv.az\/wp-content\/uploads\/2019\/10\/hadi-recebli.jpg",640,360,false],"1536x1536":["https:\/\/arantv.az\/wp-content\/uploads\/2019\/10\/hadi-recebli.jpg",800,450,false],"2048x2048":["https:\/\/arantv.az\/wp-content\/uploads\/2019\/10\/hadi-recebli.jpg",800,450,false],"post-thumbnail":["https:\/\/arantv.az\/wp-content\/uploads\/2019\/10\/hadi-recebli-240x172.jpg",240,172,true],"advps-thumb-one":["https:\/\/arantv.az\/wp-content\/uploads\/2019\/10\/hadi-recebli.jpg",800,450,false]},"rttpg_author":{"display_name":"V\u00fcsal Rafiqo\u011flu","author_link":"https:\/\/arantv.az\/?author=2"},"rttpg_comment":0,"rttpg_category":"<a href=\"https:\/\/arantv.az\/?cat=1\" rel=\"category\">C\u0259miyy\u0259t<\/a>","rttpg_excerpt":"\u201cPolisl\u0259rin xidm\u0259tini x\u00fcsusi qeyd etm\u0259k ist\u0259yir\u0259m. Onlara t\u0259\u015f\u0259kk\u00fcr edir\u0259m, minn\u0259tdaram ki, f\u0259all\u0131q g\u00f6st\u0259rdil\u0259r\u201d. ARANTV.AZ \u00a0x\u0259b\u0259r verir ki, bunu Milli M\u0259clisin deputat\u0131 Had\u0131 R\u0259c\u0259bli Yeni Az\u0259rbaycan Partiyas\u0131n\u0131n (YAP) \u0130cra Katibliyind\u0259 Ba\u015f nazirin m\u00fcavini \u018fli \u018fhm\u0259dovun r\u0259hb\u0259rliyi il\u0259 Milli \u015euran\u0131n 19 oktyabr qanunsuz aksiya ke\u00e7irm\u0259k c\u0259hdi il\u0259 ba\u011fl\u0131 ke\u00e7iril\u0259n toplant\u0131da s\u0259sl\u0259ndirib. Deputat bildirib ki, bu mitinql\u0259rin bir&hellip;","_links":{"self":[{"href":"https:\/\/arantv.az\/index.php?rest_route=\/wp\/v2\/posts\/87652"}],"collection":[{"href":"https:\/\/arantv.az\/index.php?rest_route=\/wp\/v2\/posts"}],"about":[{"href":"https:\/\/arantv.az\/index.php?rest_route=\/wp\/v2\/types\/post"}],"author":[{"embeddable":true,"href":"https:\/\/arantv.az\/index.php?rest_route=\/wp\/v2\/users\/2"}],"replies":[{"embeddable":true,"href":"https:\/\/arantv.az\/index.php?rest_route=%2Fwp%2Fv2%2Fcomments&post=87652"}],"version-history":[{"count":0,"href":"https:\/\/arantv.az\/index.php?rest_route=\/wp\/v2\/posts\/87652\/revisions"}],"wp:featuredmedia":[{"embeddable":true,"href":"https:\/\/arantv.az\/index.php?rest_route=\/wp\/v2\/media\/87653"}],"wp:attachment":[{"href":"https:\/\/arantv.az\/index.php?rest_route=%2Fwp%2Fv2%2Fmedia&parent=87652"}],"wp:term":[{"taxonomy":"category","embeddable":true,"href":"https:\/\/arantv.az\/index.php?rest_route=%2Fwp%2Fv2%2Fcategories&post=87652"},{"taxonomy":"post_tag","embeddable":true,"href":"https:\/\/arantv.az\/index.php?rest_route=%2Fwp%2Fv2%2Ftags&post=87652"}],"curies":[{"name":"wp","href":"https:\/\/api.w.org\/{rel}","templated":true}]}}