{"id":87660,"date":"2019-10-21T15:02:12","date_gmt":"2019-10-21T12:02:12","guid":{"rendered":"http:\/\/arantv.az\/?p=87660"},"modified":"2019-10-21T15:02:12","modified_gmt":"2019-10-21T12:02:12","slug":"kobia-az%c9%99rbaycanda-elektron-kommersiyanin-inkisafini-d%c9%99st%c9%99kl%c9%99y%c9%99c%c9%99k","status":"publish","type":"post","link":"https:\/\/arantv.az\/?p=87660","title":{"rendered":"KOB\u0130A Az\u0259rbaycanda elektron kommersiyan\u0131n inki\u015faf\u0131n\u0131 d\u0259st\u0259kl\u0259y\u0259c\u0259k"},"content":{"rendered":"<p>&#8220;Ki\u00e7ik v\u0259 Orta Biznesin \u0130nki\u015faf\u0131 Agentliyi (KOB\u0130A) Az\u0259rbaycanda elektron kommersiyan\u0131n inki\u015faf\u0131nda sahibkarlara m\u00fcvafiq d\u0259st\u0259yi g\u00f6st\u0259r\u0259c\u0259k&#8221;.<\/p>\n<p><strong>ARANTV.AZ<\/strong>\u00a0<a href=\"https:\/\/az.trend.az\/\" target=\"_blank\" rel=\"noopener\">Trend<\/a>-\u0259 istinad\u0259n x\u0259b\u0259r verir ki, bunu KOB\u0130A-n\u0131n \u0130dar\u0259 hey\u0259tinin s\u0259dri Orxan M\u0259mm\u0259dov \u0130kinci Bak\u0131 Elektron Ticar\u0259t Forumunda (BEF-2019) deyib.<\/p>\n<p>Onun s\u00f6zl\u0259rin\u0259 g\u00f6r\u0259, bu, p\u0259rak\u0259nd\u0259 \u0259m\u0259liyyatlarda, o c\u00fcml\u0259d\u0259n, p\u0259rak\u0259nd\u0259 ticar\u0259td\u0259 elektron kommersiyan\u0131n b\u00f6y\u00fck art\u0131m potensial\u0131 n\u0259z\u0259r\u0259 al\u0131nmaqla h\u0259yata ke\u00e7irilir.<\/p>\n<p>O, h\u0259m\u00e7inin, bildirib ki, Agentliyin \u0259sas v\u0259zif\u0259si biznes m\u00fchitinin, nizamlama sistiminin s\u0259m\u0259r\u0259liliyinin art\u0131r\u0131lmas\u0131, sahibkar v\u0259 startaplara d\u0259st\u0259k diapazonunun geni\u015fl\u0259nm\u0259sidir.<\/p>\n","protected":false},"excerpt":{"rendered":"<p>&#8220;Ki\u00e7ik v\u0259 Orta Biznesin \u0130nki\u015faf\u0131 Agentliyi (KOB\u0130A) Az\u0259rbaycanda elektron kommersiyan\u0131n inki\u015faf\u0131nda sahibkarlara m\u00fcvafiq d\u0259st\u0259yi g\u00f6st\u0259r\u0259c\u0259k&#8221;. ARANTV.AZ\u00a0Trend-\u0259 istinad\u0259n x\u0259b\u0259r verir ki, bunu KOB\u0130A-n\u0131n \u0130dar\u0259 hey\u0259tinin s\u0259dri Orxan M\u0259mm\u0259dov \u0130kinci Bak\u0131 Elektron Ticar\u0259t Forumunda (BEF-2019) deyib. Onun s\u00f6zl\u0259rin\u0259 g\u00f6r\u0259, bu, p\u0259rak\u0259nd\u0259 \u0259m\u0259liyyatlarda, o c\u00fcml\u0259d\u0259n, p\u0259rak\u0259nd\u0259 ticar\u0259td\u0259 elektron kommersiyan\u0131n b\u00f6y\u00fck art\u0131m potensial\u0131 n\u0259z\u0259r\u0259 al\u0131nmaqla h\u0259yata ke\u00e7irilir. O, h\u0259m\u00e7inin, bildirib ki, Agentliyin \u0259sas v\u0259zif\u0259si biznes m\u00fchitinin, nizamlama sistiminin s\u0259m\u0259r\u0259liliyinin art\u0131r\u0131lmas\u0131, sahibkar v\u0259 startaplara d\u0259st\u0259k diapazonunun geni\u015fl\u0259nm\u0259sidir.<\/p>\n","protected":false},"author":2,"featured_media":87661,"comment_status":"closed","ping_status":"closed","sticky":false,"template":"","format":"standard","meta":{"om_disable_all_campaigns":false,"_monsterinsights_skip_tracking":false,"_monsterinsights_sitenote_active":false,"_monsterinsights_sitenote_note":"","_monsterinsights_sitenote_category":0},"categories":[1],"tags":[],"aioseo_notices":[],"gutentor_comment":0,"rttpg_featured_image_url":{"full":["https:\/\/arantv.az\/wp-content\/uploads\/2019\/10\/794321.jpg",800,600,false],"landscape":["https:\/\/arantv.az\/wp-content\/uploads\/2019\/10\/794321.jpg",800,600,false],"portraits":["https:\/\/arantv.az\/wp-content\/uploads\/2019\/10\/794321.jpg",800,600,false],"thumbnail":["https:\/\/arantv.az\/wp-content\/uploads\/2019\/10\/794321-150x150.jpg",150,150,true],"medium":["https:\/\/arantv.az\/wp-content\/uploads\/2019\/10\/794321-300x225.jpg",300,225,true],"large":["https:\/\/arantv.az\/wp-content\/uploads\/2019\/10\/794321.jpg",640,480,false],"1536x1536":["https:\/\/arantv.az\/wp-content\/uploads\/2019\/10\/794321.jpg",800,600,false],"2048x2048":["https:\/\/arantv.az\/wp-content\/uploads\/2019\/10\/794321.jpg",800,600,false],"post-thumbnail":["https:\/\/arantv.az\/wp-content\/uploads\/2019\/10\/794321-240x172.jpg",240,172,true],"advps-thumb-one":["https:\/\/arantv.az\/wp-content\/uploads\/2019\/10\/794321.jpg",800,600,false]},"rttpg_author":{"display_name":"V\u00fcsal Rafiqo\u011flu","author_link":"https:\/\/arantv.az\/?author=2"},"rttpg_comment":0,"rttpg_category":"<a href=\"https:\/\/arantv.az\/?cat=1\" rel=\"category\">C\u0259miyy\u0259t<\/a>","rttpg_excerpt":"&#8220;Ki\u00e7ik v\u0259 Orta Biznesin \u0130nki\u015faf\u0131 Agentliyi (KOB\u0130A) Az\u0259rbaycanda elektron kommersiyan\u0131n inki\u015faf\u0131nda sahibkarlara m\u00fcvafiq d\u0259st\u0259yi g\u00f6st\u0259r\u0259c\u0259k&#8221;. ARANTV.AZ\u00a0Trend-\u0259 istinad\u0259n x\u0259b\u0259r verir ki, bunu KOB\u0130A-n\u0131n \u0130dar\u0259 hey\u0259tinin s\u0259dri Orxan M\u0259mm\u0259dov \u0130kinci Bak\u0131 Elektron Ticar\u0259t Forumunda (BEF-2019) deyib. Onun s\u00f6zl\u0259rin\u0259 g\u00f6r\u0259, bu, p\u0259rak\u0259nd\u0259 \u0259m\u0259liyyatlarda, o c\u00fcml\u0259d\u0259n, p\u0259rak\u0259nd\u0259 ticar\u0259td\u0259 elektron kommersiyan\u0131n b\u00f6y\u00fck art\u0131m potensial\u0131 n\u0259z\u0259r\u0259 al\u0131nmaqla h\u0259yata ke\u00e7irilir. O, h\u0259m\u00e7inin,&hellip;","_links":{"self":[{"href":"https:\/\/arantv.az\/index.php?rest_route=\/wp\/v2\/posts\/87660"}],"collection":[{"href":"https:\/\/arantv.az\/index.php?rest_route=\/wp\/v2\/posts"}],"about":[{"href":"https:\/\/arantv.az\/index.php?rest_route=\/wp\/v2\/types\/post"}],"author":[{"embeddable":true,"href":"https:\/\/arantv.az\/index.php?rest_route=\/wp\/v2\/users\/2"}],"replies":[{"embeddable":true,"href":"https:\/\/arantv.az\/index.php?rest_route=%2Fwp%2Fv2%2Fcomments&post=87660"}],"version-history":[{"count":0,"href":"https:\/\/arantv.az\/index.php?rest_route=\/wp\/v2\/posts\/87660\/revisions"}],"wp:featuredmedia":[{"embeddable":true,"href":"https:\/\/arantv.az\/index.php?rest_route=\/wp\/v2\/media\/87661"}],"wp:attachment":[{"href":"https:\/\/arantv.az\/index.php?rest_route=%2Fwp%2Fv2%2Fmedia&parent=87660"}],"wp:term":[{"taxonomy":"category","embeddable":true,"href":"https:\/\/arantv.az\/index.php?rest_route=%2Fwp%2Fv2%2Fcategories&post=87660"},{"taxonomy":"post_tag","embeddable":true,"href":"https:\/\/arantv.az\/index.php?rest_route=%2Fwp%2Fv2%2Ftags&post=87660"}],"curies":[{"name":"wp","href":"https:\/\/api.w.org\/{rel}","templated":true}]}}