{"id":87724,"date":"2019-10-21T16:06:37","date_gmt":"2019-10-21T13:06:37","guid":{"rendered":"http:\/\/arantv.az\/?p=87724"},"modified":"2019-10-21T16:06:37","modified_gmt":"2019-10-21T13:06:37","slug":"prezident-tunzal%c9%99-roya-v%c9%99-miri-yusif%c9%99-xalq-artisti-adi-verdi","status":"publish","type":"post","link":"https:\/\/arantv.az\/?p=87724","title":{"rendered":"Prezident T\u00fcnzal\u0259, R\u00f6ya v\u0259 Miri Yusif\u0259 \u201cXalq artisti\u201d ad\u0131 verdi"},"content":{"rendered":"<p>Prezident Az\u0259rbaycan Respublikas\u0131n\u0131n estrada ifa\u00e7\u0131lar\u0131na \u201cXalq artisti\u201d f\u0259xri ad\u0131n\u0131n verilm\u0259si haqq\u0131nda s\u0259r\u0259ncam\u00a0<a href=\"https:\/\/azertag.az\/xeber\/Azerbaycan_Respublikasinin_estrada_ifachilarina_Xalq_artisti_fexri_adinin_verilmesi_haqqinda__Azerbaycan_Respublikasi_Prezidentinin_Serencami-1345313\" target=\"_blank\" rel=\"noopener\">imzalay\u0131b<\/a>.<\/p>\n<p>S\u0259r\u0259ncama \u0259sas\u0259n,\u00a0Az\u0259rbaycan estradas\u0131n\u0131n inki\u015faf\u0131ndak\u0131 xidm\u0259tl\u0259rin\u0259 g\u00f6r\u0259 a\u015fa\u011f\u0131dak\u0131 \u015f\u0259xsl\u0259r\u0259 \u201cXalq artisti\u201d f\u0259xri ad\u0131 verilir:<\/p>\n<p>A\u011fayeva T\u00fcnzal\u0259 Qabil q\u0131z\u0131<\/p>\n<p>Mirbabayev Mir Yusif Mir Heyd\u0259r o\u011flu<\/p>\n<p>N\u0259c\u0259fova R\u00f6yal\u0259 Yaqub q\u0131z\u0131.<\/p>\n","protected":false},"excerpt":{"rendered":"<p>Prezident Az\u0259rbaycan Respublikas\u0131n\u0131n estrada ifa\u00e7\u0131lar\u0131na \u201cXalq artisti\u201d f\u0259xri ad\u0131n\u0131n verilm\u0259si haqq\u0131nda s\u0259r\u0259ncam\u00a0imzalay\u0131b. S\u0259r\u0259ncama \u0259sas\u0259n,\u00a0Az\u0259rbaycan estradas\u0131n\u0131n inki\u015faf\u0131ndak\u0131 xidm\u0259tl\u0259rin\u0259 g\u00f6r\u0259 a\u015fa\u011f\u0131dak\u0131 \u015f\u0259xsl\u0259r\u0259 \u201cXalq artisti\u201d f\u0259xri ad\u0131 verilir: A\u011fayeva T\u00fcnzal\u0259 Qabil q\u0131z\u0131 Mirbabayev Mir Yusif Mir Heyd\u0259r o\u011flu N\u0259c\u0259fova R\u00f6yal\u0259 Yaqub q\u0131z\u0131.<\/p>\n","protected":false},"author":2,"featured_media":87613,"comment_status":"closed","ping_status":"closed","sticky":false,"template":"","format":"standard","meta":{"om_disable_all_campaigns":false,"_monsterinsights_skip_tracking":false,"_monsterinsights_sitenote_active":false,"_monsterinsights_sitenote_note":"","_monsterinsights_sitenote_category":0},"categories":[4],"tags":[],"aioseo_notices":[],"gutentor_comment":0,"rttpg_featured_image_url":{"full":["https:\/\/arantv.az\/wp-content\/uploads\/2019\/10\/1480087439_ilham3-1.jpg",620,390,false],"landscape":["https:\/\/arantv.az\/wp-content\/uploads\/2019\/10\/1480087439_ilham3-1.jpg",620,390,false],"portraits":["https:\/\/arantv.az\/wp-content\/uploads\/2019\/10\/1480087439_ilham3-1.jpg",620,390,false],"thumbnail":["https:\/\/arantv.az\/wp-content\/uploads\/2019\/10\/1480087439_ilham3-1-150x150.jpg",150,150,true],"medium":["https:\/\/arantv.az\/wp-content\/uploads\/2019\/10\/1480087439_ilham3-1-300x189.jpg",300,189,true],"large":["https:\/\/arantv.az\/wp-content\/uploads\/2019\/10\/1480087439_ilham3-1.jpg",620,390,false],"1536x1536":["https:\/\/arantv.az\/wp-content\/uploads\/2019\/10\/1480087439_ilham3-1.jpg",620,390,false],"2048x2048":["https:\/\/arantv.az\/wp-content\/uploads\/2019\/10\/1480087439_ilham3-1.jpg",620,390,false],"post-thumbnail":["https:\/\/arantv.az\/wp-content\/uploads\/2019\/10\/1480087439_ilham3-1-240x172.jpg",240,172,true],"advps-thumb-one":["https:\/\/arantv.az\/wp-content\/uploads\/2019\/10\/1480087439_ilham3-1.jpg",620,390,false]},"rttpg_author":{"display_name":"V\u00fcsal Rafiqo\u011flu","author_link":"https:\/\/arantv.az\/?author=2"},"rttpg_comment":0,"rttpg_category":"<a href=\"https:\/\/arantv.az\/?cat=4\" rel=\"category\">Siyas\u0259t<\/a>","rttpg_excerpt":"Prezident Az\u0259rbaycan Respublikas\u0131n\u0131n estrada ifa\u00e7\u0131lar\u0131na \u201cXalq artisti\u201d f\u0259xri ad\u0131n\u0131n verilm\u0259si haqq\u0131nda s\u0259r\u0259ncam\u00a0imzalay\u0131b. S\u0259r\u0259ncama \u0259sas\u0259n,\u00a0Az\u0259rbaycan estradas\u0131n\u0131n inki\u015faf\u0131ndak\u0131 xidm\u0259tl\u0259rin\u0259 g\u00f6r\u0259 a\u015fa\u011f\u0131dak\u0131 \u015f\u0259xsl\u0259r\u0259 \u201cXalq artisti\u201d f\u0259xri ad\u0131 verilir: A\u011fayeva T\u00fcnzal\u0259 Qabil q\u0131z\u0131 Mirbabayev Mir Yusif Mir Heyd\u0259r o\u011flu N\u0259c\u0259fova R\u00f6yal\u0259 Yaqub q\u0131z\u0131.","_links":{"self":[{"href":"https:\/\/arantv.az\/index.php?rest_route=\/wp\/v2\/posts\/87724"}],"collection":[{"href":"https:\/\/arantv.az\/index.php?rest_route=\/wp\/v2\/posts"}],"about":[{"href":"https:\/\/arantv.az\/index.php?rest_route=\/wp\/v2\/types\/post"}],"author":[{"embeddable":true,"href":"https:\/\/arantv.az\/index.php?rest_route=\/wp\/v2\/users\/2"}],"replies":[{"embeddable":true,"href":"https:\/\/arantv.az\/index.php?rest_route=%2Fwp%2Fv2%2Fcomments&post=87724"}],"version-history":[{"count":0,"href":"https:\/\/arantv.az\/index.php?rest_route=\/wp\/v2\/posts\/87724\/revisions"}],"wp:featuredmedia":[{"embeddable":true,"href":"https:\/\/arantv.az\/index.php?rest_route=\/wp\/v2\/media\/87613"}],"wp:attachment":[{"href":"https:\/\/arantv.az\/index.php?rest_route=%2Fwp%2Fv2%2Fmedia&parent=87724"}],"wp:term":[{"taxonomy":"category","embeddable":true,"href":"https:\/\/arantv.az\/index.php?rest_route=%2Fwp%2Fv2%2Fcategories&post=87724"},{"taxonomy":"post_tag","embeddable":true,"href":"https:\/\/arantv.az\/index.php?rest_route=%2Fwp%2Fv2%2Ftags&post=87724"}],"curies":[{"name":"wp","href":"https:\/\/api.w.org\/{rel}","templated":true}]}}