{"id":87914,"date":"2019-10-22T11:25:38","date_gmt":"2019-10-22T08:25:38","guid":{"rendered":"http:\/\/arantv.az\/?p=87914"},"modified":"2019-10-22T11:25:38","modified_gmt":"2019-10-22T08:25:38","slug":"siyavus-novruzov-az%c9%99rbaycanda-sabitliyi-pozmaga-c%c9%99hd-ed%c9%99nl%c9%99r-erm%c9%99ni-lobbisi-il%c9%99-baglidir","status":"publish","type":"post","link":"https:\/\/arantv.az\/?p=87914","title":{"rendered":"Siyavu\u015f Novruzov: Az\u0259rbaycanda sabitliyi pozma\u011fa c\u0259hd ed\u0259nl\u0259r erm\u0259ni lobbisi il\u0259 ba\u011fl\u0131d\u0131r"},"content":{"rendered":"<p>Milli M\u0259clisin bu g\u00fcn ke\u00e7iril\u0259n iclas\u0131nda Milli \u015euran\u0131n oktyabr\u0131n 19-da Bak\u0131 metrosunun \u201c28 May\u201d stansiyas\u0131n\u0131n \u00f6n\u00fcnd\u0259 ke\u00e7iril\u0259n qanunsuz aksiyadan dan\u0131\u015f\u0131l\u0131b.<\/p>\n<p><strong>ARANTV.AZ<\/strong>-\u0131n x\u0259b\u0259rin\u0259 g\u00f6r\u0259, parlamentin \u0130ctimai birlikl\u0259r v\u0259 dini qurumlar komit\u0259sinin s\u0259dri Siyavu\u015f Novruzov deyib ki, radikal m\u00fcxalif\u0259t qanunlar\u0131 pozub.<\/p>\n<p>O bildirib ki, mitinq i\u015ftirak\u00e7\u0131lar\u0131 polisl\u0259 qar\u015fdurma yaratma\u011fa c\u0259hd edib.<\/p>\n<div id=\"AdviadNativeVideo0\" class=\"AdviadNativeVideo\"><\/div>\n<p>\u201cH\u00fcquq-m\u00fchafiz\u0259 orqanlar\u0131 t\u0259r\u0259find\u0259n ara\u015fd\u0131rma apar\u0131lmal\u0131d\u0131r. H\u0259r k\u0259s, mill\u0259t v\u0259kill\u0259ri d\u0259\u00a0buna \u00f6z m\u00fcnasib\u0259tini bildirm\u0259lidir\u201d, &#8211; dey\u0259 S.Novruzov \u0259lav\u0259 edib.<\/p>\n<p>O qeyd edib ki, Az\u0259rbaycanda ictimai-siyasi sabitliyi pozma\u011fa c\u0259hd ed\u0259nl\u0259r erm\u0259ni lobbisi il\u0259 ba\u011fl\u0131d\u0131r. Deputat dindarlara da \u00e7a\u011f\u0131r\u0131\u015f edib:<\/p>\n<p>\u201cQibl\u0259sini tan\u0131mayan m\u00fc\u015frikl\u0259rd\u0259n al\u0259t kimi istifad\u0259 edilir. Bunu a\u011falar\u0131 qar\u015f\u0131s\u0131nda etiraf edirl\u0259r. O mitinq\u0259 dindarlar da g\u0259lmi\u015fdi. M\u0259n \u00fcz\u00fcm\u00fc dindarlara tutub soru\u015furam: Sizin f\u0259aliyy\u0259tiniz n\u0259d\u0259n ibar\u0259tdir? Az\u0259rbaycanda m\u0259scidl\u0259r tikilir, m\u0259dr\u0259s\u0259l\u0259r t\u0259min olunur, xalq\u0131n istifad\u0259sin\u0259 verilir.<\/p>\n<p>\u0130ndi 1990-c\u0131 ill\u0259r deyil. Az\u0259rbaycan r\u0259hb\u0259rliyi q\u0259tiyy\u0259tli siyas\u0259t h\u0259yata ke\u00e7ir\u0259r\u0259k \u00f6lk\u0259nin maraqlar\u0131n\u0131 beyn\u0259lxalq t\u0259\u015fkilatlarda, ayr\u0131-ayr\u0131 d\u00f6vl\u0259tl\u0259rd\u0259, beyn\u0259lxalq tribunalarda y\u00fcks\u0259k s\u0259viyy\u0259d\u0259 t\u0259msil edir\u201d. oxu.az<\/p>\n","protected":false},"excerpt":{"rendered":"<p>Milli M\u0259clisin bu g\u00fcn ke\u00e7iril\u0259n iclas\u0131nda Milli \u015euran\u0131n oktyabr\u0131n 19-da Bak\u0131 metrosunun \u201c28 May\u201d stansiyas\u0131n\u0131n \u00f6n\u00fcnd\u0259 ke\u00e7iril\u0259n qanunsuz aksiyadan dan\u0131\u015f\u0131l\u0131b. ARANTV.AZ-\u0131n x\u0259b\u0259rin\u0259 g\u00f6r\u0259, parlamentin \u0130ctimai birlikl\u0259r v\u0259 dini qurumlar komit\u0259sinin s\u0259dri Siyavu\u015f Novruzov deyib ki, radikal m\u00fcxalif\u0259t qanunlar\u0131 pozub. O bildirib ki, mitinq i\u015ftirak\u00e7\u0131lar\u0131 polisl\u0259 qar\u015fdurma yaratma\u011fa c\u0259hd edib. \u201cH\u00fcquq-m\u00fchafiz\u0259 orqanlar\u0131 t\u0259r\u0259find\u0259n ara\u015fd\u0131rma apar\u0131lmal\u0131d\u0131r. H\u0259r k\u0259s, mill\u0259t v\u0259kill\u0259ri d\u0259\u00a0buna \u00f6z m\u00fcnasib\u0259tini bildirm\u0259lidir\u201d, &#8211; dey\u0259 S.Novruzov \u0259lav\u0259 edib. O qeyd edib ki, Az\u0259rbaycanda ictimai-siyasi sabitliyi pozma\u011fa c\u0259hd ed\u0259nl\u0259r erm\u0259ni lobbisi il\u0259 ba\u011fl\u0131d\u0131r. Deputat dindarlara da \u00e7a\u011f\u0131r\u0131\u015f edib: \u201cQibl\u0259sini tan\u0131mayan m\u00fc\u015frikl\u0259rd\u0259n al\u0259t&hellip;<\/p>\n","protected":false},"author":2,"featured_media":87915,"comment_status":"closed","ping_status":"closed","sticky":false,"template":"","format":"standard","meta":{"om_disable_all_campaigns":false,"_monsterinsights_skip_tracking":false,"_monsterinsights_sitenote_active":false,"_monsterinsights_sitenote_note":"","_monsterinsights_sitenote_category":0},"categories":[1],"tags":[],"aioseo_notices":[],"gutentor_comment":0,"rttpg_featured_image_url":{"full":["https:\/\/arantv.az\/wp-content\/uploads\/2019\/10\/ROM0814-1.jpg",620,413,false],"landscape":["https:\/\/arantv.az\/wp-content\/uploads\/2019\/10\/ROM0814-1.jpg",620,413,false],"portraits":["https:\/\/arantv.az\/wp-content\/uploads\/2019\/10\/ROM0814-1.jpg",620,413,false],"thumbnail":["https:\/\/arantv.az\/wp-content\/uploads\/2019\/10\/ROM0814-1-150x150.jpg",150,150,true],"medium":["https:\/\/arantv.az\/wp-content\/uploads\/2019\/10\/ROM0814-1-300x200.jpg",300,200,true],"large":["https:\/\/arantv.az\/wp-content\/uploads\/2019\/10\/ROM0814-1.jpg",620,413,false],"1536x1536":["https:\/\/arantv.az\/wp-content\/uploads\/2019\/10\/ROM0814-1.jpg",620,413,false],"2048x2048":["https:\/\/arantv.az\/wp-content\/uploads\/2019\/10\/ROM0814-1.jpg",620,413,false],"post-thumbnail":["https:\/\/arantv.az\/wp-content\/uploads\/2019\/10\/ROM0814-1-240x172.jpg",240,172,true],"advps-thumb-one":["https:\/\/arantv.az\/wp-content\/uploads\/2019\/10\/ROM0814-1.jpg",620,413,false]},"rttpg_author":{"display_name":"V\u00fcsal Rafiqo\u011flu","author_link":"https:\/\/arantv.az\/?author=2"},"rttpg_comment":0,"rttpg_category":"<a href=\"https:\/\/arantv.az\/?cat=1\" rel=\"category\">C\u0259miyy\u0259t<\/a>","rttpg_excerpt":"Milli M\u0259clisin bu g\u00fcn ke\u00e7iril\u0259n iclas\u0131nda Milli \u015euran\u0131n oktyabr\u0131n 19-da Bak\u0131 metrosunun \u201c28 May\u201d stansiyas\u0131n\u0131n \u00f6n\u00fcnd\u0259 ke\u00e7iril\u0259n qanunsuz aksiyadan dan\u0131\u015f\u0131l\u0131b. ARANTV.AZ-\u0131n x\u0259b\u0259rin\u0259 g\u00f6r\u0259, parlamentin \u0130ctimai birlikl\u0259r v\u0259 dini qurumlar komit\u0259sinin s\u0259dri Siyavu\u015f Novruzov deyib ki, radikal m\u00fcxalif\u0259t qanunlar\u0131 pozub. O bildirib ki, mitinq i\u015ftirak\u00e7\u0131lar\u0131 polisl\u0259 qar\u015fdurma yaratma\u011fa c\u0259hd edib. \u201cH\u00fcquq-m\u00fchafiz\u0259 orqanlar\u0131 t\u0259r\u0259find\u0259n ara\u015fd\u0131rma apar\u0131lmal\u0131d\u0131r. H\u0259r&hellip;","_links":{"self":[{"href":"https:\/\/arantv.az\/index.php?rest_route=\/wp\/v2\/posts\/87914"}],"collection":[{"href":"https:\/\/arantv.az\/index.php?rest_route=\/wp\/v2\/posts"}],"about":[{"href":"https:\/\/arantv.az\/index.php?rest_route=\/wp\/v2\/types\/post"}],"author":[{"embeddable":true,"href":"https:\/\/arantv.az\/index.php?rest_route=\/wp\/v2\/users\/2"}],"replies":[{"embeddable":true,"href":"https:\/\/arantv.az\/index.php?rest_route=%2Fwp%2Fv2%2Fcomments&post=87914"}],"version-history":[{"count":0,"href":"https:\/\/arantv.az\/index.php?rest_route=\/wp\/v2\/posts\/87914\/revisions"}],"wp:featuredmedia":[{"embeddable":true,"href":"https:\/\/arantv.az\/index.php?rest_route=\/wp\/v2\/media\/87915"}],"wp:attachment":[{"href":"https:\/\/arantv.az\/index.php?rest_route=%2Fwp%2Fv2%2Fmedia&parent=87914"}],"wp:term":[{"taxonomy":"category","embeddable":true,"href":"https:\/\/arantv.az\/index.php?rest_route=%2Fwp%2Fv2%2Fcategories&post=87914"},{"taxonomy":"post_tag","embeddable":true,"href":"https:\/\/arantv.az\/index.php?rest_route=%2Fwp%2Fv2%2Ftags&post=87914"}],"curies":[{"name":"wp","href":"https:\/\/api.w.org\/{rel}","templated":true}]}}