{"id":87930,"date":"2019-10-22T11:33:00","date_gmt":"2019-10-22T08:33:00","guid":{"rendered":"http:\/\/arantv.az\/?p=87930"},"modified":"2019-10-22T11:33:00","modified_gmt":"2019-10-22T08:33:00","slug":"ot%c9%99n-gec%c9%99-baki-quba-yolunda-agir-q%c9%99za-olub-3-n%c9%99f%c9%99r-x%c9%99sar%c9%99t-alib-video","status":"publish","type":"post","link":"https:\/\/arantv.az\/?p=87930","title":{"rendered":"\u00d6t\u0259n gec\u0259 Bak\u0131-Quba yolunda a\u011f\u0131r q\u0259za olub &#8211; 3 n\u0259f\u0259r x\u0259sar\u0259t al\u0131b &#8211; V\u0130DEO"},"content":{"rendered":"<p>Gec\u0259 saatlar\u0131nda Bak\u0131-Quba yolunda a\u011f\u0131r yol-n\u0259qliyyat hadis\u0259si ba\u015f verib.<\/p>\n<p><b>ARANTV.AZ\u00a0<\/b>\u00a0Trend-\u0259 istinad\u0259n x\u0259b\u0259r verir ki, q\u0259za X\u0131z\u0131 rayonu, Ya\u015fma k\u0259ndi \u0259razisind\u0259 qeyd\u0259 al\u0131n\u0131b. Bak\u0131 istiqam\u0259tind\u0259 h\u0259r\u0259k\u0259td\u0259 olan 50-CC-997 d\u00f6vl\u0259t qeydiyyat ni\u015fanl\u0131 &#8220;Juquli&#8221; markal\u0131 avtomobil, eyni istiqam\u0259td\u0259 olan y\u00fck ma\u015f\u0131n\u0131 toqqu\u015fub.<\/p>\n<div id=\"AdviadNativeVideo0\" class=\"AdviadNativeVideo\"><\/div>\n<p>&#8220;Qazel&#8221;in s\u00fcr\u00fcc\u00fcs\u00fc F\u00fczuli sakini Rzayev Elb\u0259y \u018fhm\u0259d o\u011flunun bildirdiyin\u0259 g\u00f6r\u0259, o, normal s\u00fcr\u0259tl\u0259 h\u0259r\u0259k\u0259td\u0259 olark\u0259n minik avtomobili ona arxadan \u00e7\u0131rp\u0131l\u0131b. Toqqu\u015fma n\u0259tic\u0259sind\u0259 &#8220;Jiquli&#8221; yol k\u0259nar\u0131na d\u00fc\u015f\u00fcb, avtomobild\u0259 olan iki ki\u015fi v\u0259 bir qad\u0131n m\u00fcxt\u0259lif d\u0259r\u0259c\u0259li x\u0259sar\u0259tl\u0259r alaraq x\u0259st\u0259xanaya \u00e7atd\u0131r\u0131l\u0131blar.<\/p>\n<p>Avtomobild\u0259 olan qad\u0131n, \u015eirvan \u015f\u0259h\u0259r sakini 1982-ci il t\u0259v\u0259ll\u00fcdl\u00fc Salamova S\u0259nub\u0259r \u018fbd\u00fclzar q\u0131z\u0131 qapal\u0131 k\u0259ll\u0259-beyin travmas\u0131, d\u00f6\u015f q\u0259f\u0259si v\u0259 qarn\u0131n k\u00fct travmas\u0131 diaqnozu il\u0259 reanimasiyaya yerl\u0259\u015fdirilib.<\/p>\n<div class=\"embed-responsive embed-responsive-16by9\"><iframe loading=\"lazy\" id=\"nmqembedid\" class=\"embed-responsive-item\" title=\"video player\" src=\"https:\/\/izle.az\/embed\/SymxtbAwszAHAA~~\" width=\"600\" height=\"340\" frameborder=\"0\" scrolling=\"no\" allowfullscreen=\"allowfullscreen\" data-mce-fragment=\"1\"><\/iframe><\/div>\n<div class=\"datespan clearfix\"><\/div>\n","protected":false},"excerpt":{"rendered":"<p>Gec\u0259 saatlar\u0131nda Bak\u0131-Quba yolunda a\u011f\u0131r yol-n\u0259qliyyat hadis\u0259si ba\u015f verib. ARANTV.AZ\u00a0\u00a0Trend-\u0259 istinad\u0259n x\u0259b\u0259r verir ki, q\u0259za X\u0131z\u0131 rayonu, Ya\u015fma k\u0259ndi \u0259razisind\u0259 qeyd\u0259 al\u0131n\u0131b. Bak\u0131 istiqam\u0259tind\u0259 h\u0259r\u0259k\u0259td\u0259 olan 50-CC-997 d\u00f6vl\u0259t qeydiyyat ni\u015fanl\u0131 &#8220;Juquli&#8221; markal\u0131 avtomobil, eyni istiqam\u0259td\u0259 olan y\u00fck ma\u015f\u0131n\u0131 toqqu\u015fub. &#8220;Qazel&#8221;in s\u00fcr\u00fcc\u00fcs\u00fc F\u00fczuli sakini Rzayev Elb\u0259y \u018fhm\u0259d o\u011flunun bildirdiyin\u0259 g\u00f6r\u0259, o, normal s\u00fcr\u0259tl\u0259 h\u0259r\u0259k\u0259td\u0259 olark\u0259n minik avtomobili ona arxadan \u00e7\u0131rp\u0131l\u0131b. Toqqu\u015fma n\u0259tic\u0259sind\u0259 &#8220;Jiquli&#8221; yol k\u0259nar\u0131na d\u00fc\u015f\u00fcb, avtomobild\u0259 olan iki ki\u015fi v\u0259 bir qad\u0131n m\u00fcxt\u0259lif d\u0259r\u0259c\u0259li x\u0259sar\u0259tl\u0259r alaraq x\u0259st\u0259xanaya \u00e7atd\u0131r\u0131l\u0131blar. Avtomobild\u0259 olan qad\u0131n, \u015eirvan \u015f\u0259h\u0259r sakini 1982-ci il t\u0259v\u0259ll\u00fcdl\u00fc Salamova S\u0259nub\u0259r \u018fbd\u00fclzar&hellip;<\/p>\n","protected":false},"author":2,"featured_media":87931,"comment_status":"closed","ping_status":"closed","sticky":false,"template":"","format":"standard","meta":{"om_disable_all_campaigns":false,"_monsterinsights_skip_tracking":false,"_monsterinsights_sitenote_active":false,"_monsterinsights_sitenote_note":"","_monsterinsights_sitenote_category":0},"categories":[5],"tags":[],"aioseo_notices":[],"gutentor_comment":0,"rttpg_featured_image_url":{"full":["https:\/\/arantv.az\/wp-content\/uploads\/2019\/10\/796114.jpg",549,412,false],"landscape":["https:\/\/arantv.az\/wp-content\/uploads\/2019\/10\/796114.jpg",549,412,false],"portraits":["https:\/\/arantv.az\/wp-content\/uploads\/2019\/10\/796114.jpg",549,412,false],"thumbnail":["https:\/\/arantv.az\/wp-content\/uploads\/2019\/10\/796114-150x150.jpg",150,150,true],"medium":["https:\/\/arantv.az\/wp-content\/uploads\/2019\/10\/796114-300x225.jpg",300,225,true],"large":["https:\/\/arantv.az\/wp-content\/uploads\/2019\/10\/796114.jpg",549,412,false],"1536x1536":["https:\/\/arantv.az\/wp-content\/uploads\/2019\/10\/796114.jpg",549,412,false],"2048x2048":["https:\/\/arantv.az\/wp-content\/uploads\/2019\/10\/796114.jpg",549,412,false],"post-thumbnail":["https:\/\/arantv.az\/wp-content\/uploads\/2019\/10\/796114-240x172.jpg",240,172,true],"advps-thumb-one":["https:\/\/arantv.az\/wp-content\/uploads\/2019\/10\/796114.jpg",549,412,false]},"rttpg_author":{"display_name":"V\u00fcsal Rafiqo\u011flu","author_link":"https:\/\/arantv.az\/?author=2"},"rttpg_comment":0,"rttpg_category":"<a href=\"https:\/\/arantv.az\/?cat=5\" rel=\"category\">Hadis\u0259<\/a>","rttpg_excerpt":"Gec\u0259 saatlar\u0131nda Bak\u0131-Quba yolunda a\u011f\u0131r yol-n\u0259qliyyat hadis\u0259si ba\u015f verib. ARANTV.AZ\u00a0\u00a0Trend-\u0259 istinad\u0259n x\u0259b\u0259r verir ki, q\u0259za X\u0131z\u0131 rayonu, Ya\u015fma k\u0259ndi \u0259razisind\u0259 qeyd\u0259 al\u0131n\u0131b. Bak\u0131 istiqam\u0259tind\u0259 h\u0259r\u0259k\u0259td\u0259 olan 50-CC-997 d\u00f6vl\u0259t qeydiyyat ni\u015fanl\u0131 &#8220;Juquli&#8221; markal\u0131 avtomobil, eyni istiqam\u0259td\u0259 olan y\u00fck ma\u015f\u0131n\u0131 toqqu\u015fub. &#8220;Qazel&#8221;in s\u00fcr\u00fcc\u00fcs\u00fc F\u00fczuli sakini Rzayev Elb\u0259y \u018fhm\u0259d o\u011flunun bildirdiyin\u0259 g\u00f6r\u0259, o, normal s\u00fcr\u0259tl\u0259 h\u0259r\u0259k\u0259td\u0259 olark\u0259n minik&hellip;","_links":{"self":[{"href":"https:\/\/arantv.az\/index.php?rest_route=\/wp\/v2\/posts\/87930"}],"collection":[{"href":"https:\/\/arantv.az\/index.php?rest_route=\/wp\/v2\/posts"}],"about":[{"href":"https:\/\/arantv.az\/index.php?rest_route=\/wp\/v2\/types\/post"}],"author":[{"embeddable":true,"href":"https:\/\/arantv.az\/index.php?rest_route=\/wp\/v2\/users\/2"}],"replies":[{"embeddable":true,"href":"https:\/\/arantv.az\/index.php?rest_route=%2Fwp%2Fv2%2Fcomments&post=87930"}],"version-history":[{"count":0,"href":"https:\/\/arantv.az\/index.php?rest_route=\/wp\/v2\/posts\/87930\/revisions"}],"wp:featuredmedia":[{"embeddable":true,"href":"https:\/\/arantv.az\/index.php?rest_route=\/wp\/v2\/media\/87931"}],"wp:attachment":[{"href":"https:\/\/arantv.az\/index.php?rest_route=%2Fwp%2Fv2%2Fmedia&parent=87930"}],"wp:term":[{"taxonomy":"category","embeddable":true,"href":"https:\/\/arantv.az\/index.php?rest_route=%2Fwp%2Fv2%2Fcategories&post=87930"},{"taxonomy":"post_tag","embeddable":true,"href":"https:\/\/arantv.az\/index.php?rest_route=%2Fwp%2Fv2%2Ftags&post=87930"}],"curies":[{"name":"wp","href":"https:\/\/api.w.org\/{rel}","templated":true}]}}