{"id":87934,"date":"2019-10-22T11:34:01","date_gmt":"2019-10-22T08:34:01","guid":{"rendered":"http:\/\/arantv.az\/?p=87934"},"modified":"2019-10-22T11:34:01","modified_gmt":"2019-10-22T08:34:01","slug":"bakida-tanisi-t%c9%99r%c9%99find%c9%99n-bicaqlanan-s%c9%99xs-yalan-danisdi","status":"publish","type":"post","link":"https:\/\/arantv.az\/?p=87934","title":{"rendered":"Bak\u0131da tan\u0131\u015f\u0131 t\u0259r\u0259find\u0259n b\u0131\u00e7aqlanan \u015f\u0259xs yalan dan\u0131\u015fd\u0131"},"content":{"rendered":"<p>Bak\u0131da b\u0131\u00e7aqlanma hadis\u0259si ba\u015f verib.<\/p>\n<p><b>ARANTV.AZ<\/b>-\u0131n unikal.org-a istinad\u0259n m\u0259lumat\u0131na g\u00f6r\u0259, hadis\u0259 paytaxt\u0131n Suraxan\u0131 rayonunda qeyd\u0259 al\u0131n\u0131b. Rayon sakini \u015e\u0259fiyev B\u0259yl\u0259r Xanlar o\u011flu bo\u011faz nahiy\u0259sinin k\u0259silmi\u015f x\u0259sar\u0259ti il\u0259 Kliniki Tibbi M\u0259rk\u0259z\u0259 daxil olub. O, ilkin olaraq y\u0131x\u0131laraq x\u0259sar\u0259t ald\u0131\u011f\u0131n\u0131 bildirib.<\/p>\n<div id=\"AdviadNativeVideo0\" class=\"AdviadNativeVideo\"><\/div>\n<p>H\u00fcquq-m\u00fchafiz\u0259 orqanlar\u0131n\u0131n ara\u015fd\u0131rmas\u0131 n\u0259tic\u0259sind\u0259 B. \u015e\u0259fiyevin yalan dediyi m\u0259lum olub. M\u00fc\u0259yy\u0259n edilib ki, B.\u015e\u0259fiyevi \u0130smay\u0131l adl\u0131 tan\u0131\u015f\u0131 b\u0131\u00e7aqlay\u0131b.<\/p>\n<p>Faktla ba\u011fl\u0131 ara\u015fd\u0131rma apar\u0131l\u0131r.<\/p>\n","protected":false},"excerpt":{"rendered":"<p>Bak\u0131da b\u0131\u00e7aqlanma hadis\u0259si ba\u015f verib. ARANTV.AZ-\u0131n unikal.org-a istinad\u0259n m\u0259lumat\u0131na g\u00f6r\u0259, hadis\u0259 paytaxt\u0131n Suraxan\u0131 rayonunda qeyd\u0259 al\u0131n\u0131b. Rayon sakini \u015e\u0259fiyev B\u0259yl\u0259r Xanlar o\u011flu bo\u011faz nahiy\u0259sinin k\u0259silmi\u015f x\u0259sar\u0259ti il\u0259 Kliniki Tibbi M\u0259rk\u0259z\u0259 daxil olub. O, ilkin olaraq y\u0131x\u0131laraq x\u0259sar\u0259t ald\u0131\u011f\u0131n\u0131 bildirib. H\u00fcquq-m\u00fchafiz\u0259 orqanlar\u0131n\u0131n ara\u015fd\u0131rmas\u0131 n\u0259tic\u0259sind\u0259 B. \u015e\u0259fiyevin yalan dediyi m\u0259lum olub. M\u00fc\u0259yy\u0259n edilib ki, B.\u015e\u0259fiyevi \u0130smay\u0131l adl\u0131 tan\u0131\u015f\u0131 b\u0131\u00e7aqlay\u0131b. Faktla ba\u011fl\u0131 ara\u015fd\u0131rma apar\u0131l\u0131r.<\/p>\n","protected":false},"author":2,"featured_media":87935,"comment_status":"closed","ping_status":"closed","sticky":false,"template":"","format":"standard","meta":{"om_disable_all_campaigns":false,"_monsterinsights_skip_tracking":false,"_monsterinsights_sitenote_active":false,"_monsterinsights_sitenote_note":"","_monsterinsights_sitenote_category":0},"categories":[5],"tags":[],"aioseo_notices":[],"gutentor_comment":0,"rttpg_featured_image_url":{"full":["https:\/\/arantv.az\/wp-content\/uploads\/2019\/10\/59b6a85b41800_krminal.jpg",549,366,false],"landscape":["https:\/\/arantv.az\/wp-content\/uploads\/2019\/10\/59b6a85b41800_krminal.jpg",549,366,false],"portraits":["https:\/\/arantv.az\/wp-content\/uploads\/2019\/10\/59b6a85b41800_krminal.jpg",549,366,false],"thumbnail":["https:\/\/arantv.az\/wp-content\/uploads\/2019\/10\/59b6a85b41800_krminal-150x150.jpg",150,150,true],"medium":["https:\/\/arantv.az\/wp-content\/uploads\/2019\/10\/59b6a85b41800_krminal-300x200.jpg",300,200,true],"large":["https:\/\/arantv.az\/wp-content\/uploads\/2019\/10\/59b6a85b41800_krminal.jpg",549,366,false],"1536x1536":["https:\/\/arantv.az\/wp-content\/uploads\/2019\/10\/59b6a85b41800_krminal.jpg",549,366,false],"2048x2048":["https:\/\/arantv.az\/wp-content\/uploads\/2019\/10\/59b6a85b41800_krminal.jpg",549,366,false],"post-thumbnail":["https:\/\/arantv.az\/wp-content\/uploads\/2019\/10\/59b6a85b41800_krminal-240x172.jpg",240,172,true],"advps-thumb-one":["https:\/\/arantv.az\/wp-content\/uploads\/2019\/10\/59b6a85b41800_krminal.jpg",549,366,false]},"rttpg_author":{"display_name":"V\u00fcsal Rafiqo\u011flu","author_link":"https:\/\/arantv.az\/?author=2"},"rttpg_comment":0,"rttpg_category":"<a href=\"https:\/\/arantv.az\/?cat=5\" rel=\"category\">Hadis\u0259<\/a>","rttpg_excerpt":"Bak\u0131da b\u0131\u00e7aqlanma hadis\u0259si ba\u015f verib. ARANTV.AZ-\u0131n unikal.org-a istinad\u0259n m\u0259lumat\u0131na g\u00f6r\u0259, hadis\u0259 paytaxt\u0131n Suraxan\u0131 rayonunda qeyd\u0259 al\u0131n\u0131b. Rayon sakini \u015e\u0259fiyev B\u0259yl\u0259r Xanlar o\u011flu bo\u011faz nahiy\u0259sinin k\u0259silmi\u015f x\u0259sar\u0259ti il\u0259 Kliniki Tibbi M\u0259rk\u0259z\u0259 daxil olub. O, ilkin olaraq y\u0131x\u0131laraq x\u0259sar\u0259t ald\u0131\u011f\u0131n\u0131 bildirib. H\u00fcquq-m\u00fchafiz\u0259 orqanlar\u0131n\u0131n ara\u015fd\u0131rmas\u0131 n\u0259tic\u0259sind\u0259 B. \u015e\u0259fiyevin yalan dediyi m\u0259lum olub. M\u00fc\u0259yy\u0259n edilib ki, B.\u015e\u0259fiyevi \u0130smay\u0131l adl\u0131&hellip;","_links":{"self":[{"href":"https:\/\/arantv.az\/index.php?rest_route=\/wp\/v2\/posts\/87934"}],"collection":[{"href":"https:\/\/arantv.az\/index.php?rest_route=\/wp\/v2\/posts"}],"about":[{"href":"https:\/\/arantv.az\/index.php?rest_route=\/wp\/v2\/types\/post"}],"author":[{"embeddable":true,"href":"https:\/\/arantv.az\/index.php?rest_route=\/wp\/v2\/users\/2"}],"replies":[{"embeddable":true,"href":"https:\/\/arantv.az\/index.php?rest_route=%2Fwp%2Fv2%2Fcomments&post=87934"}],"version-history":[{"count":0,"href":"https:\/\/arantv.az\/index.php?rest_route=\/wp\/v2\/posts\/87934\/revisions"}],"wp:featuredmedia":[{"embeddable":true,"href":"https:\/\/arantv.az\/index.php?rest_route=\/wp\/v2\/media\/87935"}],"wp:attachment":[{"href":"https:\/\/arantv.az\/index.php?rest_route=%2Fwp%2Fv2%2Fmedia&parent=87934"}],"wp:term":[{"taxonomy":"category","embeddable":true,"href":"https:\/\/arantv.az\/index.php?rest_route=%2Fwp%2Fv2%2Fcategories&post=87934"},{"taxonomy":"post_tag","embeddable":true,"href":"https:\/\/arantv.az\/index.php?rest_route=%2Fwp%2Fv2%2Ftags&post=87934"}],"curies":[{"name":"wp","href":"https:\/\/api.w.org\/{rel}","templated":true}]}}