{"id":87950,"date":"2019-10-22T11:47:13","date_gmt":"2019-10-22T08:47:13","guid":{"rendered":"http:\/\/arantv.az\/?p=87950"},"modified":"2019-10-22T11:47:13","modified_gmt":"2019-10-22T08:47:13","slug":"komit%c9%99-s%c9%99drind%c9%99n-fazil-mustafaya-irad-biz-xalq-artisti-deyilik-ki-instagramda-oturaq","status":"publish","type":"post","link":"https:\/\/arantv.az\/?p=87950","title":{"rendered":"Komit\u0259 s\u0259drind\u0259n Fazil Mustafaya irad: Biz Xalq artisti deyilik ki, \u201cInstagram\u201dda oturaq?!"},"content":{"rendered":"<p>Milli M\u0259clisin \u0130ctimai birlikl\u0259r v\u0259 dini qurumlar komit\u0259sinin s\u0259dri Siyavu\u015f Novruzov parlamentin iclas\u0131nda h\u0259mkar\u0131 Fazil Mustafan\u0131n m\u0259tbuatda s\u0259sl\u0259ndirdiyi fikirl\u0259ri s\u0259rt t\u0259nqid edib.<\/p>\n<p><b>ARANTV.AZ<\/b>-\u0131n m\u0259lumat\u0131na g\u00f6r\u0259, deputat bildirib ki, b\u0259zil\u0259ri gec\u0259-g\u00fcnd\u00fcz f\u0259aliyy\u0259t g\u00f6st\u0259r\u0259n Milli M\u0259clis v\u0259 deputatlar haqq\u0131nda fikir bildirirl\u0259r:<\/p>\n<p>\u201cH\u00f6rm\u0259tli Fazil m\u00fc\u0259llim m\u00fcsahib\u0259 verir, deyir ki, islahat Milli M\u0259clisd\u0259n ba\u015flamal\u0131d\u0131r. Bunu sosial \u015f\u0259b\u0259k\u0259d\u0259ki f\u0259aliyy\u0259tl\u0259 ba\u011fl\u0131 dan\u0131\u015fark\u0259n bildirib. Hans\u0131 birinizin sosial \u015f\u0259b\u0259k\u0259d\u0259 i\u015fl\u0259m\u0259yiniz\u0259 bir s\u00f6z deyilib?! Ham\u0131n\u0131n \u201cFacebook\u201d, \u201cTvitter\u201di var. Kim\u0259 mane\u00e7ilik t\u00f6r\u0259dilib? Burada media n\u00fcmay\u0259nd\u0259l\u0259ri d\u0259 i\u015ftirak edir. Mediaya kims\u0259 r\u0259hb\u0259rlikd\u0259n deyib ki, filank\u0259sin yaz\u0131s\u0131n\u0131 verin,\u00a0filank\u0259sin verm\u0259yin?!\u201d<\/p>\n<div id=\"AdviadNativeVideo0\" class=\"AdviadNativeVideo\"><\/div>\n<p>S.Novruzov qeyd edib ki, xal\u0131 \u00e7atmayan Milli M\u0259clisd\u0259n xal g\u00f6t\u00fcrm\u0259k ist\u0259yir.<\/p>\n<p>\u201cBiz xaricd\u0259 Az\u0259rbaycana qar\u015f\u0131 qarayaxma aparan q\u00fcvv\u0259l\u0259rl\u0259 m\u00fcbariz\u0259 aparaq, yoxsa i\u00e7imizd\u0259 olanlarla?! Biz Xalq artisti deyilik ki, \u201cInstagram\u201dda oturaq?! Milli M\u0259clisin v\u0259zif\u0259si \u00f6z\u00fcn\u00fcn \u015f\u0259xsi maraqlar\u0131n\u0131 t\u0259min etm\u0259k deyil. Kims\u0259 deyir ki, m\u0259s\u0259l\u0259nin ona aidiyy\u0259ti\u00a0yoxdur.<\/p>\n<p>Kimins\u0259 s\u0259viyy\u0259sin\u0259 d\u00fc\u015fm\u0259k ist\u0259mir. Hans\u0131 s\u0259viyy\u0259d\u0259ns\u0259, s\u0259viyy\u0259n\u0259 uy\u011fun cavab ver. H\u0259r bir fikri ir\u0259li s\u00fcr\u0259nd\u0259 \u00f6l\u00e7\u00fcl\u00fc-bi\u00e7ili s\u00f6zl\u0259rl\u0259 onu ifad\u0259 etm\u0259k laz\u0131md\u0131r. Kim hans\u0131 f\u0259aliyy\u0259t g\u00f6st\u0259rm\u0259k ist\u0259yirs\u0259, o f\u0259aliyy\u0259tini d\u0259 g\u00f6st\u0259rir. Az\u0259rbaycanda s\u00f6z, m\u0259tbuat, internet azadl\u0131\u011f\u0131 var\u201d.oxu.az<\/p>\n","protected":false},"excerpt":{"rendered":"<p>Milli M\u0259clisin \u0130ctimai birlikl\u0259r v\u0259 dini qurumlar komit\u0259sinin s\u0259dri Siyavu\u015f Novruzov parlamentin iclas\u0131nda h\u0259mkar\u0131 Fazil Mustafan\u0131n m\u0259tbuatda s\u0259sl\u0259ndirdiyi fikirl\u0259ri s\u0259rt t\u0259nqid edib. ARANTV.AZ-\u0131n m\u0259lumat\u0131na g\u00f6r\u0259, deputat bildirib ki, b\u0259zil\u0259ri gec\u0259-g\u00fcnd\u00fcz f\u0259aliyy\u0259t g\u00f6st\u0259r\u0259n Milli M\u0259clis v\u0259 deputatlar haqq\u0131nda fikir bildirirl\u0259r: \u201cH\u00f6rm\u0259tli Fazil m\u00fc\u0259llim m\u00fcsahib\u0259 verir, deyir ki, islahat Milli M\u0259clisd\u0259n ba\u015flamal\u0131d\u0131r. Bunu sosial \u015f\u0259b\u0259k\u0259d\u0259ki f\u0259aliyy\u0259tl\u0259 ba\u011fl\u0131 dan\u0131\u015fark\u0259n bildirib. Hans\u0131 birinizin sosial \u015f\u0259b\u0259k\u0259d\u0259 i\u015fl\u0259m\u0259yiniz\u0259 bir s\u00f6z deyilib?! Ham\u0131n\u0131n \u201cFacebook\u201d, \u201cTvitter\u201di var. Kim\u0259 mane\u00e7ilik t\u00f6r\u0259dilib? Burada media n\u00fcmay\u0259nd\u0259l\u0259ri d\u0259 i\u015ftirak edir. Mediaya kims\u0259 r\u0259hb\u0259rlikd\u0259n deyib ki, filank\u0259sin yaz\u0131s\u0131n\u0131 verin,\u00a0filank\u0259sin verm\u0259yin?!\u201d S.Novruzov qeyd edib&hellip;<\/p>\n","protected":false},"author":2,"featured_media":87951,"comment_status":"closed","ping_status":"closed","sticky":false,"template":"","format":"standard","meta":{"om_disable_all_campaigns":false,"_monsterinsights_skip_tracking":false,"_monsterinsights_sitenote_active":false,"_monsterinsights_sitenote_note":"","_monsterinsights_sitenote_category":0},"categories":[1],"tags":[],"aioseo_notices":[],"gutentor_comment":0,"rttpg_featured_image_url":{"full":["https:\/\/arantv.az\/wp-content\/uploads\/2019\/10\/FotoJet__1_-removebg-preview-1.jpg",598,418,false],"landscape":["https:\/\/arantv.az\/wp-content\/uploads\/2019\/10\/FotoJet__1_-removebg-preview-1.jpg",598,418,false],"portraits":["https:\/\/arantv.az\/wp-content\/uploads\/2019\/10\/FotoJet__1_-removebg-preview-1.jpg",598,418,false],"thumbnail":["https:\/\/arantv.az\/wp-content\/uploads\/2019\/10\/FotoJet__1_-removebg-preview-1-150x150.jpg",150,150,true],"medium":["https:\/\/arantv.az\/wp-content\/uploads\/2019\/10\/FotoJet__1_-removebg-preview-1-300x210.jpg",300,210,true],"large":["https:\/\/arantv.az\/wp-content\/uploads\/2019\/10\/FotoJet__1_-removebg-preview-1.jpg",598,418,false],"1536x1536":["https:\/\/arantv.az\/wp-content\/uploads\/2019\/10\/FotoJet__1_-removebg-preview-1.jpg",598,418,false],"2048x2048":["https:\/\/arantv.az\/wp-content\/uploads\/2019\/10\/FotoJet__1_-removebg-preview-1.jpg",598,418,false],"post-thumbnail":["https:\/\/arantv.az\/wp-content\/uploads\/2019\/10\/FotoJet__1_-removebg-preview-1-240x172.jpg",240,172,true],"advps-thumb-one":["https:\/\/arantv.az\/wp-content\/uploads\/2019\/10\/FotoJet__1_-removebg-preview-1.jpg",598,418,false]},"rttpg_author":{"display_name":"V\u00fcsal Rafiqo\u011flu","author_link":"https:\/\/arantv.az\/?author=2"},"rttpg_comment":0,"rttpg_category":"<a href=\"https:\/\/arantv.az\/?cat=1\" rel=\"category\">C\u0259miyy\u0259t<\/a>","rttpg_excerpt":"Milli M\u0259clisin \u0130ctimai birlikl\u0259r v\u0259 dini qurumlar komit\u0259sinin s\u0259dri Siyavu\u015f Novruzov parlamentin iclas\u0131nda h\u0259mkar\u0131 Fazil Mustafan\u0131n m\u0259tbuatda s\u0259sl\u0259ndirdiyi fikirl\u0259ri s\u0259rt t\u0259nqid edib. ARANTV.AZ-\u0131n m\u0259lumat\u0131na g\u00f6r\u0259, deputat bildirib ki, b\u0259zil\u0259ri gec\u0259-g\u00fcnd\u00fcz f\u0259aliyy\u0259t g\u00f6st\u0259r\u0259n Milli M\u0259clis v\u0259 deputatlar haqq\u0131nda fikir bildirirl\u0259r: \u201cH\u00f6rm\u0259tli Fazil m\u00fc\u0259llim m\u00fcsahib\u0259 verir, deyir ki, islahat Milli M\u0259clisd\u0259n ba\u015flamal\u0131d\u0131r. Bunu sosial \u015f\u0259b\u0259k\u0259d\u0259ki f\u0259aliyy\u0259tl\u0259 ba\u011fl\u0131&hellip;","_links":{"self":[{"href":"https:\/\/arantv.az\/index.php?rest_route=\/wp\/v2\/posts\/87950"}],"collection":[{"href":"https:\/\/arantv.az\/index.php?rest_route=\/wp\/v2\/posts"}],"about":[{"href":"https:\/\/arantv.az\/index.php?rest_route=\/wp\/v2\/types\/post"}],"author":[{"embeddable":true,"href":"https:\/\/arantv.az\/index.php?rest_route=\/wp\/v2\/users\/2"}],"replies":[{"embeddable":true,"href":"https:\/\/arantv.az\/index.php?rest_route=%2Fwp%2Fv2%2Fcomments&post=87950"}],"version-history":[{"count":0,"href":"https:\/\/arantv.az\/index.php?rest_route=\/wp\/v2\/posts\/87950\/revisions"}],"wp:featuredmedia":[{"embeddable":true,"href":"https:\/\/arantv.az\/index.php?rest_route=\/wp\/v2\/media\/87951"}],"wp:attachment":[{"href":"https:\/\/arantv.az\/index.php?rest_route=%2Fwp%2Fv2%2Fmedia&parent=87950"}],"wp:term":[{"taxonomy":"category","embeddable":true,"href":"https:\/\/arantv.az\/index.php?rest_route=%2Fwp%2Fv2%2Fcategories&post=87950"},{"taxonomy":"post_tag","embeddable":true,"href":"https:\/\/arantv.az\/index.php?rest_route=%2Fwp%2Fv2%2Ftags&post=87950"}],"curies":[{"name":"wp","href":"https:\/\/api.w.org\/{rel}","templated":true}]}}