{"id":87959,"date":"2019-10-22T12:09:49","date_gmt":"2019-10-22T09:09:49","guid":{"rendered":"http:\/\/arantv.az\/?p=87959"},"modified":"2019-10-22T12:09:49","modified_gmt":"2019-10-22T09:09:49","slug":"partiyasiz-deputatlari-msk-da-o-t%c9%99msil-ed%c9%99c%c9%99k","status":"publish","type":"post","link":"https:\/\/arantv.az\/?p=87959","title":{"rendered":"Partiyas\u0131z deputatlar\u0131 MSK-da o t\u0259msil ed\u0259c\u0259k"},"content":{"rendered":"<p>Parlamentin bu g\u00fcn ke\u00e7iril\u0259n iclas\u0131nda Milli M\u0259clisin he\u00e7 bir siyasi partiyaya m\u0259nsub olmayan deputatlar\u0131n\u0131 M\u0259rk\u0259zi Se\u00e7ki Komissiyas\u0131nda t\u0259msil ed\u0259c\u0259k R\u00f6vz\u0259t Qas\u0131movun namiz\u0259dliyi m\u00fczakir\u0259y\u0259 \u00e7\u0131xar\u0131l\u0131b.<\/p>\n<p><b>ARANTV.AZ\u00a0\u00a0<\/b>x\u0259b\u0259r verir ki, m\u0259s\u0259l\u0259 s\u0259s\u0259 qoyularaq q\u0259bul edilib.<\/p>\n<div id=\"AdviadNativeVideo0\" class=\"AdviadNativeVideo\"><\/div>\n<p>Qeyd ed\u0259k ki, prosedur Se\u00e7ki M\u0259c\u0259ll\u0259sinin 24-c\u00fc madd\u0259sin\u0259 uy\u011fun olaraq h\u0259yata ke\u00e7irilib. oxu.az<\/p>\n","protected":false},"excerpt":{"rendered":"<p>Parlamentin bu g\u00fcn ke\u00e7iril\u0259n iclas\u0131nda Milli M\u0259clisin he\u00e7 bir siyasi partiyaya m\u0259nsub olmayan deputatlar\u0131n\u0131 M\u0259rk\u0259zi Se\u00e7ki Komissiyas\u0131nda t\u0259msil ed\u0259c\u0259k R\u00f6vz\u0259t Qas\u0131movun namiz\u0259dliyi m\u00fczakir\u0259y\u0259 \u00e7\u0131xar\u0131l\u0131b. ARANTV.AZ\u00a0\u00a0x\u0259b\u0259r verir ki, m\u0259s\u0259l\u0259 s\u0259s\u0259 qoyularaq q\u0259bul edilib. Qeyd ed\u0259k ki, prosedur Se\u00e7ki M\u0259c\u0259ll\u0259sinin 24-c\u00fc madd\u0259sin\u0259 uy\u011fun olaraq h\u0259yata ke\u00e7irilib. oxu.az<\/p>\n","protected":false},"author":2,"featured_media":87960,"comment_status":"closed","ping_status":"closed","sticky":false,"template":"","format":"standard","meta":{"om_disable_all_campaigns":false,"_monsterinsights_skip_tracking":false,"_monsterinsights_sitenote_active":false,"_monsterinsights_sitenote_note":"","_monsterinsights_sitenote_category":0},"categories":[19],"tags":[],"aioseo_notices":[],"gutentor_comment":0,"rttpg_featured_image_url":{"full":["https:\/\/arantv.az\/wp-content\/uploads\/2019\/10\/74998377_388971188674837_6693436527696936960_n.jpg",620,412,false],"landscape":["https:\/\/arantv.az\/wp-content\/uploads\/2019\/10\/74998377_388971188674837_6693436527696936960_n.jpg",620,412,false],"portraits":["https:\/\/arantv.az\/wp-content\/uploads\/2019\/10\/74998377_388971188674837_6693436527696936960_n.jpg",620,412,false],"thumbnail":["https:\/\/arantv.az\/wp-content\/uploads\/2019\/10\/74998377_388971188674837_6693436527696936960_n-150x150.jpg",150,150,true],"medium":["https:\/\/arantv.az\/wp-content\/uploads\/2019\/10\/74998377_388971188674837_6693436527696936960_n-300x199.jpg",300,199,true],"large":["https:\/\/arantv.az\/wp-content\/uploads\/2019\/10\/74998377_388971188674837_6693436527696936960_n.jpg",620,412,false],"1536x1536":["https:\/\/arantv.az\/wp-content\/uploads\/2019\/10\/74998377_388971188674837_6693436527696936960_n.jpg",620,412,false],"2048x2048":["https:\/\/arantv.az\/wp-content\/uploads\/2019\/10\/74998377_388971188674837_6693436527696936960_n.jpg",620,412,false],"post-thumbnail":["https:\/\/arantv.az\/wp-content\/uploads\/2019\/10\/74998377_388971188674837_6693436527696936960_n-240x172.jpg",240,172,true],"advps-thumb-one":["https:\/\/arantv.az\/wp-content\/uploads\/2019\/10\/74998377_388971188674837_6693436527696936960_n.jpg",620,412,false]},"rttpg_author":{"display_name":"V\u00fcsal Rafiqo\u011flu","author_link":"https:\/\/arantv.az\/?author=2"},"rttpg_comment":0,"rttpg_category":"<a href=\"https:\/\/arantv.az\/?cat=19\" rel=\"category\">G\u00fcnd\u0259m<\/a>","rttpg_excerpt":"Parlamentin bu g\u00fcn ke\u00e7iril\u0259n iclas\u0131nda Milli M\u0259clisin he\u00e7 bir siyasi partiyaya m\u0259nsub olmayan deputatlar\u0131n\u0131 M\u0259rk\u0259zi Se\u00e7ki Komissiyas\u0131nda t\u0259msil ed\u0259c\u0259k R\u00f6vz\u0259t Qas\u0131movun namiz\u0259dliyi m\u00fczakir\u0259y\u0259 \u00e7\u0131xar\u0131l\u0131b. ARANTV.AZ\u00a0\u00a0x\u0259b\u0259r verir ki, m\u0259s\u0259l\u0259 s\u0259s\u0259 qoyularaq q\u0259bul edilib. Qeyd ed\u0259k ki, prosedur Se\u00e7ki M\u0259c\u0259ll\u0259sinin 24-c\u00fc madd\u0259sin\u0259 uy\u011fun olaraq h\u0259yata ke\u00e7irilib. oxu.az","_links":{"self":[{"href":"https:\/\/arantv.az\/index.php?rest_route=\/wp\/v2\/posts\/87959"}],"collection":[{"href":"https:\/\/arantv.az\/index.php?rest_route=\/wp\/v2\/posts"}],"about":[{"href":"https:\/\/arantv.az\/index.php?rest_route=\/wp\/v2\/types\/post"}],"author":[{"embeddable":true,"href":"https:\/\/arantv.az\/index.php?rest_route=\/wp\/v2\/users\/2"}],"replies":[{"embeddable":true,"href":"https:\/\/arantv.az\/index.php?rest_route=%2Fwp%2Fv2%2Fcomments&post=87959"}],"version-history":[{"count":0,"href":"https:\/\/arantv.az\/index.php?rest_route=\/wp\/v2\/posts\/87959\/revisions"}],"wp:featuredmedia":[{"embeddable":true,"href":"https:\/\/arantv.az\/index.php?rest_route=\/wp\/v2\/media\/87960"}],"wp:attachment":[{"href":"https:\/\/arantv.az\/index.php?rest_route=%2Fwp%2Fv2%2Fmedia&parent=87959"}],"wp:term":[{"taxonomy":"category","embeddable":true,"href":"https:\/\/arantv.az\/index.php?rest_route=%2Fwp%2Fv2%2Fcategories&post=87959"},{"taxonomy":"post_tag","embeddable":true,"href":"https:\/\/arantv.az\/index.php?rest_route=%2Fwp%2Fv2%2Ftags&post=87959"}],"curies":[{"name":"wp","href":"https:\/\/api.w.org\/{rel}","templated":true}]}}