{"id":87963,"date":"2019-10-22T12:10:44","date_gmt":"2019-10-22T09:10:44","guid":{"rendered":"http:\/\/arantv.az\/?p=87963"},"modified":"2019-10-22T12:10:44","modified_gmt":"2019-10-22T09:10:44","slug":"ziyaf%c9%99t-%c9%99sg%c9%99rov-%c9%99li-k%c9%99rimli-bar%c9%99d%c9%99-elcib%c9%99y%c9%99-x%c9%99yan%c9%99t-etmis%c9%99n","status":"publish","type":"post","link":"https:\/\/arantv.az\/?p=87963","title":{"rendered":"Ziyaf\u0259t \u018fsg\u0259rov \u018fli K\u0259rimli bar\u0259d\u0259: El\u00e7ib\u0259y\u0259 x\u0259yan\u0259t etmis\u0259n"},"content":{"rendered":"<p>\u00d6z\u00fcn\u0259 radikal m\u00fcxalif\u0259t dey\u0259n insanlar\u0131n x\u0259yan\u0259t xronikas\u0131na, anatomiyas\u0131na baxanda adam\u0131 d\u0259h\u015f\u0259t b\u00fcr\u00fcy\u00fcr.<\/p>\n<p><b>ARANTV.AZ\u00a0<\/b>x\u0259b\u0259r verir ki, bunu Milli M\u0259clisin iclas\u0131nda parlament s\u0259drinin birinci m\u00fcavini Ziyaf\u0259t \u018fsg\u0259rov deyib.<\/p>\n<p>O bildirib ki, radikal m\u00fcxalif\u0259td\u0259 he\u00e7 bir inki\u015faf yoxdur.<\/p>\n<div id=\"AdviadNativeVideo0\" class=\"AdviadNativeVideo\"><\/div>\n<p>\u201cM\u00fctali\u0259 yox, ba\u015fqa inki\u015faf yox. Ay ki\u015fi, Az\u0259rbaycan kosmik d\u00f6vl\u0259tdir e! Az\u0259rbaycan Avropa Oyunlar\u0131n\u0131 olimpiya oyunlar\u0131 s\u0259viyy\u0259sind\u0259 ke\u00e7irib. Az\u0259rbaycan m\u00f6t\u0259b\u0259r t\u0259dbirl\u0259r\u0259 ev sahibliyi edir\u201d, &#8211; dey\u0259 Z.\u018fsg\u0259rov \u0259lav\u0259 edib.<\/p>\n<p>O qeyd edib ki, Az\u0259rbaycan\u00a0 bundan sonra da inki\u015faf ed\u0259c\u0259k v\u0259 d\u00fcnyan\u0131n \u0259n se\u00e7ilmi\u015f d\u00f6vl\u0259tl\u0259rind\u0259n birin\u0259 \u00e7evril\u0259c\u0259k.<\/p>\n<p>Z.\u018fsg\u0259rov 1992-ci ild\u0259 Az\u0259rbaycan t\u0259r\u0259find\u0259n imzalanm\u0131\u015f M\u00fclki v\u0259 siyasi h\u00fcquqlar haqda pakta toxunub:<\/p>\n<p>\u201c\u018fli K\u0259rimli, bunu sizin d\u0131rnaqaras\u0131 sevgi b\u0259sl\u0259diyiniz \u018fb\u00fclf\u0259z El\u00e7ib\u0259y imzalay\u0131b. Siz \u018fb\u00fclf\u0259z El\u00e7ib\u0259y\u0259 d\u0259 x\u0259yan\u0259t etmisiniz. Onlar bilirl\u0259r ki, metronun 200 metr yax\u0131nl\u0131\u011f\u0131nda aksiya ke\u00e7irm\u0259k olmaz. Deyirl\u0259r ki, biz hakimiyy\u0259t\u0259 qar\u015f\u0131 y\u00fcr\u00fc\u015f\u0259 ke\u00e7irik. \u018f s\u0259n kims\u0259n e, hakimiyy\u0259t orqanlar\u0131na qar\u015f\u0131 y\u00fcr\u00fc\u015f\u0259 \u00e7\u0131x\u0131rsan?!\u201doxu.az<\/p>\n","protected":false},"excerpt":{"rendered":"<p>\u00d6z\u00fcn\u0259 radikal m\u00fcxalif\u0259t dey\u0259n insanlar\u0131n x\u0259yan\u0259t xronikas\u0131na, anatomiyas\u0131na baxanda adam\u0131 d\u0259h\u015f\u0259t b\u00fcr\u00fcy\u00fcr. ARANTV.AZ\u00a0x\u0259b\u0259r verir ki, bunu Milli M\u0259clisin iclas\u0131nda parlament s\u0259drinin birinci m\u00fcavini Ziyaf\u0259t \u018fsg\u0259rov deyib. O bildirib ki, radikal m\u00fcxalif\u0259td\u0259 he\u00e7 bir inki\u015faf yoxdur. \u201cM\u00fctali\u0259 yox, ba\u015fqa inki\u015faf yox. Ay ki\u015fi, Az\u0259rbaycan kosmik d\u00f6vl\u0259tdir e! Az\u0259rbaycan Avropa Oyunlar\u0131n\u0131 olimpiya oyunlar\u0131 s\u0259viyy\u0259sind\u0259 ke\u00e7irib. Az\u0259rbaycan m\u00f6t\u0259b\u0259r t\u0259dbirl\u0259r\u0259 ev sahibliyi edir\u201d, &#8211; dey\u0259 Z.\u018fsg\u0259rov \u0259lav\u0259 edib. O qeyd edib ki, Az\u0259rbaycan\u00a0 bundan sonra da inki\u015faf ed\u0259c\u0259k v\u0259 d\u00fcnyan\u0131n \u0259n se\u00e7ilmi\u015f d\u00f6vl\u0259tl\u0259rind\u0259n birin\u0259 \u00e7evril\u0259c\u0259k. Z.\u018fsg\u0259rov 1992-ci ild\u0259 Az\u0259rbaycan t\u0259r\u0259find\u0259n imzalanm\u0131\u015f M\u00fclki v\u0259 siyasi&hellip;<\/p>\n","protected":false},"author":2,"featured_media":87964,"comment_status":"closed","ping_status":"closed","sticky":false,"template":"","format":"standard","meta":{"om_disable_all_campaigns":false,"_monsterinsights_skip_tracking":false,"_monsterinsights_sitenote_active":false,"_monsterinsights_sitenote_note":"","_monsterinsights_sitenote_category":0},"categories":[4],"tags":[],"aioseo_notices":[],"gutentor_comment":0,"rttpg_featured_image_url":{"full":["https:\/\/arantv.az\/wp-content\/uploads\/2019\/10\/ROMA7510.jpg",620,413,false],"landscape":["https:\/\/arantv.az\/wp-content\/uploads\/2019\/10\/ROMA7510.jpg",620,413,false],"portraits":["https:\/\/arantv.az\/wp-content\/uploads\/2019\/10\/ROMA7510.jpg",620,413,false],"thumbnail":["https:\/\/arantv.az\/wp-content\/uploads\/2019\/10\/ROMA7510-150x150.jpg",150,150,true],"medium":["https:\/\/arantv.az\/wp-content\/uploads\/2019\/10\/ROMA7510-300x200.jpg",300,200,true],"large":["https:\/\/arantv.az\/wp-content\/uploads\/2019\/10\/ROMA7510.jpg",620,413,false],"1536x1536":["https:\/\/arantv.az\/wp-content\/uploads\/2019\/10\/ROMA7510.jpg",620,413,false],"2048x2048":["https:\/\/arantv.az\/wp-content\/uploads\/2019\/10\/ROMA7510.jpg",620,413,false],"post-thumbnail":["https:\/\/arantv.az\/wp-content\/uploads\/2019\/10\/ROMA7510-240x172.jpg",240,172,true],"advps-thumb-one":["https:\/\/arantv.az\/wp-content\/uploads\/2019\/10\/ROMA7510.jpg",620,413,false]},"rttpg_author":{"display_name":"V\u00fcsal Rafiqo\u011flu","author_link":"https:\/\/arantv.az\/?author=2"},"rttpg_comment":0,"rttpg_category":"<a href=\"https:\/\/arantv.az\/?cat=4\" rel=\"category\">Siyas\u0259t<\/a>","rttpg_excerpt":"\u00d6z\u00fcn\u0259 radikal m\u00fcxalif\u0259t dey\u0259n insanlar\u0131n x\u0259yan\u0259t xronikas\u0131na, anatomiyas\u0131na baxanda adam\u0131 d\u0259h\u015f\u0259t b\u00fcr\u00fcy\u00fcr. ARANTV.AZ\u00a0x\u0259b\u0259r verir ki, bunu Milli M\u0259clisin iclas\u0131nda parlament s\u0259drinin birinci m\u00fcavini Ziyaf\u0259t \u018fsg\u0259rov deyib. O bildirib ki, radikal m\u00fcxalif\u0259td\u0259 he\u00e7 bir inki\u015faf yoxdur. \u201cM\u00fctali\u0259 yox, ba\u015fqa inki\u015faf yox. Ay ki\u015fi, Az\u0259rbaycan kosmik d\u00f6vl\u0259tdir e! Az\u0259rbaycan Avropa Oyunlar\u0131n\u0131 olimpiya oyunlar\u0131 s\u0259viyy\u0259sind\u0259 ke\u00e7irib. Az\u0259rbaycan m\u00f6t\u0259b\u0259r&hellip;","_links":{"self":[{"href":"https:\/\/arantv.az\/index.php?rest_route=\/wp\/v2\/posts\/87963"}],"collection":[{"href":"https:\/\/arantv.az\/index.php?rest_route=\/wp\/v2\/posts"}],"about":[{"href":"https:\/\/arantv.az\/index.php?rest_route=\/wp\/v2\/types\/post"}],"author":[{"embeddable":true,"href":"https:\/\/arantv.az\/index.php?rest_route=\/wp\/v2\/users\/2"}],"replies":[{"embeddable":true,"href":"https:\/\/arantv.az\/index.php?rest_route=%2Fwp%2Fv2%2Fcomments&post=87963"}],"version-history":[{"count":0,"href":"https:\/\/arantv.az\/index.php?rest_route=\/wp\/v2\/posts\/87963\/revisions"}],"wp:featuredmedia":[{"embeddable":true,"href":"https:\/\/arantv.az\/index.php?rest_route=\/wp\/v2\/media\/87964"}],"wp:attachment":[{"href":"https:\/\/arantv.az\/index.php?rest_route=%2Fwp%2Fv2%2Fmedia&parent=87963"}],"wp:term":[{"taxonomy":"category","embeddable":true,"href":"https:\/\/arantv.az\/index.php?rest_route=%2Fwp%2Fv2%2Fcategories&post=87963"},{"taxonomy":"post_tag","embeddable":true,"href":"https:\/\/arantv.az\/index.php?rest_route=%2Fwp%2Fv2%2Ftags&post=87963"}],"curies":[{"name":"wp","href":"https:\/\/api.w.org\/{rel}","templated":true}]}}