{"id":87977,"date":"2019-10-22T13:18:35","date_gmt":"2019-10-22T10:18:35","guid":{"rendered":"http:\/\/arantv.az\/?p=87977"},"modified":"2019-10-22T13:18:35","modified_gmt":"2019-10-22T10:18:35","slug":"deputat-budc%c9%99d%c9%99-sisirdilmis-r%c9%99q%c9%99ml%c9%99r%c9%99-qarsi-cixdi","status":"publish","type":"post","link":"https:\/\/arantv.az\/?p=87977","title":{"rendered":"Deputat b\u00fcdc\u0259d\u0259 \u015fi\u015firdilmi\u015f r\u0259q\u0259ml\u0259r\u0259 qar\u015f\u0131 \u00e7\u0131xd\u0131"},"content":{"rendered":"<p>Milli M\u0259clis olaraq Prezident\u0259 d\u0259st\u0259k olmal\u0131y\u0131q ki, b\u00fcdc\u0259 il\u0259 ba\u011fl\u0131 \u015fi\u015firdilmi\u015f r\u0259q\u0259ml\u0259r t\u0259qdim olunmas\u0131n.<\/p>\n<p><b>ARANTV.AZ<\/b>-\u0131n x\u0259b\u0259rin\u0259 g\u00f6r\u0259, bunu Milli M\u0259clisin iclas\u0131nda deputat Q\u00fcdr\u0259t H\u0259s\u0259nquliyev deyib.<\/p>\n<p>O bildirib ki, Hesablama Palatas\u0131 hans\u0131 obyekt\u0259 n\u0259 q\u0259d\u0259r v\u0259sait ayr\u0131lmas\u0131 il\u0259 ba\u011fl\u0131 r\u0259q\u0259ml\u0259ri t\u0259qdim etmir.<\/p>\n<div id=\"AdviadNativeVideo0\" class=\"AdviadNativeVideo\"><\/div>\n<p>Q.H\u0259s\u0259nquliyev \u0259lav\u0259 edib ki, Nazirl\u0259r Kabineti b\u00fcdc\u0259 il\u0259 ba\u011fl\u0131 m\u0259lumatlar\u0131 Milli M\u0259clis\u0259 ver\u0259rk\u0259n parlament buna diqq\u0259tl\u0259 baxmal\u0131d\u0131r.<\/p>\n<p>\u201c\u018fg\u0259r orada laz\u0131mi r\u0259q\u0259ml\u0259r yoxdursa, s\u0259n\u0259di geri qaytarmal\u0131y\u0131q\u201d.<\/p>\n<p>Qeyd ed\u0259k ki, oktyabr\u0131n 15-d\u0259 Prezident yan\u0131nda ke\u00e7iril\u0259n m\u00fc\u015favir\u0259d\u0259 \u00f6lk\u0259 ba\u015f\u00e7\u0131s\u0131 b\u00fcdc\u0259 il\u0259 ba\u011fl\u0131 \u015fi\u015firdilmi\u015f r\u0259q\u0259ml\u0259rd\u0259n dan\u0131\u015f\u0131b.<\/p>\n<p>\u201cH\u0259r ilin sonunda b\u00fcdc\u0259 m\u00fczakir\u0259 olunark\u0259n, sifari\u015fl\u0259r g\u00f6nd\u0259rirl\u0259r. \u00d6z\u00fc d\u0259 orada \u015fi\u015firdilmi\u015f r\u0259q\u0259ml\u0259r \u00f6z \u0259ksini tap\u0131r, havadan g\u00f6t\u00fcr\u00fclm\u00fc\u015f r\u0259q\u0259ml\u0259r. Onlardan soru\u015fanda ki, misal \u00fc\u00e7\u00fcn b\u0259nd tikm\u0259k, yol \u00e7\u0259km\u0259k, kabel \u00e7\u0259km\u0259k \u00fc\u00e7\u00fcn bu q\u0259d\u0259r v\u0259sait bar\u0259d\u0259 r\u0259q\u0259mi haradan g\u00f6t\u00fcr\u00fcrs\u0259n!? Havadan. Sonra ara\u015fd\u0131rma apar\u0131l\u0131r, g\u00f6r\u00fcn\u00fcr ki, \u015fi\u015firdibl\u0259r. N\u0259y\u0259 g\u00f6r\u0259 \u015fi\u015firdibl\u0259r?<\/p>\n<p>Ayd\u0131n m\u0259s\u0259l\u0259dir n\u0259y\u0259 g\u00f6r\u0259. Buna da son qoyulmal\u0131d\u0131r. Ona g\u00f6r\u0259 Maliyy\u0259 Nazirliyi, \u0130qtisadiyyat Nazirliyi, &#8211; bunu t\u0259kc\u0259 onlar\u0131n boynuna atmaq olmaz, &#8211; h\u00f6kum\u0259t d\u0259 n\u0259zar\u0259t\u00e7i kimi \u015fi\u015firdilmi\u015f b\u00fct\u00fcn o r\u0259q\u0259ml\u0259ri t\u0259hlil etsinl\u0259r v\u0259 real r\u0259q\u0259ml\u0259ri m\u00fc\u0259yy\u0259nl\u0259\u015fdirsinl\u0259r.<\/p>\n<p>O r\u0259q\u0259ml\u0259ri ver\u0259nl\u0259r g\u0259r\u0259k m\u0259suliyy\u0259t da\u015f\u0131s\u0131nlar. \u018fg\u0259r bu d\u0259f\u0259 bizim d\u00f6vl\u0259t qurumlar\u0131m\u0131z, \u015firk\u0259tl\u0259rimiz yen\u0259 d\u0259 \u015fi\u015firdilmi\u015f r\u0259q\u0259ml\u0259r vers\u0259l\u0259r, art\u0131q \u00f6zl\u0259rini if\u015fa etmi\u015f olacaqlar. H\u00f6kum\u0259t \u0259lb\u0259tt\u0259 ki, onlar\u0131n b\u00fct\u00fcn t\u0259klifl\u0259rin\u0259 baxacaq. Amma onlar \u0259g\u0259r \u015fi\u015firdilmi\u015f r\u0259q\u0259ml\u0259ri vers\u0259l\u0259r, \u00f6z c\u0259zalar\u0131n\u0131 alacaqlar. Ona g\u00f6r\u0259 z\u0259hm\u0259t \u00e7\u0259kib normal i\u015fl\u0259sinl\u0259r v\u0259 pis v\u0259rdi\u015fl\u0259rd\u0259n \u0259l \u00e7\u0259ksinl\u0259r\u201d, &#8211; dey\u0259 Prezident qeyd edib. oxu.az<\/p>\n","protected":false},"excerpt":{"rendered":"<p>Milli M\u0259clis olaraq Prezident\u0259 d\u0259st\u0259k olmal\u0131y\u0131q ki, b\u00fcdc\u0259 il\u0259 ba\u011fl\u0131 \u015fi\u015firdilmi\u015f r\u0259q\u0259ml\u0259r t\u0259qdim olunmas\u0131n. ARANTV.AZ-\u0131n x\u0259b\u0259rin\u0259 g\u00f6r\u0259, bunu Milli M\u0259clisin iclas\u0131nda deputat Q\u00fcdr\u0259t H\u0259s\u0259nquliyev deyib. O bildirib ki, Hesablama Palatas\u0131 hans\u0131 obyekt\u0259 n\u0259 q\u0259d\u0259r v\u0259sait ayr\u0131lmas\u0131 il\u0259 ba\u011fl\u0131 r\u0259q\u0259ml\u0259ri t\u0259qdim etmir. Q.H\u0259s\u0259nquliyev \u0259lav\u0259 edib ki, Nazirl\u0259r Kabineti b\u00fcdc\u0259 il\u0259 ba\u011fl\u0131 m\u0259lumatlar\u0131 Milli M\u0259clis\u0259 ver\u0259rk\u0259n parlament buna diqq\u0259tl\u0259 baxmal\u0131d\u0131r. \u201c\u018fg\u0259r orada laz\u0131mi r\u0259q\u0259ml\u0259r yoxdursa, s\u0259n\u0259di geri qaytarmal\u0131y\u0131q\u201d. Qeyd ed\u0259k ki, oktyabr\u0131n 15-d\u0259 Prezident yan\u0131nda ke\u00e7iril\u0259n m\u00fc\u015favir\u0259d\u0259 \u00f6lk\u0259 ba\u015f\u00e7\u0131s\u0131 b\u00fcdc\u0259 il\u0259 ba\u011fl\u0131 \u015fi\u015firdilmi\u015f r\u0259q\u0259ml\u0259rd\u0259n dan\u0131\u015f\u0131b. \u201cH\u0259r ilin sonunda b\u00fcdc\u0259 m\u00fczakir\u0259 olunark\u0259n, sifari\u015fl\u0259r&hellip;<\/p>\n","protected":false},"author":2,"featured_media":87978,"comment_status":"closed","ping_status":"closed","sticky":false,"template":"","format":"standard","meta":{"om_disable_all_campaigns":false,"_monsterinsights_skip_tracking":false,"_monsterinsights_sitenote_active":false,"_monsterinsights_sitenote_note":"","_monsterinsights_sitenote_category":0},"categories":[1],"tags":[],"aioseo_notices":[],"gutentor_comment":0,"rttpg_featured_image_url":{"full":["https:\/\/arantv.az\/wp-content\/uploads\/2019\/10\/qudret-h-1.jpg",620,412,false],"landscape":["https:\/\/arantv.az\/wp-content\/uploads\/2019\/10\/qudret-h-1.jpg",620,412,false],"portraits":["https:\/\/arantv.az\/wp-content\/uploads\/2019\/10\/qudret-h-1.jpg",620,412,false],"thumbnail":["https:\/\/arantv.az\/wp-content\/uploads\/2019\/10\/qudret-h-1-150x150.jpg",150,150,true],"medium":["https:\/\/arantv.az\/wp-content\/uploads\/2019\/10\/qudret-h-1-300x199.jpg",300,199,true],"large":["https:\/\/arantv.az\/wp-content\/uploads\/2019\/10\/qudret-h-1.jpg",620,412,false],"1536x1536":["https:\/\/arantv.az\/wp-content\/uploads\/2019\/10\/qudret-h-1.jpg",620,412,false],"2048x2048":["https:\/\/arantv.az\/wp-content\/uploads\/2019\/10\/qudret-h-1.jpg",620,412,false],"post-thumbnail":["https:\/\/arantv.az\/wp-content\/uploads\/2019\/10\/qudret-h-1-240x172.jpg",240,172,true],"advps-thumb-one":["https:\/\/arantv.az\/wp-content\/uploads\/2019\/10\/qudret-h-1.jpg",620,412,false]},"rttpg_author":{"display_name":"V\u00fcsal Rafiqo\u011flu","author_link":"https:\/\/arantv.az\/?author=2"},"rttpg_comment":0,"rttpg_category":"<a href=\"https:\/\/arantv.az\/?cat=1\" rel=\"category\">C\u0259miyy\u0259t<\/a>","rttpg_excerpt":"Milli M\u0259clis olaraq Prezident\u0259 d\u0259st\u0259k olmal\u0131y\u0131q ki, b\u00fcdc\u0259 il\u0259 ba\u011fl\u0131 \u015fi\u015firdilmi\u015f r\u0259q\u0259ml\u0259r t\u0259qdim olunmas\u0131n. ARANTV.AZ-\u0131n x\u0259b\u0259rin\u0259 g\u00f6r\u0259, bunu Milli M\u0259clisin iclas\u0131nda deputat Q\u00fcdr\u0259t H\u0259s\u0259nquliyev deyib. O bildirib ki, Hesablama Palatas\u0131 hans\u0131 obyekt\u0259 n\u0259 q\u0259d\u0259r v\u0259sait ayr\u0131lmas\u0131 il\u0259 ba\u011fl\u0131 r\u0259q\u0259ml\u0259ri t\u0259qdim etmir. Q.H\u0259s\u0259nquliyev \u0259lav\u0259 edib ki, Nazirl\u0259r Kabineti b\u00fcdc\u0259 il\u0259 ba\u011fl\u0131 m\u0259lumatlar\u0131 Milli M\u0259clis\u0259 ver\u0259rk\u0259n parlament&hellip;","_links":{"self":[{"href":"https:\/\/arantv.az\/index.php?rest_route=\/wp\/v2\/posts\/87977"}],"collection":[{"href":"https:\/\/arantv.az\/index.php?rest_route=\/wp\/v2\/posts"}],"about":[{"href":"https:\/\/arantv.az\/index.php?rest_route=\/wp\/v2\/types\/post"}],"author":[{"embeddable":true,"href":"https:\/\/arantv.az\/index.php?rest_route=\/wp\/v2\/users\/2"}],"replies":[{"embeddable":true,"href":"https:\/\/arantv.az\/index.php?rest_route=%2Fwp%2Fv2%2Fcomments&post=87977"}],"version-history":[{"count":0,"href":"https:\/\/arantv.az\/index.php?rest_route=\/wp\/v2\/posts\/87977\/revisions"}],"wp:featuredmedia":[{"embeddable":true,"href":"https:\/\/arantv.az\/index.php?rest_route=\/wp\/v2\/media\/87978"}],"wp:attachment":[{"href":"https:\/\/arantv.az\/index.php?rest_route=%2Fwp%2Fv2%2Fmedia&parent=87977"}],"wp:term":[{"taxonomy":"category","embeddable":true,"href":"https:\/\/arantv.az\/index.php?rest_route=%2Fwp%2Fv2%2Fcategories&post=87977"},{"taxonomy":"post_tag","embeddable":true,"href":"https:\/\/arantv.az\/index.php?rest_route=%2Fwp%2Fv2%2Ftags&post=87977"}],"curies":[{"name":"wp","href":"https:\/\/api.w.org\/{rel}","templated":true}]}}