{"id":88178,"date":"2019-10-23T09:45:31","date_gmt":"2019-10-23T06:45:31","guid":{"rendered":"http:\/\/arantv.az\/?p=88178"},"modified":"2019-10-23T09:45:31","modified_gmt":"2019-10-23T06:45:31","slug":"nazir-az%c9%99rbaycan-hec-bir-h%c9%99rbi-birlikd%c9%99-istirak-etmir-v%c9%99-must%c9%99qil-siyas%c9%99t-h%c9%99yata-kecirir","status":"publish","type":"post","link":"https:\/\/arantv.az\/?p=88178","title":{"rendered":"Nazir: &#8220;Az\u0259rbaycan he\u00e7 bir h\u0259rbi birlikd\u0259 i\u015ftirak etmir v\u0259 m\u00fcst\u0259qil siyas\u0259t h\u0259yata ke\u00e7irir&#8221;"},"content":{"rendered":"<blockquote><p><em><strong>Az\u0259rbaycan he\u00e7 bir h\u0259rbi birlikd\u0259 i\u015ftirak etmir v\u0259 m\u00fcst\u0259qil siyas\u0259t h\u0259yata ke\u00e7irir. \u00d6lk\u0259mizin Qo\u015fulmama H\u0259r\u0259kat\u0131na s\u0259drliyi d\u00f6vr\u00fcnd\u0259 quruma \u00fczv \u00f6lk\u0259l\u0259rin g\u0259ncl\u0259ri il\u0259 \u0259m\u0259kda\u015fl\u0131\u011fa x\u00fcsusi \u00f6n\u0259m veril\u0259c\u0259k.<\/strong><\/em><\/p><\/blockquote>\n<p><strong>ARANTV.AZ<\/strong>\u00a0<a href=\"https:\/\/az.trend.az\/\" target=\"_blank\" rel=\"noopener\">Trend<\/a>-\u0259 istinad\u0259n x\u0259b\u0259r verir ki, bunu Az\u0259rbaycan\u0131n Xarici i\u015fl\u0259r naziri Elmar M\u0259mm\u0259dyarov bu g\u00fcn Bak\u0131da ke\u00e7iril\u0259n Qo\u015fulmama H\u0259r\u0259kat\u0131na \u00fczv \u00f6lk\u0259l\u0259rin Xarici \u0130\u015fl\u0259r nazirl\u0259rinin (X\u0130N) g\u00f6r\u00fc\u015f\u00fcnd\u0259 deyib.<\/p>\n<p>E.M\u0259mm\u0259dyarov bildirib ki, ilk d\u0259f\u0259 Qo\u015fulmama H\u0259r\u0259kat\u0131n\u0131n sammiti il\u0259 yana\u015f\u0131, bu quruma \u00fczv \u00f6lk\u0259l\u0259rin g\u0259ncl\u0259rinin d\u0259 sammiti d\u0259 ke\u00e7iril\u0259c\u0259k.<\/p>\n<p>Nazir bildirib ki, Qo\u015fulmama H\u0259r\u0259kat\u0131na \u00fczv \u00f6lk\u0259l\u0259rin b\u00f6y\u00fck \u0259ks\u0259riyy\u0259ti inki\u015faf etm\u0259kd\u0259 olan d\u00f6vl\u0259tl\u0259rdir: &#8220;Biz s\u0259drliyimiz d\u00f6vr\u00fcnd\u0259 iqtisadi, t\u0259hl\u00fck\u0259sizlik sah\u0259sind\u0259 d\u0259 \u0259m\u0259kda\u015fl\u0131\u011fa x\u00fcsusi \u00f6n\u0259m ver\u0259c\u0259yik&#8221;.<\/p>\n<p>E.M\u0259mm\u0259dyarov vur\u011fulay\u0131b ki, Qo\u015fulmama H\u0259r\u0259kat\u0131 s\u00fclh\u00fcn v\u0259 t\u0259hl\u00fck\u0259sizliyin m\u00f6hk\u0259ml\u0259ndirilm\u0259sind\u0259 m\u00fch\u00fcm rol oynay\u0131r. O qeyd edib ki, qar\u015f\u0131da duran \u0259sas m\u0259qs\u0259dl\u0259rd\u0259n biri t\u0259\u015fkilat\u0131n f\u0259aliyy\u0259tini yeni reall\u0131qlara uy\u011funla\u015fd\u0131rmaqd\u0131r.<\/p>\n","protected":false},"excerpt":{"rendered":"<p>Az\u0259rbaycan he\u00e7 bir h\u0259rbi birlikd\u0259 i\u015ftirak etmir v\u0259 m\u00fcst\u0259qil siyas\u0259t h\u0259yata ke\u00e7irir. \u00d6lk\u0259mizin Qo\u015fulmama H\u0259r\u0259kat\u0131na s\u0259drliyi d\u00f6vr\u00fcnd\u0259 quruma \u00fczv \u00f6lk\u0259l\u0259rin g\u0259ncl\u0259ri il\u0259 \u0259m\u0259kda\u015fl\u0131\u011fa x\u00fcsusi \u00f6n\u0259m veril\u0259c\u0259k. ARANTV.AZ\u00a0Trend-\u0259 istinad\u0259n x\u0259b\u0259r verir ki, bunu Az\u0259rbaycan\u0131n Xarici i\u015fl\u0259r naziri Elmar M\u0259mm\u0259dyarov bu g\u00fcn Bak\u0131da ke\u00e7iril\u0259n Qo\u015fulmama H\u0259r\u0259kat\u0131na \u00fczv \u00f6lk\u0259l\u0259rin Xarici \u0130\u015fl\u0259r nazirl\u0259rinin (X\u0130N) g\u00f6r\u00fc\u015f\u00fcnd\u0259 deyib. E.M\u0259mm\u0259dyarov bildirib ki, ilk d\u0259f\u0259 Qo\u015fulmama H\u0259r\u0259kat\u0131n\u0131n sammiti il\u0259 yana\u015f\u0131, bu quruma \u00fczv \u00f6lk\u0259l\u0259rin g\u0259ncl\u0259rinin d\u0259 sammiti d\u0259 ke\u00e7iril\u0259c\u0259k. Nazir bildirib ki, Qo\u015fulmama H\u0259r\u0259kat\u0131na \u00fczv \u00f6lk\u0259l\u0259rin b\u00f6y\u00fck \u0259ks\u0259riyy\u0259ti inki\u015faf etm\u0259kd\u0259 olan d\u00f6vl\u0259tl\u0259rdir: &#8220;Biz s\u0259drliyimiz d\u00f6vr\u00fcnd\u0259 iqtisadi, t\u0259hl\u00fck\u0259sizlik sah\u0259sind\u0259&hellip;<\/p>\n","protected":false},"author":2,"featured_media":88179,"comment_status":"closed","ping_status":"closed","sticky":false,"template":"","format":"standard","meta":{"om_disable_all_campaigns":false,"_monsterinsights_skip_tracking":false,"_monsterinsights_sitenote_active":false,"_monsterinsights_sitenote_note":"","_monsterinsights_sitenote_category":0},"categories":[19],"tags":[],"aioseo_notices":[],"gutentor_comment":0,"rttpg_featured_image_url":{"full":["https:\/\/arantv.az\/wp-content\/uploads\/2019\/10\/796362.jpg",800,600,false],"landscape":["https:\/\/arantv.az\/wp-content\/uploads\/2019\/10\/796362.jpg",800,600,false],"portraits":["https:\/\/arantv.az\/wp-content\/uploads\/2019\/10\/796362.jpg",800,600,false],"thumbnail":["https:\/\/arantv.az\/wp-content\/uploads\/2019\/10\/796362-150x150.jpg",150,150,true],"medium":["https:\/\/arantv.az\/wp-content\/uploads\/2019\/10\/796362-300x225.jpg",300,225,true],"large":["https:\/\/arantv.az\/wp-content\/uploads\/2019\/10\/796362.jpg",640,480,false],"1536x1536":["https:\/\/arantv.az\/wp-content\/uploads\/2019\/10\/796362.jpg",800,600,false],"2048x2048":["https:\/\/arantv.az\/wp-content\/uploads\/2019\/10\/796362.jpg",800,600,false],"post-thumbnail":["https:\/\/arantv.az\/wp-content\/uploads\/2019\/10\/796362-240x172.jpg",240,172,true],"advps-thumb-one":["https:\/\/arantv.az\/wp-content\/uploads\/2019\/10\/796362.jpg",800,600,false]},"rttpg_author":{"display_name":"V\u00fcsal Rafiqo\u011flu","author_link":"https:\/\/arantv.az\/?author=2"},"rttpg_comment":0,"rttpg_category":"<a href=\"https:\/\/arantv.az\/?cat=19\" rel=\"category\">G\u00fcnd\u0259m<\/a>","rttpg_excerpt":"Az\u0259rbaycan he\u00e7 bir h\u0259rbi birlikd\u0259 i\u015ftirak etmir v\u0259 m\u00fcst\u0259qil siyas\u0259t h\u0259yata ke\u00e7irir. \u00d6lk\u0259mizin Qo\u015fulmama H\u0259r\u0259kat\u0131na s\u0259drliyi d\u00f6vr\u00fcnd\u0259 quruma \u00fczv \u00f6lk\u0259l\u0259rin g\u0259ncl\u0259ri il\u0259 \u0259m\u0259kda\u015fl\u0131\u011fa x\u00fcsusi \u00f6n\u0259m veril\u0259c\u0259k. ARANTV.AZ\u00a0Trend-\u0259 istinad\u0259n x\u0259b\u0259r verir ki, bunu Az\u0259rbaycan\u0131n Xarici i\u015fl\u0259r naziri Elmar M\u0259mm\u0259dyarov bu g\u00fcn Bak\u0131da ke\u00e7iril\u0259n Qo\u015fulmama H\u0259r\u0259kat\u0131na \u00fczv \u00f6lk\u0259l\u0259rin Xarici \u0130\u015fl\u0259r nazirl\u0259rinin (X\u0130N) g\u00f6r\u00fc\u015f\u00fcnd\u0259 deyib. E.M\u0259mm\u0259dyarov bildirib ki,&hellip;","_links":{"self":[{"href":"https:\/\/arantv.az\/index.php?rest_route=\/wp\/v2\/posts\/88178"}],"collection":[{"href":"https:\/\/arantv.az\/index.php?rest_route=\/wp\/v2\/posts"}],"about":[{"href":"https:\/\/arantv.az\/index.php?rest_route=\/wp\/v2\/types\/post"}],"author":[{"embeddable":true,"href":"https:\/\/arantv.az\/index.php?rest_route=\/wp\/v2\/users\/2"}],"replies":[{"embeddable":true,"href":"https:\/\/arantv.az\/index.php?rest_route=%2Fwp%2Fv2%2Fcomments&post=88178"}],"version-history":[{"count":0,"href":"https:\/\/arantv.az\/index.php?rest_route=\/wp\/v2\/posts\/88178\/revisions"}],"wp:featuredmedia":[{"embeddable":true,"href":"https:\/\/arantv.az\/index.php?rest_route=\/wp\/v2\/media\/88179"}],"wp:attachment":[{"href":"https:\/\/arantv.az\/index.php?rest_route=%2Fwp%2Fv2%2Fmedia&parent=88178"}],"wp:term":[{"taxonomy":"category","embeddable":true,"href":"https:\/\/arantv.az\/index.php?rest_route=%2Fwp%2Fv2%2Fcategories&post=88178"},{"taxonomy":"post_tag","embeddable":true,"href":"https:\/\/arantv.az\/index.php?rest_route=%2Fwp%2Fv2%2Ftags&post=88178"}],"curies":[{"name":"wp","href":"https:\/\/api.w.org\/{rel}","templated":true}]}}