{"id":88182,"date":"2019-10-23T09:46:42","date_gmt":"2019-10-23T06:46:42","guid":{"rendered":"http:\/\/arantv.az\/?p=88182"},"modified":"2019-10-23T09:46:42","modified_gmt":"2019-10-23T06:46:42","slug":"ruhani-sabah-az%c9%99rbaycana-g%c9%99l%c9%99c%c9%99k","status":"publish","type":"post","link":"https:\/\/arantv.az\/?p=88182","title":{"rendered":"Ruhani sabah Az\u0259rbaycana g\u0259l\u0259c\u0259k"},"content":{"rendered":"<p>\u0130ran \u0130slam Respublikas\u0131n\u0131n prezidenti H\u0259s\u0259n Ruhani Az\u0259rbaycana s\u0259f\u0259r ed\u0259c\u0259k.<\/p>\n<p><b>ARANTV.AZ\u00a0<\/b>publika.az-a istinad\u0259n x\u0259b\u0259r verir ki, bu bar\u0259d\u0259 \u0130ran prezidenti Administrasiyas\u0131n\u0131n Rabit\u0259 v\u0259 \u0130nformasiya Ofisinin s\u0259dr m\u00fcavini \u018flirza M\u00fcizzi deyib.<\/p>\n<div id=\"AdviadNativeVideo0\" class=\"AdviadNativeVideo\"><\/div>\n<p>M\u00fcavin bildirib ki, prezident 18-ci Qo\u015fulmama H\u0259r\u0259kat\u0131 Toplant\u0131s\u0131na qat\u0131lmaq \u00fc\u00e7\u00fcn sabah paytaxt Bak\u0131ya g\u0259l\u0259c\u0259k.<\/p>\n<p>Ruhaninin Az\u0259rbaycan prezidenti \u0130lham \u018fliyevl\u0259 t\u0259kb\u0259t\u0259k g\u00f6r\u00fc\u015f\u00fc d\u0259 g\u00f6zl\u0259nilir. Bu g\u00f6r\u00fc\u015fd\u0259 Bak\u0131-Tehran m\u00fcnasib\u0259tl\u0259rinin \u0259h\u0259miyy\u0259tli m\u0259s\u0259l\u0259l\u0259ri v\u0259 ortaq planlar\u0131n m\u00fczakir\u0259si apar\u0131lacaq.<\/p>\n<p>Qeyd ed\u0259k ki, Az\u0259rbaycan 2019-2022-ci ill\u0259r aras\u0131nda Qo\u015fulmama H\u0259r\u0259kat\u0131n\u0131n m\u00fcv\u0259qq\u0259ti r\u0259hb\u0259rliyini ed\u0259c\u0259k.<\/p>\n","protected":false},"excerpt":{"rendered":"<p>\u0130ran \u0130slam Respublikas\u0131n\u0131n prezidenti H\u0259s\u0259n Ruhani Az\u0259rbaycana s\u0259f\u0259r ed\u0259c\u0259k. ARANTV.AZ\u00a0publika.az-a istinad\u0259n x\u0259b\u0259r verir ki, bu bar\u0259d\u0259 \u0130ran prezidenti Administrasiyas\u0131n\u0131n Rabit\u0259 v\u0259 \u0130nformasiya Ofisinin s\u0259dr m\u00fcavini \u018flirza M\u00fcizzi deyib. M\u00fcavin bildirib ki, prezident 18-ci Qo\u015fulmama H\u0259r\u0259kat\u0131 Toplant\u0131s\u0131na qat\u0131lmaq \u00fc\u00e7\u00fcn sabah paytaxt Bak\u0131ya g\u0259l\u0259c\u0259k. Ruhaninin Az\u0259rbaycan prezidenti \u0130lham \u018fliyevl\u0259 t\u0259kb\u0259t\u0259k g\u00f6r\u00fc\u015f\u00fc d\u0259 g\u00f6zl\u0259nilir. Bu g\u00f6r\u00fc\u015fd\u0259 Bak\u0131-Tehran m\u00fcnasib\u0259tl\u0259rinin \u0259h\u0259miyy\u0259tli m\u0259s\u0259l\u0259l\u0259ri v\u0259 ortaq planlar\u0131n m\u00fczakir\u0259si apar\u0131lacaq. Qeyd ed\u0259k ki, Az\u0259rbaycan 2019-2022-ci ill\u0259r aras\u0131nda Qo\u015fulmama H\u0259r\u0259kat\u0131n\u0131n m\u00fcv\u0259qq\u0259ti r\u0259hb\u0259rliyini ed\u0259c\u0259k.<\/p>\n","protected":false},"author":2,"featured_media":88183,"comment_status":"closed","ping_status":"closed","sticky":false,"template":"","format":"standard","meta":{"om_disable_all_campaigns":false,"_monsterinsights_skip_tracking":false,"_monsterinsights_sitenote_active":false,"_monsterinsights_sitenote_note":"","_monsterinsights_sitenote_category":0},"categories":[19],"tags":[],"aioseo_notices":[],"gutentor_comment":0,"rttpg_featured_image_url":{"full":["https:\/\/arantv.az\/wp-content\/uploads\/2019\/10\/ruhani-ilham.jpg",549,309,false],"landscape":["https:\/\/arantv.az\/wp-content\/uploads\/2019\/10\/ruhani-ilham.jpg",549,309,false],"portraits":["https:\/\/arantv.az\/wp-content\/uploads\/2019\/10\/ruhani-ilham.jpg",549,309,false],"thumbnail":["https:\/\/arantv.az\/wp-content\/uploads\/2019\/10\/ruhani-ilham-150x150.jpg",150,150,true],"medium":["https:\/\/arantv.az\/wp-content\/uploads\/2019\/10\/ruhani-ilham-300x169.jpg",300,169,true],"large":["https:\/\/arantv.az\/wp-content\/uploads\/2019\/10\/ruhani-ilham.jpg",549,309,false],"1536x1536":["https:\/\/arantv.az\/wp-content\/uploads\/2019\/10\/ruhani-ilham.jpg",549,309,false],"2048x2048":["https:\/\/arantv.az\/wp-content\/uploads\/2019\/10\/ruhani-ilham.jpg",549,309,false],"post-thumbnail":["https:\/\/arantv.az\/wp-content\/uploads\/2019\/10\/ruhani-ilham-240x172.jpg",240,172,true],"advps-thumb-one":["https:\/\/arantv.az\/wp-content\/uploads\/2019\/10\/ruhani-ilham.jpg",549,309,false]},"rttpg_author":{"display_name":"V\u00fcsal Rafiqo\u011flu","author_link":"https:\/\/arantv.az\/?author=2"},"rttpg_comment":0,"rttpg_category":"<a href=\"https:\/\/arantv.az\/?cat=19\" rel=\"category\">G\u00fcnd\u0259m<\/a>","rttpg_excerpt":"\u0130ran \u0130slam Respublikas\u0131n\u0131n prezidenti H\u0259s\u0259n Ruhani Az\u0259rbaycana s\u0259f\u0259r ed\u0259c\u0259k. ARANTV.AZ\u00a0publika.az-a istinad\u0259n x\u0259b\u0259r verir ki, bu bar\u0259d\u0259 \u0130ran prezidenti Administrasiyas\u0131n\u0131n Rabit\u0259 v\u0259 \u0130nformasiya Ofisinin s\u0259dr m\u00fcavini \u018flirza M\u00fcizzi deyib. M\u00fcavin bildirib ki, prezident 18-ci Qo\u015fulmama H\u0259r\u0259kat\u0131 Toplant\u0131s\u0131na qat\u0131lmaq \u00fc\u00e7\u00fcn sabah paytaxt Bak\u0131ya g\u0259l\u0259c\u0259k. Ruhaninin Az\u0259rbaycan prezidenti \u0130lham \u018fliyevl\u0259 t\u0259kb\u0259t\u0259k g\u00f6r\u00fc\u015f\u00fc d\u0259 g\u00f6zl\u0259nilir. Bu g\u00f6r\u00fc\u015fd\u0259 Bak\u0131-Tehran m\u00fcnasib\u0259tl\u0259rinin&hellip;","_links":{"self":[{"href":"https:\/\/arantv.az\/index.php?rest_route=\/wp\/v2\/posts\/88182"}],"collection":[{"href":"https:\/\/arantv.az\/index.php?rest_route=\/wp\/v2\/posts"}],"about":[{"href":"https:\/\/arantv.az\/index.php?rest_route=\/wp\/v2\/types\/post"}],"author":[{"embeddable":true,"href":"https:\/\/arantv.az\/index.php?rest_route=\/wp\/v2\/users\/2"}],"replies":[{"embeddable":true,"href":"https:\/\/arantv.az\/index.php?rest_route=%2Fwp%2Fv2%2Fcomments&post=88182"}],"version-history":[{"count":0,"href":"https:\/\/arantv.az\/index.php?rest_route=\/wp\/v2\/posts\/88182\/revisions"}],"wp:featuredmedia":[{"embeddable":true,"href":"https:\/\/arantv.az\/index.php?rest_route=\/wp\/v2\/media\/88183"}],"wp:attachment":[{"href":"https:\/\/arantv.az\/index.php?rest_route=%2Fwp%2Fv2%2Fmedia&parent=88182"}],"wp:term":[{"taxonomy":"category","embeddable":true,"href":"https:\/\/arantv.az\/index.php?rest_route=%2Fwp%2Fv2%2Fcategories&post=88182"},{"taxonomy":"post_tag","embeddable":true,"href":"https:\/\/arantv.az\/index.php?rest_route=%2Fwp%2Fv2%2Ftags&post=88182"}],"curies":[{"name":"wp","href":"https:\/\/api.w.org\/{rel}","templated":true}]}}