{"id":88190,"date":"2019-10-23T09:48:39","date_gmt":"2019-10-23T06:48:39","guid":{"rendered":"http:\/\/arantv.az\/?p=88190"},"modified":"2019-10-23T09:48:39","modified_gmt":"2019-10-23T06:48:39","slug":"bu-universitetd%c9%99-maaslar-artirildi","status":"publish","type":"post","link":"https:\/\/arantv.az\/?p=88190","title":{"rendered":"Bu universitetd\u0259 maa\u015flar art\u0131r\u0131ld\u0131"},"content":{"rendered":"<p>Oktyabr\u0131n 22-d\u0259 Az\u0259rbaycan Texniki Universiteti (AzTU) Elmi \u015euras\u0131n\u0131n n\u00f6vb\u0259d\u0259nk\u0259nar iclas\u0131 ke\u00e7irilib.<\/p>\n<p><b>ARANTV.AZ<\/b>\u00a0x\u0259b\u0259r verir ki, AzTU-nun rektoru, professor Vilay\u0259t V\u0259liyev \u0259vv\u0259lc\u0259 iclas\u0131n g\u00fcnd\u0259liyi il\u0259 i\u015ftirak\u00e7\u0131lar\u0131 tan\u0131\u015f edib.<\/p>\n<div id=\"AdviadNativeVideo0\" class=\"AdviadNativeVideo\"><\/div>\n<p>\u0130clasda professor Vilay\u0259t V\u0259liyev Az\u0259rbaycan Prezidenti \u0130lham \u018fliyevin apard\u0131\u011f\u0131 u\u011furlu sosial siyas\u0259td\u0259n dan\u0131\u015f\u0131b, davaml\u0131 olaraq h\u0259yata ke\u00e7iril\u0259n bu siyas\u0259tin \u00f6lk\u0259mizin inki\u015faf\u0131nda prioritet istiqam\u0259tl\u0259rd\u0259n biri oldu\u011funu bildirib. Rektorun s\u00f6zl\u0259rin\u0259 \u0259sas\u0259n, AzTU \u0259m\u0259kda\u015flar\u0131n\u0131n sosial durumlar\u0131n\u0131n daha da yax\u015f\u0131la\u015fd\u0131r\u0131lmas\u0131 m\u0259qs\u0259dil\u0259 sentyabr ay\u0131n\u0131n 1-d\u0259n \u0259m\u0259khaqlar\u0131 ortalama 12 faiz art\u0131r\u0131l\u0131r.<\/p>\n<p>\u00c7\u0131x\u0131\u015f\u0131nda s\u0259naye inqilab\u0131ndan s\u00f6z a\u00e7an V.V\u0259liyev elmi ara\u015fd\u0131rmalar\u0131n vacibliyini vur\u011fulay\u0131b v\u0259 qeyd edib ki, t\u0259dqiqat universitetin\u0259 \u00e7evril\u0259 bilm\u0259y\u0259n ali m\u0259kt\u0259bl\u0259r inki\u015faf ed\u0259 bilm\u0259y\u0259c\u0259k.<\/p>\n<p>\u018fm\u0259khaqq\u0131n\u0131n differensasiyas\u0131 il\u0259 ba\u011fl\u0131 t\u0259dbirl\u0259rin g\u00f6r\u00fclm\u0259si haqq\u0131nda m\u0259lumat ver\u0259n rektor bildirib ki, &#8220;Differensial \u018fm\u0259khaqq\u0131 Sisteminin&#8221; t\u0259tbiqi &#8220;Az\u0259rbaycan Respublikas\u0131nda t\u0259hsilin inki\u015faf\u0131 \u00fczr\u0259 D\u00f6vl\u0259t Strategiyas\u0131&#8221;na uy\u011fun h\u0259yata ke\u00e7iril\u0259c\u0259k. Eyni zamanda AzTU Differensial \u018fm\u0259khaqq\u0131 Sisteminin t\u0259tbiqind\u0259 \u00f6z modelini yaratmaq niyy\u0259tind\u0259dir.<\/p>\n<p>Elmi \u015eurada \u0259m\u0259khaqlar\u0131n\u0131n differensasiyas\u0131 sisteminin i\u015fl\u0259m\u0259 mexanizmi \u00fczr\u0259 komissiyan\u0131n formala\u015fd\u0131r\u0131lmas\u0131 \u00fc\u00e7\u00fcn \u0130\u015f\u00e7i qrupunun yarad\u0131lmas\u0131 bar\u0259d\u0259 q\u0259rar q\u0259bul edib.<\/p>\n<p>\u0130clasda AzTU-da bakalavriat s\u0259viyy\u0259si \u00fczr\u0259 m\u00fct\u0259x\u0259ssis haz\u0131rl\u0131\u011f\u0131 h\u0259yata ke\u00e7iril\u0259n b\u0259zi ixtisaslar\u0131n adlar\u0131nda d\u00fcz\u0259li\u015f edilm\u0259si, dissertasiya, t\u0259cr\u00fcb\u0259, burax\u0131l\u0131\u015f, kurs i\u015fl\u0259rinin yeni bazas\u0131n\u0131n formala\u015fd\u0131r\u0131lmas\u0131, struktur d\u0259yi\u015fiklikl\u0259ri il\u0259 ba\u011fl\u0131 fak\u00fclt\u0259l\u0259rin t\u0259rkibinin m\u00fc\u0259yy\u0259nl\u0259\u015fdirilm\u0259si v\u0259 dig\u0259r m\u0259s\u0259l\u0259l\u0259r m\u00fczakir\u0259 edilib.<\/p>\n<p>BAKU.WS<\/p>\n","protected":false},"excerpt":{"rendered":"<p>Oktyabr\u0131n 22-d\u0259 Az\u0259rbaycan Texniki Universiteti (AzTU) Elmi \u015euras\u0131n\u0131n n\u00f6vb\u0259d\u0259nk\u0259nar iclas\u0131 ke\u00e7irilib. ARANTV.AZ\u00a0x\u0259b\u0259r verir ki, AzTU-nun rektoru, professor Vilay\u0259t V\u0259liyev \u0259vv\u0259lc\u0259 iclas\u0131n g\u00fcnd\u0259liyi il\u0259 i\u015ftirak\u00e7\u0131lar\u0131 tan\u0131\u015f edib. \u0130clasda professor Vilay\u0259t V\u0259liyev Az\u0259rbaycan Prezidenti \u0130lham \u018fliyevin apard\u0131\u011f\u0131 u\u011furlu sosial siyas\u0259td\u0259n dan\u0131\u015f\u0131b, davaml\u0131 olaraq h\u0259yata ke\u00e7iril\u0259n bu siyas\u0259tin \u00f6lk\u0259mizin inki\u015faf\u0131nda prioritet istiqam\u0259tl\u0259rd\u0259n biri oldu\u011funu bildirib. Rektorun s\u00f6zl\u0259rin\u0259 \u0259sas\u0259n, AzTU \u0259m\u0259kda\u015flar\u0131n\u0131n sosial durumlar\u0131n\u0131n daha da yax\u015f\u0131la\u015fd\u0131r\u0131lmas\u0131 m\u0259qs\u0259dil\u0259 sentyabr ay\u0131n\u0131n 1-d\u0259n \u0259m\u0259khaqlar\u0131 ortalama 12 faiz art\u0131r\u0131l\u0131r. \u00c7\u0131x\u0131\u015f\u0131nda s\u0259naye inqilab\u0131ndan s\u00f6z a\u00e7an V.V\u0259liyev elmi ara\u015fd\u0131rmalar\u0131n vacibliyini vur\u011fulay\u0131b v\u0259 qeyd edib ki, t\u0259dqiqat universitetin\u0259 \u00e7evril\u0259 bilm\u0259y\u0259n ali&hellip;<\/p>\n","protected":false},"author":2,"featured_media":88191,"comment_status":"closed","ping_status":"closed","sticky":false,"template":"","format":"standard","meta":{"om_disable_all_campaigns":false,"_monsterinsights_skip_tracking":false,"_monsterinsights_sitenote_active":false,"_monsterinsights_sitenote_note":"","_monsterinsights_sitenote_category":0},"categories":[1],"tags":[],"aioseo_notices":[],"gutentor_comment":0,"rttpg_featured_image_url":{"full":["https:\/\/arantv.az\/wp-content\/uploads\/2019\/10\/1571812046_75266143_2388590471402345_1740192715364106240_n.jpg",549,336,false],"landscape":["https:\/\/arantv.az\/wp-content\/uploads\/2019\/10\/1571812046_75266143_2388590471402345_1740192715364106240_n.jpg",549,336,false],"portraits":["https:\/\/arantv.az\/wp-content\/uploads\/2019\/10\/1571812046_75266143_2388590471402345_1740192715364106240_n.jpg",549,336,false],"thumbnail":["https:\/\/arantv.az\/wp-content\/uploads\/2019\/10\/1571812046_75266143_2388590471402345_1740192715364106240_n-150x150.jpg",150,150,true],"medium":["https:\/\/arantv.az\/wp-content\/uploads\/2019\/10\/1571812046_75266143_2388590471402345_1740192715364106240_n-300x184.jpg",300,184,true],"large":["https:\/\/arantv.az\/wp-content\/uploads\/2019\/10\/1571812046_75266143_2388590471402345_1740192715364106240_n.jpg",549,336,false],"1536x1536":["https:\/\/arantv.az\/wp-content\/uploads\/2019\/10\/1571812046_75266143_2388590471402345_1740192715364106240_n.jpg",549,336,false],"2048x2048":["https:\/\/arantv.az\/wp-content\/uploads\/2019\/10\/1571812046_75266143_2388590471402345_1740192715364106240_n.jpg",549,336,false],"post-thumbnail":["https:\/\/arantv.az\/wp-content\/uploads\/2019\/10\/1571812046_75266143_2388590471402345_1740192715364106240_n-240x172.jpg",240,172,true],"advps-thumb-one":["https:\/\/arantv.az\/wp-content\/uploads\/2019\/10\/1571812046_75266143_2388590471402345_1740192715364106240_n.jpg",549,336,false]},"rttpg_author":{"display_name":"V\u00fcsal Rafiqo\u011flu","author_link":"https:\/\/arantv.az\/?author=2"},"rttpg_comment":0,"rttpg_category":"<a href=\"https:\/\/arantv.az\/?cat=1\" rel=\"category\">C\u0259miyy\u0259t<\/a>","rttpg_excerpt":"Oktyabr\u0131n 22-d\u0259 Az\u0259rbaycan Texniki Universiteti (AzTU) Elmi \u015euras\u0131n\u0131n n\u00f6vb\u0259d\u0259nk\u0259nar iclas\u0131 ke\u00e7irilib. ARANTV.AZ\u00a0x\u0259b\u0259r verir ki, AzTU-nun rektoru, professor Vilay\u0259t V\u0259liyev \u0259vv\u0259lc\u0259 iclas\u0131n g\u00fcnd\u0259liyi il\u0259 i\u015ftirak\u00e7\u0131lar\u0131 tan\u0131\u015f edib. \u0130clasda professor Vilay\u0259t V\u0259liyev Az\u0259rbaycan Prezidenti \u0130lham \u018fliyevin apard\u0131\u011f\u0131 u\u011furlu sosial siyas\u0259td\u0259n dan\u0131\u015f\u0131b, davaml\u0131 olaraq h\u0259yata ke\u00e7iril\u0259n bu siyas\u0259tin \u00f6lk\u0259mizin inki\u015faf\u0131nda prioritet istiqam\u0259tl\u0259rd\u0259n biri oldu\u011funu bildirib. Rektorun s\u00f6zl\u0259rin\u0259 \u0259sas\u0259n,&hellip;","_links":{"self":[{"href":"https:\/\/arantv.az\/index.php?rest_route=\/wp\/v2\/posts\/88190"}],"collection":[{"href":"https:\/\/arantv.az\/index.php?rest_route=\/wp\/v2\/posts"}],"about":[{"href":"https:\/\/arantv.az\/index.php?rest_route=\/wp\/v2\/types\/post"}],"author":[{"embeddable":true,"href":"https:\/\/arantv.az\/index.php?rest_route=\/wp\/v2\/users\/2"}],"replies":[{"embeddable":true,"href":"https:\/\/arantv.az\/index.php?rest_route=%2Fwp%2Fv2%2Fcomments&post=88190"}],"version-history":[{"count":0,"href":"https:\/\/arantv.az\/index.php?rest_route=\/wp\/v2\/posts\/88190\/revisions"}],"wp:featuredmedia":[{"embeddable":true,"href":"https:\/\/arantv.az\/index.php?rest_route=\/wp\/v2\/media\/88191"}],"wp:attachment":[{"href":"https:\/\/arantv.az\/index.php?rest_route=%2Fwp%2Fv2%2Fmedia&parent=88190"}],"wp:term":[{"taxonomy":"category","embeddable":true,"href":"https:\/\/arantv.az\/index.php?rest_route=%2Fwp%2Fv2%2Fcategories&post=88190"},{"taxonomy":"post_tag","embeddable":true,"href":"https:\/\/arantv.az\/index.php?rest_route=%2Fwp%2Fv2%2Ftags&post=88190"}],"curies":[{"name":"wp","href":"https:\/\/api.w.org\/{rel}","templated":true}]}}