{"id":88198,"date":"2019-10-23T09:52:06","date_gmt":"2019-10-23T06:52:06","guid":{"rendered":"http:\/\/arantv.az\/?p=88198"},"modified":"2019-10-23T09:52:06","modified_gmt":"2019-10-23T06:52:06","slug":"akif-%c9%99lizad%c9%99-ilham-%c9%99liyevi-esitdi-novb%c9%99-kimindir-siyahi","status":"publish","type":"post","link":"https:\/\/arantv.az\/?p=88198","title":{"rendered":"Akif \u018flizad\u0259 \u0130lham \u018fliyevi e\u015fitdi: N\u00f6vb\u0259 kimindir? &#8211; S\u0130YAHI"},"content":{"rendered":"<p>G\u0259l\u0259n ilin fevral ay\u0131nda 86 ya\u015f\u0131 tamam olacaq Az\u0259rbaycan Milli Elml\u0259r Akademiyas\u0131n\u0131n (AMEA) Prezidenti Akif \u018flizad\u0259 v\u0259zif\u0259sind\u0259n istefa verib.<\/p>\n<p>Bu g\u00fcn AMEA-ya kimin r\u0259hb\u0259rlik ed\u0259c\u0259yi m\u0259lum olacaq.<\/p>\n<p>Az\u0259rbaycan Prezidenti \u0130lham \u018fliyevin ya\u015fl\u0131 n\u0259slin y\u00fcks\u0259k v\u0259zif\u0259li \u015f\u0259xsl\u0259rin\u0259 \u00fcnvanlad\u0131\u011f\u0131 \u00e7a\u011f\u0131r\u0131\u015f\u0131n\u0131 e\u015fid\u0259n Akif \u018flizad\u0259y\u0259 h\u00f6rm\u0259t etm\u0259y\u0259 d\u0259y\u0259r. X\u00fcsusil\u0259 prezident iki g\u00fcn \u0259vv\u0259l s\u0259hh\u0259tin\u0259 g\u00f6r\u0259 t\u0259qa\u00fcd\u0259 \u00e7\u0131xan \u00f6lk\u0259nin Ba\u015f nazirinin ke\u00e7mi\u015f m\u00fcavini Hac\u0131bala Abutal\u0131bovla g\u00f6r\u00fc\u015fd\u0259 qeyd edib ki, 70 ya\u015f\u0131na \u00e7atm\u0131\u015f m\u0259murlar g\u0259ncl\u0259r\u0259 yol verm\u0259lidirl\u0259r.<\/p>\n<div id=\"AdviadNativeVideo0\" class=\"AdviadNativeVideo\"><\/div>\n<p>Onlardan birincisi Akif \u018flizad\u0259 oldu.<\/p>\n<p>Eyni zamanda, qeyd etm\u0259liyik ki, bu g\u00fcn h\u00f6kum\u0259td\u0259 v\u0259 dig\u0259r d\u00f6vl\u0259t qurumlar\u0131nda h\u0259l\u0259 70 ya\u015fdan yuxar\u0131 m\u0259murlar var. Az\u0259rbaycan Prezident Administrasiyas\u0131n\u0131n r\u0259hb\u0259ri Ramiz Mehdiyevin 81 ya\u015f\u0131 var. \u0130nsan h\u00fcquqlar\u0131 \u00fczr\u0259 m\u00fcv\u0259kkil (Ombudsman) Elmira S\u00fcleymanova da 81 ya\u015f\u0131ndad\u0131r.<\/p>\n<p>Prezident Administrasiyas\u0131n\u0131n i\u015fl\u0259r m\u00fcdiri Oqtay \u015eahbazovun 78 ya\u015f\u0131, Ba\u015f nazirin birinci m\u00fcavini Yaqub Eyyubovun 73 ya\u015f\u0131 var.<\/p>\n<p>Az\u0259rbaycan D\u00f6vl\u0259t Meliorasiya v\u0259 Su T\u0259s\u0259rr\u00fcfat\u0131 ASC-nin r\u0259hb\u0259ri \u018fhm\u0259d \u018fhm\u0259dzad\u0259 72 ya\u015f\u0131ndad\u0131r. Az\u0259rbaycan T\u0259hl\u00fck\u0259sizlik \u015euras\u0131n\u0131n r\u0259hb\u0259ri Ramil Usubovun 71 ya\u015f\u0131 var.<\/p>\n<p>Milli Olimpiya Komit\u0259sinin Ba\u015f katibi, Az\u0259rbaycan Boks Federasiyas\u0131n\u0131n vitse-prezidenti A\u011facan Abiyev 82 ya\u015f\u0131ndad\u0131r. \u00dcmid edirik ki, onlar da \u0130lham \u018fliyevin \u00e7a\u011f\u0131r\u0131\u015f\u0131n\u0131 e\u015fid\u0259c\u0259kl\u0259r v\u0259 tezlikl\u0259 g\u0259nc v\u0259 istedadl\u0131 kadrlara yol ver\u0259c\u0259kl\u0259r.<\/p>\n<p>Yeri g\u0259lmi\u015fk\u0259n, 70 ya\u015fdan yuxar\u0131 \u015f\u0259xsl\u0259r Az\u0259rbaycan Milli M\u0259clisind\u0259 d\u0259 t\u0259msil olunurlar. Bunlar vitse-spiker Valeh \u018fl\u0259sg\u0259rov (73 ya\u015f), deputatlar Yevda Abramov (71 ya\u015f), Ziyad S\u0259m\u0259dzad\u0259 (79 ya\u015f), Eldar \u0130brahimov (74 ya\u015f), \u018fhliman \u018fmiraslanov (72 ya\u015f), Arif R\u0259himzad\u0259 (78 ya\u015f), \u0130sa H\u0259bibb\u0259yli (70 ya\u015f), Zeyn\u0259b Xanlarova (83 ya\u015f) v\u0259 Hadi\u00a0R\u0259c\u0259blidir (72 ya\u015f).<\/p>\n<p>Bu bax\u0131mdan, \u00e7ox ist\u0259rdik ki, yeni \u00e7a\u011f\u0131r\u0131\u015fda parlamentin t\u0259rkibi\u00a0xeyli yenil\u0259nsin v\u0259 orada i\u015fl\u0259m\u0259k ist\u0259y\u0259n daha \u00e7ox g\u0259nc deputat meydana \u00e7\u0131xs\u0131n.<\/p>\n","protected":false},"excerpt":{"rendered":"<p>G\u0259l\u0259n ilin fevral ay\u0131nda 86 ya\u015f\u0131 tamam olacaq Az\u0259rbaycan Milli Elml\u0259r Akademiyas\u0131n\u0131n (AMEA) Prezidenti Akif \u018flizad\u0259 v\u0259zif\u0259sind\u0259n istefa verib. Bu g\u00fcn AMEA-ya kimin r\u0259hb\u0259rlik ed\u0259c\u0259yi m\u0259lum olacaq. Az\u0259rbaycan Prezidenti \u0130lham \u018fliyevin ya\u015fl\u0131 n\u0259slin y\u00fcks\u0259k v\u0259zif\u0259li \u015f\u0259xsl\u0259rin\u0259 \u00fcnvanlad\u0131\u011f\u0131 \u00e7a\u011f\u0131r\u0131\u015f\u0131n\u0131 e\u015fid\u0259n Akif \u018flizad\u0259y\u0259 h\u00f6rm\u0259t etm\u0259y\u0259 d\u0259y\u0259r. X\u00fcsusil\u0259 prezident iki g\u00fcn \u0259vv\u0259l s\u0259hh\u0259tin\u0259 g\u00f6r\u0259 t\u0259qa\u00fcd\u0259 \u00e7\u0131xan \u00f6lk\u0259nin Ba\u015f nazirinin ke\u00e7mi\u015f m\u00fcavini Hac\u0131bala Abutal\u0131bovla g\u00f6r\u00fc\u015fd\u0259 qeyd edib ki, 70 ya\u015f\u0131na \u00e7atm\u0131\u015f m\u0259murlar g\u0259ncl\u0259r\u0259 yol verm\u0259lidirl\u0259r. Onlardan birincisi Akif \u018flizad\u0259 oldu. Eyni zamanda, qeyd etm\u0259liyik ki, bu g\u00fcn h\u00f6kum\u0259td\u0259 v\u0259 dig\u0259r d\u00f6vl\u0259t qurumlar\u0131nda h\u0259l\u0259 70&hellip;<\/p>\n","protected":false},"author":2,"featured_media":88199,"comment_status":"closed","ping_status":"closed","sticky":false,"template":"","format":"standard","meta":{"om_disable_all_campaigns":false,"_monsterinsights_skip_tracking":false,"_monsterinsights_sitenote_active":false,"_monsterinsights_sitenote_note":"","_monsterinsights_sitenote_category":0},"categories":[4],"tags":[],"aioseo_notices":[],"gutentor_comment":0,"rttpg_featured_image_url":{"full":["https:\/\/arantv.az\/wp-content\/uploads\/2019\/10\/pr-2.jpg",606,465,false],"landscape":["https:\/\/arantv.az\/wp-content\/uploads\/2019\/10\/pr-2.jpg",606,465,false],"portraits":["https:\/\/arantv.az\/wp-content\/uploads\/2019\/10\/pr-2.jpg",606,465,false],"thumbnail":["https:\/\/arantv.az\/wp-content\/uploads\/2019\/10\/pr-2-150x150.jpg",150,150,true],"medium":["https:\/\/arantv.az\/wp-content\/uploads\/2019\/10\/pr-2-300x230.jpg",300,230,true],"large":["https:\/\/arantv.az\/wp-content\/uploads\/2019\/10\/pr-2.jpg",606,465,false],"1536x1536":["https:\/\/arantv.az\/wp-content\/uploads\/2019\/10\/pr-2.jpg",606,465,false],"2048x2048":["https:\/\/arantv.az\/wp-content\/uploads\/2019\/10\/pr-2.jpg",606,465,false],"post-thumbnail":["https:\/\/arantv.az\/wp-content\/uploads\/2019\/10\/pr-2-240x172.jpg",240,172,true],"advps-thumb-one":["https:\/\/arantv.az\/wp-content\/uploads\/2019\/10\/pr-2.jpg",606,465,false]},"rttpg_author":{"display_name":"V\u00fcsal Rafiqo\u011flu","author_link":"https:\/\/arantv.az\/?author=2"},"rttpg_comment":0,"rttpg_category":"<a href=\"https:\/\/arantv.az\/?cat=4\" rel=\"category\">Siyas\u0259t<\/a>","rttpg_excerpt":"G\u0259l\u0259n ilin fevral ay\u0131nda 86 ya\u015f\u0131 tamam olacaq Az\u0259rbaycan Milli Elml\u0259r Akademiyas\u0131n\u0131n (AMEA) Prezidenti Akif \u018flizad\u0259 v\u0259zif\u0259sind\u0259n istefa verib. Bu g\u00fcn AMEA-ya kimin r\u0259hb\u0259rlik ed\u0259c\u0259yi m\u0259lum olacaq. Az\u0259rbaycan Prezidenti \u0130lham \u018fliyevin ya\u015fl\u0131 n\u0259slin y\u00fcks\u0259k v\u0259zif\u0259li \u015f\u0259xsl\u0259rin\u0259 \u00fcnvanlad\u0131\u011f\u0131 \u00e7a\u011f\u0131r\u0131\u015f\u0131n\u0131 e\u015fid\u0259n Akif \u018flizad\u0259y\u0259 h\u00f6rm\u0259t etm\u0259y\u0259 d\u0259y\u0259r. X\u00fcsusil\u0259 prezident iki g\u00fcn \u0259vv\u0259l s\u0259hh\u0259tin\u0259 g\u00f6r\u0259 t\u0259qa\u00fcd\u0259 \u00e7\u0131xan \u00f6lk\u0259nin Ba\u015f&hellip;","_links":{"self":[{"href":"https:\/\/arantv.az\/index.php?rest_route=\/wp\/v2\/posts\/88198"}],"collection":[{"href":"https:\/\/arantv.az\/index.php?rest_route=\/wp\/v2\/posts"}],"about":[{"href":"https:\/\/arantv.az\/index.php?rest_route=\/wp\/v2\/types\/post"}],"author":[{"embeddable":true,"href":"https:\/\/arantv.az\/index.php?rest_route=\/wp\/v2\/users\/2"}],"replies":[{"embeddable":true,"href":"https:\/\/arantv.az\/index.php?rest_route=%2Fwp%2Fv2%2Fcomments&post=88198"}],"version-history":[{"count":0,"href":"https:\/\/arantv.az\/index.php?rest_route=\/wp\/v2\/posts\/88198\/revisions"}],"wp:featuredmedia":[{"embeddable":true,"href":"https:\/\/arantv.az\/index.php?rest_route=\/wp\/v2\/media\/88199"}],"wp:attachment":[{"href":"https:\/\/arantv.az\/index.php?rest_route=%2Fwp%2Fv2%2Fmedia&parent=88198"}],"wp:term":[{"taxonomy":"category","embeddable":true,"href":"https:\/\/arantv.az\/index.php?rest_route=%2Fwp%2Fv2%2Fcategories&post=88198"},{"taxonomy":"post_tag","embeddable":true,"href":"https:\/\/arantv.az\/index.php?rest_route=%2Fwp%2Fv2%2Ftags&post=88198"}],"curies":[{"name":"wp","href":"https:\/\/api.w.org\/{rel}","templated":true}]}}