{"id":88202,"date":"2019-10-23T10:09:10","date_gmt":"2019-10-23T07:09:10","guid":{"rendered":"http:\/\/arantv.az\/?p=88202"},"modified":"2019-10-23T10:09:10","modified_gmt":"2019-10-23T07:09:10","slug":"az%c9%99rbaycanda-aparilan-koklu-islahatlar-iqtisadi-dayaniqli-inkisaf-modelini-t%c9%99min-edib","status":"publish","type":"post","link":"https:\/\/arantv.az\/?p=88202","title":{"rendered":"Az\u0259rbaycanda apar\u0131lan k\u00f6kl\u00fc islahatlar iqtisadi dayan\u0131ql\u0131 inki\u015faf modelini t\u0259min edib"},"content":{"rendered":"<blockquote><p><em><strong>D\u00f6vl\u0259t ba\u015f\u00e7\u0131s\u0131n\u0131n r\u0259hb\u0259rliyi il\u0259 ke\u00e7irilmi\u015f iqtisadi islahatlar Az\u0259rbaycan\u0131n dayan\u0131ql\u0131 inki\u015faf modelini t\u0259min edib.<\/strong><\/em><\/p><\/blockquote>\n<p><strong>ARANTV.AZ\u00a0<\/strong> x\u0259b\u0259r verir ki, bunu\u00a0<a href=\"https:\/\/az.trend.az\/\" target=\"_blank\" rel=\"noopener\">Trend<\/a>-\u0259 Milli M\u0259clisin deputat\u0131, \u0130qtisadi siyas\u0259t, s\u0259naye v\u0259 sahibkarl\u0131q komit\u0259sinin \u00fczv\u00fc R\u00fcf\u0259t Quliyev deyib.<\/p>\n<p>Onun s\u00f6zl\u0259rin\u0259 g\u00f6r\u0259, Az\u0259rbaycan\u0131n qeyri-neft sektorunda iqtisadi art\u0131m onu g\u00f6st\u0259rir ki, \u00f6lk\u0259d\u0259 \u015fax\u0259l\u0259ndirm\u0259 m\u0259qs\u0259di il\u0259 at\u0131lan add\u0131mlar m\u00fcsb\u0259t n\u0259tic\u0259l\u0259r verir:<\/p>\n<p>&#8220;Az\u0259rbaycan\u0131n d\u00f6vl\u0259t ba\u015f\u00e7\u0131s\u0131 \u00f6z \u00e7\u0131x\u0131\u015f\u0131nda birm\u0259nal\u0131 \u015f\u0259kild\u0259 iqtisadi g\u00f6st\u0259ricil\u0259r \u00fczr\u0259 daha y\u00fcks\u0259k n\u0259tic\u0259l\u0259rin \u0259ld\u0259 olunmas\u0131 \u00fc\u00e7\u00fcn potensial v\u0259 imkanlar\u0131n oldu\u011funu qeyd etdi. Hesabat d\u00f6vr\u00fcnd\u0259 \u0259n b\u00f6y\u00fck art\u0131m\u0131n qeyri-neft sektorunda qeyd\u0259 al\u0131nmas\u0131 \u00f6lk\u0259d\u0259 iqtisadiyyat\u0131n m\u00fcxt\u0259lif sah\u0259l\u0259rin\u0259 \u0259lveri\u015fli t\u0259sir g\u00f6st\u0259rmi\u015f k\u00f6kl\u00fc islahatlar\u0131n n\u0259tic\u0259sidir. Bu islahatlar\u0131n n\u0259tic\u0259si olaraq iqtisadiyyat\u0131n \u0259n vacib sah\u0259sind\u0259 &#8211; k\u0259nd t\u0259s\u0259rr\u00fcfat\u0131nda m\u00fch\u00fcm art\u0131m m\u00fc\u015fahid\u0259 olunur. Doqquz ay \u0259rzind\u0259 k\u0259nd t\u0259s\u0259rr\u00fcfat\u0131n\u0131n 7 faizd\u0259n \u00e7ox artmas\u0131 yax\u015f\u0131 n\u0259tic\u0259dir v\u0259 bu fakt d\u00f6vl\u0259t ba\u015f\u00e7\u0131s\u0131n\u0131n diqq\u0259tind\u0259n k\u0259narda qalmad\u0131&#8221;.<\/p>\n<p>Deputat qeyd edib ki, d\u00fc\u015f\u00fcn\u00fclm\u00fc\u015f d\u00f6vl\u0259t siyas\u0259ti n\u0259tic\u0259sind\u0259 Az\u0259rbaycan\u0131n d\u00f6vl\u0259t borcu a\u015fa\u011f\u0131 s\u0259viyy\u0259d\u0259dir v\u0259 \u00fcm\u00fcmi daxili m\u0259hsulun c\u0259mi 17 faizini t\u0259\u015fkil edir:<\/p>\n<p>&#8220;Az\u0259rbaycan\u0131n bu g\u00f6st\u0259rici \u00fczr\u0259 d\u00fcnyada doqquzuncu yeri tutmas\u0131 rekord nailiyy\u0259tdir v\u0259 h\u0259r il xarici d\u00f6vl\u0259t borcunu azaltmaq laz\u0131md\u0131r. Eyni zamanda u\u011furlu islahatlar\u0131n daha bir g\u00f6st\u0259ricisi inflyasiyan\u0131n a\u015fa\u011f\u0131 s\u0259viyy\u0259sidir. \u018fvv\u0259lki ill\u0259rl\u0259 m\u00fcqayis\u0259d\u0259 bu g\u00f6st\u0259rici \u0259h\u0259miyy\u0259tli d\u0259r\u0259c\u0259d\u0259 azal\u0131b. \u018fhalinin g\u0259lirl\u0259ri inflyasiyan\u0131 \u00fcst\u0259l\u0259yir v\u0259 bu, bilavasit\u0259 Az\u0259rbaycan v\u0259t\u0259nda\u015flar\u0131n\u0131n maddi rifah\u0131n\u0131n yax\u015f\u0131la\u015fmas\u0131n\u0131 g\u00f6st\u0259rir. Bu da g\u00f6zl\u0259nil\u0259n idi, \u00e7\u00fcnki \u00f6lk\u0259 r\u0259hb\u0259rliyinin diqq\u0259t m\u0259rk\u0259zind\u0259 daim v\u0259t\u0259nda\u015f amili, onun rifah\u0131 yer al\u0131r. Bu vacib amili n\u0259z\u0259r\u0259 almaqla, \u00f6lk\u0259d\u0259 4,2 milyondan \u00e7ox insan\u0131n maddi rifah\u0131na y\u00f6n\u0259lmi\u015f ciddi sosial paket realla\u015fd\u0131r\u0131ld\u0131 v\u0259 bunun n\u0259tic\u0259sind\u0259 pensiyalar, \u0259m\u0259khaqlar\u0131, m\u00fcavin\u0259tl\u0259r art\u0131r\u0131ld\u0131. Haz\u0131rda Az\u0259rbaycan minimum pensiyan\u0131n al\u0131c\u0131l\u0131q qabiliyy\u0259tinin s\u0259viyy\u0259sin\u0259 g\u00f6r\u0259 MDB m\u0259kan\u0131nda birinci yerd\u0259, orta ayl\u0131q pensiyan\u0131n h\u0259cmin\u0259 g\u00f6r\u0259 is\u0259 \u00fc\u00e7\u00fcnc\u00fc yerd\u0259dir. Bu da b\u00f6y\u00fck nailiyy\u0259tdir&#8221;.<\/p>\n<p>R.Quliyev &#8220;Doing Business&#8221; hesabat\u0131nda Az\u0259rbaycan\u0131n biznes m\u00fchitin\u0259 g\u00f6r\u0259 d\u00fcnya miqyas\u0131nda 25-ci yerd\u0259, son hesabatda is\u0259 yen\u0259 d\u0259 20 \u0259n islahat\u00e7\u0131 \u00f6lk\u0259 s\u0131ras\u0131nda yer almas\u0131n\u0131 m\u00fcsb\u0259t amil adland\u0131r\u0131b:<\/p>\n<p>&#8220;Az\u0259rbaycan enerji da\u015f\u0131y\u0131c\u0131lar\u0131 bazar\u0131nda vacib i\u015ftirak\u00e7\u0131lardan birin\u0259 \u00e7evrilib. Bu h\u0259m &#8220;\u018fsrin m\u00fcqavil\u0259si&#8221;n\u0259, h\u0259m onun m\u00fcdd\u0259tinin uzad\u0131lmas\u0131na, Trans-Adriatik v\u0259 Trans-Anadolu boru k\u0259m\u0259rl\u0259rinin tikintisin\u0259, h\u0259m d\u0259 Az\u0259rbaycan\u0131n n\u0259qliyyat qov\u015fa\u011f\u0131na \u00e7evrilm\u0259si m\u0259qs\u0259din\u0259 aiddir. \u00d6lk\u0259 qeyri-neft sektorunun qabaqlay\u0131c\u0131 inki\u015faf\u0131 kursunu g\u00f6t\u00fcr\u00fcb v\u0259 idxal \u0259v\u0259zetm\u0259 v\u0259 ixracy\u00f6n\u00fcml\u00fc modell\u0259rin formala\u015fmas\u0131na x\u00fcsusi diqq\u0259t ayr\u0131l\u0131r. Bug\u00fcnk\u00fc Az\u0259rbaycan t\u0259kc\u0259 \u00f6z iqtisadiyyat\u0131n\u0131 inki\u015faf etdir\u0259n deyil, h\u0259m d\u0259 dig\u0259r \u00f6lk\u0259l\u0259r\u0259 aktiv \u015f\u0259kild\u0259 investisiya yerl\u0259\u015fdir\u0259n \u00f6lk\u0259dir. \u00d6lk\u0259 u\u011furlu iqtisadi inki\u015faf\u0131n\u0131 Az\u0259rbaycan Prezidentinin r\u0259hb\u0259rliyi alt\u0131nda realla\u015fd\u0131r\u0131lan sosial-iqtisadi inki\u015faf modelin\u0259 borcludur&#8221;.<\/p>\n","protected":false},"excerpt":{"rendered":"<p>D\u00f6vl\u0259t ba\u015f\u00e7\u0131s\u0131n\u0131n r\u0259hb\u0259rliyi il\u0259 ke\u00e7irilmi\u015f iqtisadi islahatlar Az\u0259rbaycan\u0131n dayan\u0131ql\u0131 inki\u015faf modelini t\u0259min edib. ARANTV.AZ\u00a0 x\u0259b\u0259r verir ki, bunu\u00a0Trend-\u0259 Milli M\u0259clisin deputat\u0131, \u0130qtisadi siyas\u0259t, s\u0259naye v\u0259 sahibkarl\u0131q komit\u0259sinin \u00fczv\u00fc R\u00fcf\u0259t Quliyev deyib. Onun s\u00f6zl\u0259rin\u0259 g\u00f6r\u0259, Az\u0259rbaycan\u0131n qeyri-neft sektorunda iqtisadi art\u0131m onu g\u00f6st\u0259rir ki, \u00f6lk\u0259d\u0259 \u015fax\u0259l\u0259ndirm\u0259 m\u0259qs\u0259di il\u0259 at\u0131lan add\u0131mlar m\u00fcsb\u0259t n\u0259tic\u0259l\u0259r verir: &#8220;Az\u0259rbaycan\u0131n d\u00f6vl\u0259t ba\u015f\u00e7\u0131s\u0131 \u00f6z \u00e7\u0131x\u0131\u015f\u0131nda birm\u0259nal\u0131 \u015f\u0259kild\u0259 iqtisadi g\u00f6st\u0259ricil\u0259r \u00fczr\u0259 daha y\u00fcks\u0259k n\u0259tic\u0259l\u0259rin \u0259ld\u0259 olunmas\u0131 \u00fc\u00e7\u00fcn potensial v\u0259 imkanlar\u0131n oldu\u011funu qeyd etdi. Hesabat d\u00f6vr\u00fcnd\u0259 \u0259n b\u00f6y\u00fck art\u0131m\u0131n qeyri-neft sektorunda qeyd\u0259 al\u0131nmas\u0131 \u00f6lk\u0259d\u0259 iqtisadiyyat\u0131n m\u00fcxt\u0259lif sah\u0259l\u0259rin\u0259 \u0259lveri\u015fli t\u0259sir g\u00f6st\u0259rmi\u015f k\u00f6kl\u00fc&hellip;<\/p>\n","protected":false},"author":2,"featured_media":88203,"comment_status":"closed","ping_status":"closed","sticky":false,"template":"","format":"standard","meta":{"om_disable_all_campaigns":false,"_monsterinsights_skip_tracking":false,"_monsterinsights_sitenote_active":false,"_monsterinsights_sitenote_note":"","_monsterinsights_sitenote_category":0},"categories":[19],"tags":[],"aioseo_notices":[],"gutentor_comment":0,"rttpg_featured_image_url":{"full":["https:\/\/arantv.az\/wp-content\/uploads\/2019\/10\/796345.jpg",800,600,false],"landscape":["https:\/\/arantv.az\/wp-content\/uploads\/2019\/10\/796345.jpg",800,600,false],"portraits":["https:\/\/arantv.az\/wp-content\/uploads\/2019\/10\/796345.jpg",800,600,false],"thumbnail":["https:\/\/arantv.az\/wp-content\/uploads\/2019\/10\/796345-150x150.jpg",150,150,true],"medium":["https:\/\/arantv.az\/wp-content\/uploads\/2019\/10\/796345-300x225.jpg",300,225,true],"large":["https:\/\/arantv.az\/wp-content\/uploads\/2019\/10\/796345.jpg",640,480,false],"1536x1536":["https:\/\/arantv.az\/wp-content\/uploads\/2019\/10\/796345.jpg",800,600,false],"2048x2048":["https:\/\/arantv.az\/wp-content\/uploads\/2019\/10\/796345.jpg",800,600,false],"post-thumbnail":["https:\/\/arantv.az\/wp-content\/uploads\/2019\/10\/796345-240x172.jpg",240,172,true],"advps-thumb-one":["https:\/\/arantv.az\/wp-content\/uploads\/2019\/10\/796345.jpg",800,600,false]},"rttpg_author":{"display_name":"V\u00fcsal Rafiqo\u011flu","author_link":"https:\/\/arantv.az\/?author=2"},"rttpg_comment":0,"rttpg_category":"<a href=\"https:\/\/arantv.az\/?cat=19\" rel=\"category\">G\u00fcnd\u0259m<\/a>","rttpg_excerpt":"D\u00f6vl\u0259t ba\u015f\u00e7\u0131s\u0131n\u0131n r\u0259hb\u0259rliyi il\u0259 ke\u00e7irilmi\u015f iqtisadi islahatlar Az\u0259rbaycan\u0131n dayan\u0131ql\u0131 inki\u015faf modelini t\u0259min edib. ARANTV.AZ\u00a0 x\u0259b\u0259r verir ki, bunu\u00a0Trend-\u0259 Milli M\u0259clisin deputat\u0131, \u0130qtisadi siyas\u0259t, s\u0259naye v\u0259 sahibkarl\u0131q komit\u0259sinin \u00fczv\u00fc R\u00fcf\u0259t Quliyev deyib. Onun s\u00f6zl\u0259rin\u0259 g\u00f6r\u0259, Az\u0259rbaycan\u0131n qeyri-neft sektorunda iqtisadi art\u0131m onu g\u00f6st\u0259rir ki, \u00f6lk\u0259d\u0259 \u015fax\u0259l\u0259ndirm\u0259 m\u0259qs\u0259di il\u0259 at\u0131lan add\u0131mlar m\u00fcsb\u0259t n\u0259tic\u0259l\u0259r verir: &#8220;Az\u0259rbaycan\u0131n d\u00f6vl\u0259t ba\u015f\u00e7\u0131s\u0131 \u00f6z&hellip;","_links":{"self":[{"href":"https:\/\/arantv.az\/index.php?rest_route=\/wp\/v2\/posts\/88202"}],"collection":[{"href":"https:\/\/arantv.az\/index.php?rest_route=\/wp\/v2\/posts"}],"about":[{"href":"https:\/\/arantv.az\/index.php?rest_route=\/wp\/v2\/types\/post"}],"author":[{"embeddable":true,"href":"https:\/\/arantv.az\/index.php?rest_route=\/wp\/v2\/users\/2"}],"replies":[{"embeddable":true,"href":"https:\/\/arantv.az\/index.php?rest_route=%2Fwp%2Fv2%2Fcomments&post=88202"}],"version-history":[{"count":0,"href":"https:\/\/arantv.az\/index.php?rest_route=\/wp\/v2\/posts\/88202\/revisions"}],"wp:featuredmedia":[{"embeddable":true,"href":"https:\/\/arantv.az\/index.php?rest_route=\/wp\/v2\/media\/88203"}],"wp:attachment":[{"href":"https:\/\/arantv.az\/index.php?rest_route=%2Fwp%2Fv2%2Fmedia&parent=88202"}],"wp:term":[{"taxonomy":"category","embeddable":true,"href":"https:\/\/arantv.az\/index.php?rest_route=%2Fwp%2Fv2%2Fcategories&post=88202"},{"taxonomy":"post_tag","embeddable":true,"href":"https:\/\/arantv.az\/index.php?rest_route=%2Fwp%2Fv2%2Ftags&post=88202"}],"curies":[{"name":"wp","href":"https:\/\/api.w.org\/{rel}","templated":true}]}}