{"id":88206,"date":"2019-10-23T10:12:39","date_gmt":"2019-10-23T07:12:39","guid":{"rendered":"http:\/\/arantv.az\/?p=88206"},"modified":"2019-10-23T10:12:39","modified_gmt":"2019-10-23T07:12:39","slug":"yeni-bas-nazir-islahatlara-basladi-3-n%c9%99f%c9%99r-isd%c9%99n-cixarildi","status":"publish","type":"post","link":"https:\/\/arantv.az\/?p=88206","title":{"rendered":"Yeni Ba\u015f nazir \u0130SLAHATLARA BA\u015eLADI &#8211; 3 n\u0259f\u0259r i\u015fd\u0259n \u00e7\u0131xar\u0131ld\u0131"},"content":{"rendered":"<p><strong>Nazirl\u0259r Kabinetinin \u0130\u015fl\u0259r m\u00fcdiri v\u0259 Ba\u015f nazirin k\u00f6m\u0259k\u00e7il\u0259ri v\u0259zif\u0259sind\u0259n azad edilib.<\/strong><\/p>\n<p><strong>ARANTV.AZ<\/strong> APA-ya istinad\u0259n x\u0259b\u0259r verir ki, Ba\u015f nazir \u018fli \u018fs\u0259dovun m\u00fcvafiq s\u0259r\u0259ncam\u0131 il\u0259 Nazirl\u0259r Kabinetinin \u0130\u015fl\u0259r m\u00fcdiri Adil \u018fhm\u0259dov v\u0259zif\u0259sind\u0259n azad olunub.<\/p>\n<p>Ba\u015f nazir \u018f.\u018fs\u0259dovun dig\u0259r s\u0259r\u0259ncamlar\u0131 il\u0259 d\u00f6vl\u0259t qullu\u011funda olman\u0131n ya\u015f h\u0259ddin\u0259 \u00e7atmas\u0131 il\u0259 \u0259laq\u0259dar Az\u0259rbaycan Respublikas\u0131 Ba\u015f nazirinin k\u00f6m\u0259k\u00e7il\u0259ri Tofiq Sar\u0131calinski v\u0259 Natiq \u018fzizov tutduqlar\u0131 v\u0259zif\u0259d\u0259n azad edilibl\u0259r.<\/p>\n<p>Nazirl\u0259r Kabineti Aparat\u0131n\u0131n yeni \u0130\u015fl\u0259r m\u00fcdiri v\u0259 Ba\u015f nazirin yeni k\u00f6m\u0259k\u00e7isi t\u0259yin edilib.<\/p>\n<div>\n<div id=\"AdviadNativeVideo0\" class=\"AdviadNativeVideo\"><\/div>\n<\/div>\n<p>Ba\u015f nazir \u018fli \u018fs\u0259dovun m\u00fcvafiq s\u0259r\u0259ncam\u0131 il\u0259 Hikm\u0259t X\u0259lilov Nazirl\u0259r Kabineti Aparat\u0131n\u0131 \u0130\u015fl\u0259r m\u00fcdiri, \u018fl\u0259sg\u0259r \u018fl\u0259sg\u0259rov is\u0259 Ba\u015f nazirin k\u00f6m\u0259k\u00e7isi t\u0259yin olunub.<\/p>\n","protected":false},"excerpt":{"rendered":"<p>Nazirl\u0259r Kabinetinin \u0130\u015fl\u0259r m\u00fcdiri v\u0259 Ba\u015f nazirin k\u00f6m\u0259k\u00e7il\u0259ri v\u0259zif\u0259sind\u0259n azad edilib. ARANTV.AZ APA-ya istinad\u0259n x\u0259b\u0259r verir ki, Ba\u015f nazir \u018fli \u018fs\u0259dovun m\u00fcvafiq s\u0259r\u0259ncam\u0131 il\u0259 Nazirl\u0259r Kabinetinin \u0130\u015fl\u0259r m\u00fcdiri Adil \u018fhm\u0259dov v\u0259zif\u0259sind\u0259n azad olunub. Ba\u015f nazir \u018f.\u018fs\u0259dovun dig\u0259r s\u0259r\u0259ncamlar\u0131 il\u0259 d\u00f6vl\u0259t qullu\u011funda olman\u0131n ya\u015f h\u0259ddin\u0259 \u00e7atmas\u0131 il\u0259 \u0259laq\u0259dar Az\u0259rbaycan Respublikas\u0131 Ba\u015f nazirinin k\u00f6m\u0259k\u00e7il\u0259ri Tofiq Sar\u0131calinski v\u0259 Natiq \u018fzizov tutduqlar\u0131 v\u0259zif\u0259d\u0259n azad edilibl\u0259r. Nazirl\u0259r Kabineti Aparat\u0131n\u0131n yeni \u0130\u015fl\u0259r m\u00fcdiri v\u0259 Ba\u015f nazirin yeni k\u00f6m\u0259k\u00e7isi t\u0259yin edilib. Ba\u015f nazir \u018fli \u018fs\u0259dovun m\u00fcvafiq s\u0259r\u0259ncam\u0131 il\u0259 Hikm\u0259t X\u0259lilov Nazirl\u0259r Kabineti Aparat\u0131n\u0131 \u0130\u015fl\u0259r m\u00fcdiri, \u018fl\u0259sg\u0259r \u018fl\u0259sg\u0259rov&hellip;<\/p>\n","protected":false},"author":2,"featured_media":88207,"comment_status":"closed","ping_status":"closed","sticky":false,"template":"","format":"standard","meta":{"om_disable_all_campaigns":false,"_monsterinsights_skip_tracking":false,"_monsterinsights_sitenote_active":false,"_monsterinsights_sitenote_note":"","_monsterinsights_sitenote_category":0},"categories":[1],"tags":[],"aioseo_notices":[],"gutentor_comment":0,"rttpg_featured_image_url":{"full":["https:\/\/arantv.az\/wp-content\/uploads\/2019\/10\/nazirler_kabineti_054.jpg",800,600,false],"landscape":["https:\/\/arantv.az\/wp-content\/uploads\/2019\/10\/nazirler_kabineti_054.jpg",800,600,false],"portraits":["https:\/\/arantv.az\/wp-content\/uploads\/2019\/10\/nazirler_kabineti_054.jpg",800,600,false],"thumbnail":["https:\/\/arantv.az\/wp-content\/uploads\/2019\/10\/nazirler_kabineti_054-150x150.jpg",150,150,true],"medium":["https:\/\/arantv.az\/wp-content\/uploads\/2019\/10\/nazirler_kabineti_054-300x225.jpg",300,225,true],"large":["https:\/\/arantv.az\/wp-content\/uploads\/2019\/10\/nazirler_kabineti_054.jpg",640,480,false],"1536x1536":["https:\/\/arantv.az\/wp-content\/uploads\/2019\/10\/nazirler_kabineti_054.jpg",800,600,false],"2048x2048":["https:\/\/arantv.az\/wp-content\/uploads\/2019\/10\/nazirler_kabineti_054.jpg",800,600,false],"post-thumbnail":["https:\/\/arantv.az\/wp-content\/uploads\/2019\/10\/nazirler_kabineti_054-240x172.jpg",240,172,true],"advps-thumb-one":["https:\/\/arantv.az\/wp-content\/uploads\/2019\/10\/nazirler_kabineti_054.jpg",800,600,false]},"rttpg_author":{"display_name":"V\u00fcsal Rafiqo\u011flu","author_link":"https:\/\/arantv.az\/?author=2"},"rttpg_comment":0,"rttpg_category":"<a href=\"https:\/\/arantv.az\/?cat=1\" rel=\"category\">C\u0259miyy\u0259t<\/a>","rttpg_excerpt":"Nazirl\u0259r Kabinetinin \u0130\u015fl\u0259r m\u00fcdiri v\u0259 Ba\u015f nazirin k\u00f6m\u0259k\u00e7il\u0259ri v\u0259zif\u0259sind\u0259n azad edilib. ARANTV.AZ APA-ya istinad\u0259n x\u0259b\u0259r verir ki, Ba\u015f nazir \u018fli \u018fs\u0259dovun m\u00fcvafiq s\u0259r\u0259ncam\u0131 il\u0259 Nazirl\u0259r Kabinetinin \u0130\u015fl\u0259r m\u00fcdiri Adil \u018fhm\u0259dov v\u0259zif\u0259sind\u0259n azad olunub. Ba\u015f nazir \u018f.\u018fs\u0259dovun dig\u0259r s\u0259r\u0259ncamlar\u0131 il\u0259 d\u00f6vl\u0259t qullu\u011funda olman\u0131n ya\u015f h\u0259ddin\u0259 \u00e7atmas\u0131 il\u0259 \u0259laq\u0259dar Az\u0259rbaycan Respublikas\u0131 Ba\u015f nazirinin k\u00f6m\u0259k\u00e7il\u0259ri Tofiq Sar\u0131calinski v\u0259&hellip;","_links":{"self":[{"href":"https:\/\/arantv.az\/index.php?rest_route=\/wp\/v2\/posts\/88206"}],"collection":[{"href":"https:\/\/arantv.az\/index.php?rest_route=\/wp\/v2\/posts"}],"about":[{"href":"https:\/\/arantv.az\/index.php?rest_route=\/wp\/v2\/types\/post"}],"author":[{"embeddable":true,"href":"https:\/\/arantv.az\/index.php?rest_route=\/wp\/v2\/users\/2"}],"replies":[{"embeddable":true,"href":"https:\/\/arantv.az\/index.php?rest_route=%2Fwp%2Fv2%2Fcomments&post=88206"}],"version-history":[{"count":0,"href":"https:\/\/arantv.az\/index.php?rest_route=\/wp\/v2\/posts\/88206\/revisions"}],"wp:featuredmedia":[{"embeddable":true,"href":"https:\/\/arantv.az\/index.php?rest_route=\/wp\/v2\/media\/88207"}],"wp:attachment":[{"href":"https:\/\/arantv.az\/index.php?rest_route=%2Fwp%2Fv2%2Fmedia&parent=88206"}],"wp:term":[{"taxonomy":"category","embeddable":true,"href":"https:\/\/arantv.az\/index.php?rest_route=%2Fwp%2Fv2%2Fcategories&post=88206"},{"taxonomy":"post_tag","embeddable":true,"href":"https:\/\/arantv.az\/index.php?rest_route=%2Fwp%2Fv2%2Ftags&post=88206"}],"curies":[{"name":"wp","href":"https:\/\/api.w.org\/{rel}","templated":true}]}}