{"id":88238,"date":"2019-10-23T11:30:48","date_gmt":"2019-10-23T08:30:48","guid":{"rendered":"http:\/\/arantv.az\/?p=88238"},"modified":"2019-10-23T11:30:48","modified_gmt":"2019-10-23T08:30:48","slug":"rusiya-taxil-ittifaqinin-vitse-prezidenti-az%c9%99rbaycan-regionlararasi-taxil-logistikasinda-xususi-yer-tutur","status":"publish","type":"post","link":"https:\/\/arantv.az\/?p=88238","title":{"rendered":"Rusiya Tax\u0131l \u0130ttifaq\u0131n\u0131n vitse-prezidenti: &#8220;Az\u0259rbaycan regionlararas\u0131 tax\u0131l logistikas\u0131nda x\u00fcsusi yer tutur&#8221;"},"content":{"rendered":"<blockquote><p><em><strong>Az\u0259rbaycan\u0131n regionlararas\u0131 tax\u0131l logistikas\u0131nda rolu m\u00fcst\u0259snad\u0131r.<\/strong><\/em><\/p><\/blockquote>\n<p><strong>ARANTV.AZ<\/strong>\u00a0\u00a0<a href=\"https:\/\/az.trend.az\/\" target=\"_blank\" rel=\"noopener\">Trend<\/a>-\u0259 istinad\u0259n x\u0259b\u0259r verir ki, bunu Rusiya Tax\u0131l \u0130ttifaq\u0131n\u0131n vitse-prezidenti Aleksandr Korbut bu g\u00fcn Bak\u0131da ke\u00e7iril\u0259n Beyn\u0259lxalq Tax\u0131l\u00e7\u0131l\u0131q Forumunda deyib.<\/p>\n<p>Onun s\u00f6zl\u0259rin\u0259 g\u00f6r\u0259, Az\u0259rbaycan\u0131n unikal co\u011frafi m\u00f6vqeyi ona geni\u015f tranzit potensial\u0131 t\u0259qdim edir v\u0259 \u00f6lk\u0259ni beyn\u0259lxalq tax\u0131l ticar\u0259ti d\u00f6vriyy\u0259sind\u0259 vacib i\u015ftirak\u00e7\u0131ya \u00e7evirir:<\/p>\n<p>&#8220;Beyn\u0259lxalq t\u0259\u015fkilatlar Az\u0259rbaycan\u0131 gah \u015e\u0259rqi Avropaya, gah M\u0259rk\u0259zi Asiyaya, gah da Yax\u0131n \u015e\u0259rq\u0259 aid edir. Az\u0259rbaycan bu \u00fc\u00e7 regionla eyni anda \u0259m\u0259kda\u015fl\u0131q etm\u0259kl\u0259 dig\u0259r \u00f6lk\u0259l\u0259rin maraqlar\u0131n\u0131 t\u0259msil ed\u0259 v\u0259 m\u0259hsullar\u0131n tranzitini t\u0259min ed\u0259 bil\u0259r. Bu, m\u00fcst\u0259sna roldur v\u0259 Az\u0259rbaycan h\u00f6kum\u0259tinin g\u00f6rd\u00fcy\u00fc i\u015f onu g\u00f6st\u0259rir ki, \u00f6lk\u0259 bunun \u00f6hd\u0259sind\u0259n g\u0259lir&#8221;.<\/p>\n","protected":false},"excerpt":{"rendered":"<p>Az\u0259rbaycan\u0131n regionlararas\u0131 tax\u0131l logistikas\u0131nda rolu m\u00fcst\u0259snad\u0131r. ARANTV.AZ\u00a0\u00a0Trend-\u0259 istinad\u0259n x\u0259b\u0259r verir ki, bunu Rusiya Tax\u0131l \u0130ttifaq\u0131n\u0131n vitse-prezidenti Aleksandr Korbut bu g\u00fcn Bak\u0131da ke\u00e7iril\u0259n Beyn\u0259lxalq Tax\u0131l\u00e7\u0131l\u0131q Forumunda deyib. Onun s\u00f6zl\u0259rin\u0259 g\u00f6r\u0259, Az\u0259rbaycan\u0131n unikal co\u011frafi m\u00f6vqeyi ona geni\u015f tranzit potensial\u0131 t\u0259qdim edir v\u0259 \u00f6lk\u0259ni beyn\u0259lxalq tax\u0131l ticar\u0259ti d\u00f6vriyy\u0259sind\u0259 vacib i\u015ftirak\u00e7\u0131ya \u00e7evirir: &#8220;Beyn\u0259lxalq t\u0259\u015fkilatlar Az\u0259rbaycan\u0131 gah \u015e\u0259rqi Avropaya, gah M\u0259rk\u0259zi Asiyaya, gah da Yax\u0131n \u015e\u0259rq\u0259 aid edir. Az\u0259rbaycan bu \u00fc\u00e7 regionla eyni anda \u0259m\u0259kda\u015fl\u0131q etm\u0259kl\u0259 dig\u0259r \u00f6lk\u0259l\u0259rin maraqlar\u0131n\u0131 t\u0259msil ed\u0259 v\u0259 m\u0259hsullar\u0131n tranzitini t\u0259min ed\u0259 bil\u0259r. Bu, m\u00fcst\u0259sna roldur v\u0259 Az\u0259rbaycan h\u00f6kum\u0259tinin g\u00f6rd\u00fcy\u00fc i\u015f&hellip;<\/p>\n","protected":false},"author":2,"featured_media":88239,"comment_status":"closed","ping_status":"closed","sticky":false,"template":"","format":"standard","meta":{"om_disable_all_campaigns":false,"_monsterinsights_skip_tracking":false,"_monsterinsights_sitenote_active":false,"_monsterinsights_sitenote_note":"","_monsterinsights_sitenote_category":0},"categories":[19],"tags":[],"aioseo_notices":[],"gutentor_comment":0,"rttpg_featured_image_url":{"full":["https:\/\/arantv.az\/wp-content\/uploads\/2019\/10\/796398.jpg",800,600,false],"landscape":["https:\/\/arantv.az\/wp-content\/uploads\/2019\/10\/796398.jpg",800,600,false],"portraits":["https:\/\/arantv.az\/wp-content\/uploads\/2019\/10\/796398.jpg",800,600,false],"thumbnail":["https:\/\/arantv.az\/wp-content\/uploads\/2019\/10\/796398-150x150.jpg",150,150,true],"medium":["https:\/\/arantv.az\/wp-content\/uploads\/2019\/10\/796398-300x225.jpg",300,225,true],"large":["https:\/\/arantv.az\/wp-content\/uploads\/2019\/10\/796398.jpg",640,480,false],"1536x1536":["https:\/\/arantv.az\/wp-content\/uploads\/2019\/10\/796398.jpg",800,600,false],"2048x2048":["https:\/\/arantv.az\/wp-content\/uploads\/2019\/10\/796398.jpg",800,600,false],"post-thumbnail":["https:\/\/arantv.az\/wp-content\/uploads\/2019\/10\/796398-240x172.jpg",240,172,true],"advps-thumb-one":["https:\/\/arantv.az\/wp-content\/uploads\/2019\/10\/796398.jpg",800,600,false]},"rttpg_author":{"display_name":"V\u00fcsal Rafiqo\u011flu","author_link":"https:\/\/arantv.az\/?author=2"},"rttpg_comment":0,"rttpg_category":"<a href=\"https:\/\/arantv.az\/?cat=19\" rel=\"category\">G\u00fcnd\u0259m<\/a>","rttpg_excerpt":"Az\u0259rbaycan\u0131n regionlararas\u0131 tax\u0131l logistikas\u0131nda rolu m\u00fcst\u0259snad\u0131r. ARANTV.AZ\u00a0\u00a0Trend-\u0259 istinad\u0259n x\u0259b\u0259r verir ki, bunu Rusiya Tax\u0131l \u0130ttifaq\u0131n\u0131n vitse-prezidenti Aleksandr Korbut bu g\u00fcn Bak\u0131da ke\u00e7iril\u0259n Beyn\u0259lxalq Tax\u0131l\u00e7\u0131l\u0131q Forumunda deyib. Onun s\u00f6zl\u0259rin\u0259 g\u00f6r\u0259, Az\u0259rbaycan\u0131n unikal co\u011frafi m\u00f6vqeyi ona geni\u015f tranzit potensial\u0131 t\u0259qdim edir v\u0259 \u00f6lk\u0259ni beyn\u0259lxalq tax\u0131l ticar\u0259ti d\u00f6vriyy\u0259sind\u0259 vacib i\u015ftirak\u00e7\u0131ya \u00e7evirir: &#8220;Beyn\u0259lxalq t\u0259\u015fkilatlar Az\u0259rbaycan\u0131 gah \u015e\u0259rqi Avropaya, gah&hellip;","_links":{"self":[{"href":"https:\/\/arantv.az\/index.php?rest_route=\/wp\/v2\/posts\/88238"}],"collection":[{"href":"https:\/\/arantv.az\/index.php?rest_route=\/wp\/v2\/posts"}],"about":[{"href":"https:\/\/arantv.az\/index.php?rest_route=\/wp\/v2\/types\/post"}],"author":[{"embeddable":true,"href":"https:\/\/arantv.az\/index.php?rest_route=\/wp\/v2\/users\/2"}],"replies":[{"embeddable":true,"href":"https:\/\/arantv.az\/index.php?rest_route=%2Fwp%2Fv2%2Fcomments&post=88238"}],"version-history":[{"count":0,"href":"https:\/\/arantv.az\/index.php?rest_route=\/wp\/v2\/posts\/88238\/revisions"}],"wp:featuredmedia":[{"embeddable":true,"href":"https:\/\/arantv.az\/index.php?rest_route=\/wp\/v2\/media\/88239"}],"wp:attachment":[{"href":"https:\/\/arantv.az\/index.php?rest_route=%2Fwp%2Fv2%2Fmedia&parent=88238"}],"wp:term":[{"taxonomy":"category","embeddable":true,"href":"https:\/\/arantv.az\/index.php?rest_route=%2Fwp%2Fv2%2Fcategories&post=88238"},{"taxonomy":"post_tag","embeddable":true,"href":"https:\/\/arantv.az\/index.php?rest_route=%2Fwp%2Fv2%2Ftags&post=88238"}],"curies":[{"name":"wp","href":"https:\/\/api.w.org\/{rel}","templated":true}]}}