{"id":88242,"date":"2019-10-23T11:31:29","date_gmt":"2019-10-23T08:31:29","guid":{"rendered":"http:\/\/arantv.az\/?p=88242"},"modified":"2019-10-23T11:31:29","modified_gmt":"2019-10-23T08:31:29","slug":"nazir-muavini-az%c9%99rbaycan-taxil-logistikasinin-t%c9%99hluk%c9%99sizliyini-t%c9%99min-etm%c9%99k-qabiliyy%c9%99tind%c9%99dir","status":"publish","type":"post","link":"https:\/\/arantv.az\/?p=88242","title":{"rendered":"Nazir m\u00fcavini: &#8220;Az\u0259rbaycan tax\u0131l logistikas\u0131n\u0131n t\u0259hl\u00fck\u0259sizliyini t\u0259min etm\u0259k qabiliyy\u0259tind\u0259dir&#8221;"},"content":{"rendered":"<blockquote><p><em><strong>Az\u0259rbaycan \u00f6lk\u0259d\u0259n ke\u00e7\u0259n mar\u015frutlar vasit\u0259sil\u0259 tax\u0131l logistikas\u0131n\u0131n t\u0259hl\u00fck\u0259sizliyini t\u0259min etm\u0259k qabiliyy\u0259tind\u0259dir.<\/strong><\/em><\/p><\/blockquote>\n<p><strong>ARANTV.AZ<\/strong>\u00a0\u00a0<a href=\"https:\/\/az.trend.az\/\" target=\"_blank\" rel=\"noopener\">Trend<\/a>-\u0259 istinad\u0259n x\u0259b\u0259r verir ki, bunu Az\u0259rbaycan \u0130qtisadiyyat nazirinin m\u00fcavini R\u00fcf\u0259t M\u0259mm\u0259dov bu g\u00fcn Bak\u0131da ke\u00e7iril\u0259n Beyn\u0259lxalq Tax\u0131l\u00e7\u0131l\u0131q Forumunda bildirib.<\/p>\n<p>Nazir m\u00fcavini vur\u011fulay\u0131b ki, tax\u0131l bazar\u0131 d\u00fcnya iqtisadiyyat\u0131n\u0131n strateji vacib sektorudur v\u0259 Az\u0259rbaycan h\u00f6kum\u0259ti tax\u0131l istehsal\u0131 prosesinin t\u0259kmill\u0259\u015fdirilm\u0259si, infrastrukturun optimalla\u015fd\u0131r\u0131lmas\u0131, aqrar s\u0259nayenin d\u0259st\u0259kl\u0259nm\u0259si, fermerl\u0259rin subsidiyalarla t\u0259min olunmas\u0131 \u00fc\u00e7\u00fcn daim s\u0259y g\u00f6st\u0259rir.<\/p>\n<p>R.M\u0259mm\u0259dov Sahibkarl\u0131\u011f\u0131n \u0130nki\u015faf\u0131 Fondunun i\u015fini qeyd ed\u0259r\u0259k deyib ki, aqrar sektora 70 milyon dollardan \u00e7ox g\u00fcz\u0259\u015ft t\u0259qdim olunub, el\u0259c\u0259 d\u0259 \u00f6lk\u0259d\u0259 aqroparklar v\u0259 tax\u0131l\u0131n saxlanmas\u0131 \u00fc\u00e7\u00fcn elevatorlar yarad\u0131l\u0131r.<\/p>\n<div>\n<div id=\"AdviadNativeVideo0\" class=\"AdviadNativeVideo\">\n<div class=\"adviad-inboard\">\n<div>\n<div id=\"teads0\" class=\"adviad-player\"><\/div>\n<\/div>\n<\/div>\n<\/div>\n<\/div>\n<p>Nazirlik r\u0259smisi bildirib ki, 2018-ci ild\u0259 tax\u0131l istehsal\u0131 13 faiz artaraq 3,3 milyon ton, bu\u011fda istehsal\u0131 is\u0259 12 faiz artaraq iki milyon ton t\u0259\u015fkil edib. 2019-cu ilin ilk \u00fc\u00e7 r\u00fcb\u00fcn\u00fcn yekunlar\u0131na \u0259sas\u0259n, tax\u0131lkimil\u0259rin y\u0131\u011f\u0131m\u0131 3,4 milyon ton, bu\u011fda y\u0131\u011f\u0131m\u0131 2,2 milyon tona b\u0259rab\u0259r olub.<\/p>\n","protected":false},"excerpt":{"rendered":"<p>Az\u0259rbaycan \u00f6lk\u0259d\u0259n ke\u00e7\u0259n mar\u015frutlar vasit\u0259sil\u0259 tax\u0131l logistikas\u0131n\u0131n t\u0259hl\u00fck\u0259sizliyini t\u0259min etm\u0259k qabiliyy\u0259tind\u0259dir. ARANTV.AZ\u00a0\u00a0Trend-\u0259 istinad\u0259n x\u0259b\u0259r verir ki, bunu Az\u0259rbaycan \u0130qtisadiyyat nazirinin m\u00fcavini R\u00fcf\u0259t M\u0259mm\u0259dov bu g\u00fcn Bak\u0131da ke\u00e7iril\u0259n Beyn\u0259lxalq Tax\u0131l\u00e7\u0131l\u0131q Forumunda bildirib. Nazir m\u00fcavini vur\u011fulay\u0131b ki, tax\u0131l bazar\u0131 d\u00fcnya iqtisadiyyat\u0131n\u0131n strateji vacib sektorudur v\u0259 Az\u0259rbaycan h\u00f6kum\u0259ti tax\u0131l istehsal\u0131 prosesinin t\u0259kmill\u0259\u015fdirilm\u0259si, infrastrukturun optimalla\u015fd\u0131r\u0131lmas\u0131, aqrar s\u0259nayenin d\u0259st\u0259kl\u0259nm\u0259si, fermerl\u0259rin subsidiyalarla t\u0259min olunmas\u0131 \u00fc\u00e7\u00fcn daim s\u0259y g\u00f6st\u0259rir. R.M\u0259mm\u0259dov Sahibkarl\u0131\u011f\u0131n \u0130nki\u015faf\u0131 Fondunun i\u015fini qeyd ed\u0259r\u0259k deyib ki, aqrar sektora 70 milyon dollardan \u00e7ox g\u00fcz\u0259\u015ft t\u0259qdim olunub, el\u0259c\u0259 d\u0259 \u00f6lk\u0259d\u0259 aqroparklar v\u0259 tax\u0131l\u0131n saxlanmas\u0131 \u00fc\u00e7\u00fcn elevatorlar yarad\u0131l\u0131r.&hellip;<\/p>\n","protected":false},"author":2,"featured_media":88243,"comment_status":"closed","ping_status":"closed","sticky":false,"template":"","format":"standard","meta":{"om_disable_all_campaigns":false,"_monsterinsights_skip_tracking":false,"_monsterinsights_sitenote_active":false,"_monsterinsights_sitenote_note":"","_monsterinsights_sitenote_category":0},"categories":[19],"tags":[],"aioseo_notices":[],"gutentor_comment":0,"rttpg_featured_image_url":{"full":["https:\/\/arantv.az\/wp-content\/uploads\/2019\/10\/rufet_memmedov.jpg",587,440,false],"landscape":["https:\/\/arantv.az\/wp-content\/uploads\/2019\/10\/rufet_memmedov.jpg",587,440,false],"portraits":["https:\/\/arantv.az\/wp-content\/uploads\/2019\/10\/rufet_memmedov.jpg",587,440,false],"thumbnail":["https:\/\/arantv.az\/wp-content\/uploads\/2019\/10\/rufet_memmedov-150x150.jpg",150,150,true],"medium":["https:\/\/arantv.az\/wp-content\/uploads\/2019\/10\/rufet_memmedov-300x225.jpg",300,225,true],"large":["https:\/\/arantv.az\/wp-content\/uploads\/2019\/10\/rufet_memmedov.jpg",587,440,false],"1536x1536":["https:\/\/arantv.az\/wp-content\/uploads\/2019\/10\/rufet_memmedov.jpg",587,440,false],"2048x2048":["https:\/\/arantv.az\/wp-content\/uploads\/2019\/10\/rufet_memmedov.jpg",587,440,false],"post-thumbnail":["https:\/\/arantv.az\/wp-content\/uploads\/2019\/10\/rufet_memmedov-240x172.jpg",240,172,true],"advps-thumb-one":["https:\/\/arantv.az\/wp-content\/uploads\/2019\/10\/rufet_memmedov.jpg",587,440,false]},"rttpg_author":{"display_name":"V\u00fcsal Rafiqo\u011flu","author_link":"https:\/\/arantv.az\/?author=2"},"rttpg_comment":0,"rttpg_category":"<a href=\"https:\/\/arantv.az\/?cat=19\" rel=\"category\">G\u00fcnd\u0259m<\/a>","rttpg_excerpt":"Az\u0259rbaycan \u00f6lk\u0259d\u0259n ke\u00e7\u0259n mar\u015frutlar vasit\u0259sil\u0259 tax\u0131l logistikas\u0131n\u0131n t\u0259hl\u00fck\u0259sizliyini t\u0259min etm\u0259k qabiliyy\u0259tind\u0259dir. ARANTV.AZ\u00a0\u00a0Trend-\u0259 istinad\u0259n x\u0259b\u0259r verir ki, bunu Az\u0259rbaycan \u0130qtisadiyyat nazirinin m\u00fcavini R\u00fcf\u0259t M\u0259mm\u0259dov bu g\u00fcn Bak\u0131da ke\u00e7iril\u0259n Beyn\u0259lxalq Tax\u0131l\u00e7\u0131l\u0131q Forumunda bildirib. Nazir m\u00fcavini vur\u011fulay\u0131b ki, tax\u0131l bazar\u0131 d\u00fcnya iqtisadiyyat\u0131n\u0131n strateji vacib sektorudur v\u0259 Az\u0259rbaycan h\u00f6kum\u0259ti tax\u0131l istehsal\u0131 prosesinin t\u0259kmill\u0259\u015fdirilm\u0259si, infrastrukturun optimalla\u015fd\u0131r\u0131lmas\u0131, aqrar s\u0259nayenin d\u0259st\u0259kl\u0259nm\u0259si, fermerl\u0259rin&hellip;","_links":{"self":[{"href":"https:\/\/arantv.az\/index.php?rest_route=\/wp\/v2\/posts\/88242"}],"collection":[{"href":"https:\/\/arantv.az\/index.php?rest_route=\/wp\/v2\/posts"}],"about":[{"href":"https:\/\/arantv.az\/index.php?rest_route=\/wp\/v2\/types\/post"}],"author":[{"embeddable":true,"href":"https:\/\/arantv.az\/index.php?rest_route=\/wp\/v2\/users\/2"}],"replies":[{"embeddable":true,"href":"https:\/\/arantv.az\/index.php?rest_route=%2Fwp%2Fv2%2Fcomments&post=88242"}],"version-history":[{"count":0,"href":"https:\/\/arantv.az\/index.php?rest_route=\/wp\/v2\/posts\/88242\/revisions"}],"wp:featuredmedia":[{"embeddable":true,"href":"https:\/\/arantv.az\/index.php?rest_route=\/wp\/v2\/media\/88243"}],"wp:attachment":[{"href":"https:\/\/arantv.az\/index.php?rest_route=%2Fwp%2Fv2%2Fmedia&parent=88242"}],"wp:term":[{"taxonomy":"category","embeddable":true,"href":"https:\/\/arantv.az\/index.php?rest_route=%2Fwp%2Fv2%2Fcategories&post=88242"},{"taxonomy":"post_tag","embeddable":true,"href":"https:\/\/arantv.az\/index.php?rest_route=%2Fwp%2Fv2%2Ftags&post=88242"}],"curies":[{"name":"wp","href":"https:\/\/api.w.org\/{rel}","templated":true}]}}