{"id":88329,"date":"2019-10-23T13:21:28","date_gmt":"2019-10-23T10:21:28","guid":{"rendered":"http:\/\/arantv.az\/?p=88329"},"modified":"2019-10-23T13:21:28","modified_gmt":"2019-10-23T10:21:28","slug":"peskov-kurd-qruplasmalari-geri-c%c9%99kilm%c9%99s%c9%99-turkiy%c9%99-ordusunun-z%c9%99rb%c9%99si-altina-dus%c9%99c%c9%99k","status":"publish","type":"post","link":"https:\/\/arantv.az\/?p=88329","title":{"rendered":"Peskov: &#8220;K\u00fcrd qrupla\u015fmalar\u0131 geri \u00e7\u0259kilm\u0259s\u0259, T\u00fcrkiy\u0259 ordusunun z\u0259rb\u0259si alt\u0131na d\u00fc\u015f\u0259c\u0259k&#8221;"},"content":{"rendered":"<blockquote><p><em><strong>Son bir ne\u00e7\u0259 ild\u0259 k\u00fcrdl\u0259rin \u0259n yax\u0131n m\u00fctt\u0259fiqi olan AB\u015e onlar\u0131 atd\u0131, s\u0259rh\u0259dd\u0259 t\u00fcrkl\u0259rl\u0259 vuru\u015fma\u011fa m\u0259cbur etdi.<\/strong><\/em><\/p><\/blockquote>\n<p><strong>ARANTV.AZ<\/strong> APA-ya istinad\u0259n x\u0259b\u0259r verir ki, bunu AB\u015e-\u0131n Suriya \u00fczr\u0259 x\u00fcsusi n\u00fcmay\u0259nd\u0259si Ceyms Cefrinin k\u00fcrdl\u0259rin \u0259ld\u0259 olunan raz\u0131l\u0131qda m\u00fc\u0259yy\u0259n olunan \u0259razil\u0259ri t\u0259rk ed\u0259c\u0259yinin \u015f\u00fcbh\u0259li olmas\u0131 il\u0259 ba\u011fl\u0131 b\u0259yanat\u0131na m\u00fcnasib\u0259t bildir\u0259n Kremlin m\u0259tbuat xidm\u0259tinin r\u0259hb\u0259ri Dmitri Peskov deyib.<\/p>\n<p>&#8220;AB\u015e son ill\u0259rd\u0259 k\u00fcrdl\u0259rin \u0259n yax\u015f\u0131n m\u00fctt\u0259fiqi idi. Yekunda AB\u015e k\u00fcrdl\u0259r\u0259 x\u0259yan\u0259t etdi. \u0130ndi is\u0259 k\u00fcrdl\u0259ri t\u00fcrkl\u0259rl\u0259 vuru\u015fma\u011fa m\u0259cbur edirl\u0259r. Tamamil\u0259 ayd\u0131nd\u0131r ki, silahl\u0131 k\u00fcrd qrupla\u015fmalar\u0131 geri \u00e7\u0259kilm\u0259s\u0259, Suriya s\u0259rh\u0259d\u00e7il\u0259ri v\u0259 Rusiya h\u0259rbi polisi \u00e7\u0259kilm\u0259li olacaq. Bu zaman is\u0259 faktiki olaraq k\u00fcrd qrupla\u015fmalar\u0131 T\u00fcrkiy\u0259 ordusunun z\u0259rb\u0259si alt\u0131na d\u00fc\u015f\u0259c\u0259k&#8221;, &#8211; D.Peskov bildirib.<\/p>\n<p>Qeyd ed\u0259k ki, C.Cefri So\u00e7id\u0259 Rusiya il\u0259 T\u00fcrkiy\u0259 aras\u0131nda \u0259ld\u0259 olunan raz\u0131l\u0131qda \u00e7ox bo\u015fluqlar\u0131n oldu\u011funu s\u00f6yl\u0259yib. O, k\u00fcrdl\u0259rin m\u0259lum \u0259razil\u0259rd\u0259n geri \u00e7\u0259kilm\u0259sin\u0259 \u015f\u00fcbh\u0259 il\u0259 yana\u015f\u0131b.<\/p>\n","protected":false},"excerpt":{"rendered":"<p>Son bir ne\u00e7\u0259 ild\u0259 k\u00fcrdl\u0259rin \u0259n yax\u0131n m\u00fctt\u0259fiqi olan AB\u015e onlar\u0131 atd\u0131, s\u0259rh\u0259dd\u0259 t\u00fcrkl\u0259rl\u0259 vuru\u015fma\u011fa m\u0259cbur etdi. ARANTV.AZ APA-ya istinad\u0259n x\u0259b\u0259r verir ki, bunu AB\u015e-\u0131n Suriya \u00fczr\u0259 x\u00fcsusi n\u00fcmay\u0259nd\u0259si Ceyms Cefrinin k\u00fcrdl\u0259rin \u0259ld\u0259 olunan raz\u0131l\u0131qda m\u00fc\u0259yy\u0259n olunan \u0259razil\u0259ri t\u0259rk ed\u0259c\u0259yinin \u015f\u00fcbh\u0259li olmas\u0131 il\u0259 ba\u011fl\u0131 b\u0259yanat\u0131na m\u00fcnasib\u0259t bildir\u0259n Kremlin m\u0259tbuat xidm\u0259tinin r\u0259hb\u0259ri Dmitri Peskov deyib. &#8220;AB\u015e son ill\u0259rd\u0259 k\u00fcrdl\u0259rin \u0259n yax\u015f\u0131n m\u00fctt\u0259fiqi idi. Yekunda AB\u015e k\u00fcrdl\u0259r\u0259 x\u0259yan\u0259t etdi. \u0130ndi is\u0259 k\u00fcrdl\u0259ri t\u00fcrkl\u0259rl\u0259 vuru\u015fma\u011fa m\u0259cbur edirl\u0259r. Tamamil\u0259 ayd\u0131nd\u0131r ki, silahl\u0131 k\u00fcrd qrupla\u015fmalar\u0131 geri \u00e7\u0259kilm\u0259s\u0259, Suriya s\u0259rh\u0259d\u00e7il\u0259ri v\u0259 Rusiya h\u0259rbi polisi \u00e7\u0259kilm\u0259li olacaq.&hellip;<\/p>\n","protected":false},"author":2,"featured_media":88330,"comment_status":"closed","ping_status":"closed","sticky":false,"template":"","format":"standard","meta":{"om_disable_all_campaigns":false,"_monsterinsights_skip_tracking":false,"_monsterinsights_sitenote_active":false,"_monsterinsights_sitenote_note":"","_monsterinsights_sitenote_category":0},"categories":[7],"tags":[],"aioseo_notices":[],"gutentor_comment":0,"rttpg_featured_image_url":{"full":["https:\/\/arantv.az\/wp-content\/uploads\/2019\/10\/731769.jpg",800,600,false],"landscape":["https:\/\/arantv.az\/wp-content\/uploads\/2019\/10\/731769.jpg",800,600,false],"portraits":["https:\/\/arantv.az\/wp-content\/uploads\/2019\/10\/731769.jpg",800,600,false],"thumbnail":["https:\/\/arantv.az\/wp-content\/uploads\/2019\/10\/731769-150x150.jpg",150,150,true],"medium":["https:\/\/arantv.az\/wp-content\/uploads\/2019\/10\/731769-300x225.jpg",300,225,true],"large":["https:\/\/arantv.az\/wp-content\/uploads\/2019\/10\/731769.jpg",640,480,false],"1536x1536":["https:\/\/arantv.az\/wp-content\/uploads\/2019\/10\/731769.jpg",800,600,false],"2048x2048":["https:\/\/arantv.az\/wp-content\/uploads\/2019\/10\/731769.jpg",800,600,false],"post-thumbnail":["https:\/\/arantv.az\/wp-content\/uploads\/2019\/10\/731769-240x172.jpg",240,172,true],"advps-thumb-one":["https:\/\/arantv.az\/wp-content\/uploads\/2019\/10\/731769.jpg",800,600,false]},"rttpg_author":{"display_name":"V\u00fcsal Rafiqo\u011flu","author_link":"https:\/\/arantv.az\/?author=2"},"rttpg_comment":0,"rttpg_category":"<a href=\"https:\/\/arantv.az\/?cat=7\" rel=\"category\">D\u00fcnya<\/a>","rttpg_excerpt":"Son bir ne\u00e7\u0259 ild\u0259 k\u00fcrdl\u0259rin \u0259n yax\u0131n m\u00fctt\u0259fiqi olan AB\u015e onlar\u0131 atd\u0131, s\u0259rh\u0259dd\u0259 t\u00fcrkl\u0259rl\u0259 vuru\u015fma\u011fa m\u0259cbur etdi. ARANTV.AZ APA-ya istinad\u0259n x\u0259b\u0259r verir ki, bunu AB\u015e-\u0131n Suriya \u00fczr\u0259 x\u00fcsusi n\u00fcmay\u0259nd\u0259si Ceyms Cefrinin k\u00fcrdl\u0259rin \u0259ld\u0259 olunan raz\u0131l\u0131qda m\u00fc\u0259yy\u0259n olunan \u0259razil\u0259ri t\u0259rk ed\u0259c\u0259yinin \u015f\u00fcbh\u0259li olmas\u0131 il\u0259 ba\u011fl\u0131 b\u0259yanat\u0131na m\u00fcnasib\u0259t bildir\u0259n Kremlin m\u0259tbuat xidm\u0259tinin r\u0259hb\u0259ri Dmitri Peskov deyib. &#8220;AB\u015e&hellip;","_links":{"self":[{"href":"https:\/\/arantv.az\/index.php?rest_route=\/wp\/v2\/posts\/88329"}],"collection":[{"href":"https:\/\/arantv.az\/index.php?rest_route=\/wp\/v2\/posts"}],"about":[{"href":"https:\/\/arantv.az\/index.php?rest_route=\/wp\/v2\/types\/post"}],"author":[{"embeddable":true,"href":"https:\/\/arantv.az\/index.php?rest_route=\/wp\/v2\/users\/2"}],"replies":[{"embeddable":true,"href":"https:\/\/arantv.az\/index.php?rest_route=%2Fwp%2Fv2%2Fcomments&post=88329"}],"version-history":[{"count":0,"href":"https:\/\/arantv.az\/index.php?rest_route=\/wp\/v2\/posts\/88329\/revisions"}],"wp:featuredmedia":[{"embeddable":true,"href":"https:\/\/arantv.az\/index.php?rest_route=\/wp\/v2\/media\/88330"}],"wp:attachment":[{"href":"https:\/\/arantv.az\/index.php?rest_route=%2Fwp%2Fv2%2Fmedia&parent=88329"}],"wp:term":[{"taxonomy":"category","embeddable":true,"href":"https:\/\/arantv.az\/index.php?rest_route=%2Fwp%2Fv2%2Fcategories&post=88329"},{"taxonomy":"post_tag","embeddable":true,"href":"https:\/\/arantv.az\/index.php?rest_route=%2Fwp%2Fv2%2Ftags&post=88329"}],"curies":[{"name":"wp","href":"https:\/\/api.w.org\/{rel}","templated":true}]}}