{"id":88337,"date":"2019-10-23T13:38:52","date_gmt":"2019-10-23T10:38:52","guid":{"rendered":"http:\/\/arantv.az\/?p=88337"},"modified":"2019-10-23T13:38:52","modified_gmt":"2019-10-23T10:38:52","slug":"az%c9%99rbaycanin-usaqlarin-cinsi-istismardan-v%c9%99-cinsi-zorakiliqdan-mudafi%c9%99si-haqqinda-avropa-surasi-konvensiyasina-qosulmasi-boyuk-%c9%99h%c9%99miyy%c9%99t-k%c9%99sb-edi","status":"publish","type":"post","link":"https:\/\/arantv.az\/?p=88337","title":{"rendered":"&#8220;Az\u0259rbaycan\u0131n \u201cU\u015faqlar\u0131n cinsi istismardan v\u0259 cinsi zorak\u0131l\u0131qdan m\u00fcdafi\u0259si haqq\u0131nda\u201d Avropa \u015euras\u0131 Konvensiyas\u0131na qo\u015fulmas\u0131 b\u00f6y\u00fck \u0259h\u0259miyy\u0259t k\u0259sb edir&#8221;"},"content":{"rendered":"<blockquote><p><em><strong>Milli M\u0259clis t\u0259r\u0259find\u0259n &#8220;U\u015faqlar\u0131n cinsi istismardan v\u0259 cinsi zorak\u0131l\u0131qdan m\u00fcdafi\u0259si haqq\u0131nda&#8221; Avropa \u015euras\u0131 Konvensiyas\u0131n\u0131n t\u0259sdiq edilm\u0259si, \u00f6lk\u0259mizin bu beyn\u0259lxalq s\u0259n\u0259d\u0259 qo\u015fulmas\u0131 m\u00fch\u00fcm hadis\u0259dir. \u00c7\u00fcnki u\u015faq h\u00fcquqlar\u0131n\u0131n qorunmas\u0131 b\u00fct\u00f6vl\u00fckd\u0259 b\u0259\u015f\u0259riyy\u0259ti d\u00fc\u015f\u00fcnd\u00fcr\u0259n \u0259n \u0259sas m\u0259s\u0259l\u0259l\u0259rd\u0259n biridir.<\/strong><\/em><\/p><\/blockquote>\n<p><strong>ARANTV.AZ<\/strong>\u00a0<a href=\"https:\/\/az.trend.az\/\" target=\"_blank\" rel=\"noopener\">Trend<\/a>-\u0259 istinad\u0259n x\u0259b\u0259r verir ki, bunu Milli M\u0259clisin Beyn\u0259lxalq m\u00fcnasib\u0259tl\u0259r v\u0259 parlamentl\u0259raras\u0131 \u0259laq\u0259l\u0259r komit\u0259sinin s\u0259dr m\u00fcavini Sevinc F\u0259t\u0259liyeva deyib.<\/p>\n<p>S.F\u0259t\u0259liyeva bildirib ki, &#8220;U\u015faqlar\u0131n cinsi istismardan v\u0259 cinsi zorak\u0131l\u0131qdan m\u00fcdafi\u0259si haqq\u0131nda&#8221; Avropa \u015euras\u0131 Konvensiyas\u0131 2010-cu ild\u0259 imzalan\u0131b, 2011-ci ild\u0259 is\u0259 Avropa \u015euras\u0131 Parlament Assambleyas\u0131 t\u0259r\u0259find\u0259n Konvensiyan\u0131n t\u0259bli\u011fi \u00fc\u00e7\u00fcn \u00fczv d\u00f6vl\u0259tl\u0259rd\u0259 &#8220;H\u0259r be\u015f u\u015faqdan biri&#8221; kampaniyas\u0131na ba\u015flan\u0131b. Bu kampaniyan\u0131n m\u0259qs\u0259di Avropa \u015euras\u0131na \u00fczv d\u00f6vl\u0259tl\u0259r\u0259 bu s\u0259n\u0259din mahiyy\u0259tini v\u0259 vacibliyinin t\u0259bli\u011fi v\u0259 q\u0259bul olunmas\u0131, el\u0259c\u0259 d\u0259 u\u015faq h\u00fcquqlar\u0131 il\u0259 ba\u011fl\u0131 milli qanunvericiliyi konvensiyaya uy\u011fun t\u0259nziml\u0259m\u0259k idi:<\/p>\n<p>&#8220;2011-ci ild\u0259 Az\u0259rbaycan bu kampaniyan\u0131 u\u011furla h\u0259yata ke\u00e7irdi. Bu m\u0259qs\u0259dl\u0259 Milli M\u0259clisd\u0259 yerli v\u0259 beyn\u0259lxalq s\u0259viyy\u0259li t\u0259dbirl\u0259r ke\u00e7irildi. El\u0259c\u0259 d\u0259, parlament \u00fczvl\u0259rinin, QHT n\u00fcmay\u0259nd\u0259l\u0259rinin, A\u015ePA birg\u0259 u\u015faq h\u00fcquqlar\u0131 sah\u0259sind\u0259 qanunvericiliyin t\u0259kmill\u0259\u015fdirilm\u0259si, u\u015faqlar\u0131n, valideynl\u0259rin v\u0259 onlarla i\u015fl\u0259y\u0259n \u015f\u0259xsl\u0259rin maarifl\u0259ndirilm\u0259si, u\u015faq h\u00fcquq pozuntular\u0131n\u0131n v\u0259 u\u015faqlara qar\u015f\u0131 zorak\u0131l\u0131\u011f\u0131n aradan qald\u0131r\u0131lmas\u0131 istiqam\u0259tind\u0259 m\u0259kt\u0259bl\u0259rd\u0259, d\u00fcg\u0259r m\u00fc\u0259ssis\u0259l\u0259rd\u0259 seminarlar, konfranslar t\u0259\u015fkil olundu. H\u0259yata ke\u00e7iril\u0259n t\u0259dbirl\u0259rin miqyas\u0131 v\u0259 s\u0259m\u0259r\u0259liyi bax\u0131m\u0131ndan Az\u0259rbaycan Avropa \u015euras\u0131n\u0131n \u0259n f\u0259al \u00fczv\u00fc oldu, eyni zamanda maarifl\u0259ndirm\u0259 t\u0259birl\u0259rinin h\u0259yata ke\u00e7irilm\u0259si say\u0259sind\u0259 c\u0259miyy\u0259t Lanzarote Konvensiyas\u0131 haqq\u0131nda geni\u015f m\u0259lumatland\u0131. Milli M\u0259clisd\u0259 &#8220;U\u015faqlar\u0131n cinsi istismardan v\u0259 cinsi zorak\u0131l\u0131qdan m\u00fcdafi\u0259si haqq\u0131nda&#8221; Avropa \u015euras\u0131 Konvensiyas\u0131n\u0131n ratifikasiya olunmas\u0131 bu sah\u0259d\u0259 olan probleml\u0259rin aradan qald\u0131r\u0131lmas\u0131 bax\u0131m\u0131ndan b\u00f6y\u00fck \u0259h\u0259miyy\u0259t k\u0259sb edir&#8221;.<\/p>\n<p>Az\u0259rbaycan \u00fc\u00e7\u00fcn h\u0259r zaman u\u015faq h\u00fcquqlar\u0131n\u0131n qorunmas\u0131 v\u0259 m\u00fcdafi\u0259si prioritet m\u0259s\u0259l\u0259 oldu\u011funu vur\u011fulayan S.F\u0259t\u0259liyevan\u0131n s\u00f6zl\u0259rin\u0259 g\u00f6r\u0259, u\u015faqlar\u0131n sosial m\u00fcdafi\u0259si istiqam\u0259tind\u0259 \u00f6lk\u0259mizd\u0259 vacib qanunlar q\u0259bul olunub v\u0259 bu sah\u0259d\u0259 m\u00fch\u00fcm add\u0131mlar at\u0131l\u0131b ki, konvensiyan\u0131n q\u0259bul olunmas\u0131 bunun bariz n\u00fcmun\u0259sidir.<\/p>\n<p>Deputat eyni zamanda vur\u011fulay\u0131b ki, g\u0259l\u0259c\u0259yimiz olan u\u015faqlar\u0131n m\u00fcdafi\u0259sind\u0259 h\u0259r k\u0259s f\u0259al i\u015ftirak etm\u0259lidr.<\/p>\n<p>Sevinc F\u0259t\u0259liyeva qeyd edib: &#8220;M\u00fcasir d\u00f6vrd\u0259 u\u015faqlar\u0131n h\u00fcquqlar\u0131n\u0131n qorunmas\u0131 \u00e7ox aktuald\u0131r. Bu g\u00fcn d\u00fcnyan\u0131n bir \u00e7ox yerind\u0259 silahl\u0131 m\u00fcnaqi\u015f\u0259l\u0259r ba\u015f verir v\u0259 bundan \u0259n \u00e7ox u\u015faqlar \u0259ziyy\u0259t \u00e7\u0259kirl\u0259r. Biz \u00f6z tariximizd\u0259 d\u0259 bunun ac\u0131 n\u0259tic\u0259l\u0259rini g\u00f6r\u00fcr\u00fck. Erm\u0259nistan\u0131n \u00f6lk\u0259miz\u0259 silahl\u0131 t\u0259cav\u00fcz\u00fc n\u0259tic\u0259sind\u0259 bir milyon Az\u0259rbaycan v\u0259t\u0259nda\u015f\u0131 qa\u00e7q\u0131n v\u0259 m\u0259cburi k\u00f6\u00e7k\u00fcn v\u0259ziyy\u0259tin\u0259 d\u00fc\u015f\u00fcb ki, onlar\u0131n da bir hiss\u0259si u\u015faqlard\u0131r. U\u015faq h\u00fcquqlar\u0131n\u0131n t\u0259min edilm\u0259si v\u0259 m\u00fcdafi\u0259 olunmas\u0131 d\u00f6vl\u0259t siyas\u0259tinin m\u00fch\u00fcm istiqam\u0259tl\u0259rind\u0259n birini t\u0259\u015fkil edir. H\u0259tta \u0259n \u00e7\u0259tin vaxtlarda bel\u0259, d\u00f6vl\u0259timiz \u00fc\u00e7\u00fcn u\u015faq h\u00fcquqlar\u0131n\u0131n m\u00fcdafi\u0259si prioritet olub. El\u0259 \u00f6lk\u0259mizin qo\u015fuldu\u011fu ilk beyn\u0259lxalq s\u0259n\u0259dl\u0259rd\u0259n biri &#8220;U\u015faq H\u00fcquqlar\u0131 haqq\u0131nda Konvensiya&#8221;d\u0131r. \u00d6t\u0259n ill\u0259r \u0259rzind\u0259 u\u015faqlar\u0131n h\u0259yat\u0131, onlar\u0131n h\u00fcquqlar\u0131n\u0131n m\u00fcdafi\u0259si, inki\u015faf\u0131 il\u0259 ba\u011fl\u0131 \u00e7ox b\u00f6y\u00fck i\u015fl\u0259r g\u00f6r\u00fcl\u00fcb, g\u00fccl\u00fc qanunvericilik bazas\u0131 yarad\u0131l\u0131b. \u018fsas\u0131 \u00dcmummilli Lider Heyd\u0259r \u018fliyev t\u0259r\u0259find\u0259n qoyulmu\u015f d\u00f6vl\u0259t u\u015faq siyas\u0259ti Prezident \u0130lham \u018fliyevin x\u00fcsusi qay\u011f\u0131s\u0131 v\u0259 diqq\u0259ti n\u0259tic\u0259sind\u0259 daha da g\u00fccl\u0259ndirilib. Bu m\u0259nada hesab edir\u0259m ki, s\u00f6z\u00fcged\u0259n konvensiyan\u0131n da ratifikasiya olunmas\u0131 da b\u00f6y\u00fck \u0259h\u0259miyy\u0259t k\u0259sb edir&#8221;.<\/p>\n","protected":false},"excerpt":{"rendered":"<p>Milli M\u0259clis t\u0259r\u0259find\u0259n &#8220;U\u015faqlar\u0131n cinsi istismardan v\u0259 cinsi zorak\u0131l\u0131qdan m\u00fcdafi\u0259si haqq\u0131nda&#8221; Avropa \u015euras\u0131 Konvensiyas\u0131n\u0131n t\u0259sdiq edilm\u0259si, \u00f6lk\u0259mizin bu beyn\u0259lxalq s\u0259n\u0259d\u0259 qo\u015fulmas\u0131 m\u00fch\u00fcm hadis\u0259dir. \u00c7\u00fcnki u\u015faq h\u00fcquqlar\u0131n\u0131n qorunmas\u0131 b\u00fct\u00f6vl\u00fckd\u0259 b\u0259\u015f\u0259riyy\u0259ti d\u00fc\u015f\u00fcnd\u00fcr\u0259n \u0259n \u0259sas m\u0259s\u0259l\u0259l\u0259rd\u0259n biridir. ARANTV.AZ\u00a0Trend-\u0259 istinad\u0259n x\u0259b\u0259r verir ki, bunu Milli M\u0259clisin Beyn\u0259lxalq m\u00fcnasib\u0259tl\u0259r v\u0259 parlamentl\u0259raras\u0131 \u0259laq\u0259l\u0259r komit\u0259sinin s\u0259dr m\u00fcavini Sevinc F\u0259t\u0259liyeva deyib. S.F\u0259t\u0259liyeva bildirib ki, &#8220;U\u015faqlar\u0131n cinsi istismardan v\u0259 cinsi zorak\u0131l\u0131qdan m\u00fcdafi\u0259si haqq\u0131nda&#8221; Avropa \u015euras\u0131 Konvensiyas\u0131 2010-cu ild\u0259 imzalan\u0131b, 2011-ci ild\u0259 is\u0259 Avropa \u015euras\u0131 Parlament Assambleyas\u0131 t\u0259r\u0259find\u0259n Konvensiyan\u0131n t\u0259bli\u011fi \u00fc\u00e7\u00fcn \u00fczv d\u00f6vl\u0259tl\u0259rd\u0259 &#8220;H\u0259r be\u015f u\u015faqdan biri&#8221; kampaniyas\u0131na ba\u015flan\u0131b. Bu&hellip;<\/p>\n","protected":false},"author":2,"featured_media":88338,"comment_status":"closed","ping_status":"closed","sticky":false,"template":"","format":"standard","meta":{"om_disable_all_campaigns":false,"_monsterinsights_skip_tracking":false,"_monsterinsights_sitenote_active":false,"_monsterinsights_sitenote_note":"","_monsterinsights_sitenote_category":0},"categories":[4],"tags":[],"aioseo_notices":[],"gutentor_comment":0,"rttpg_featured_image_url":{"full":["https:\/\/arantv.az\/wp-content\/uploads\/2019\/10\/796458.jpg",800,600,false],"landscape":["https:\/\/arantv.az\/wp-content\/uploads\/2019\/10\/796458.jpg",800,600,false],"portraits":["https:\/\/arantv.az\/wp-content\/uploads\/2019\/10\/796458.jpg",800,600,false],"thumbnail":["https:\/\/arantv.az\/wp-content\/uploads\/2019\/10\/796458-150x150.jpg",150,150,true],"medium":["https:\/\/arantv.az\/wp-content\/uploads\/2019\/10\/796458-300x225.jpg",300,225,true],"large":["https:\/\/arantv.az\/wp-content\/uploads\/2019\/10\/796458.jpg",640,480,false],"1536x1536":["https:\/\/arantv.az\/wp-content\/uploads\/2019\/10\/796458.jpg",800,600,false],"2048x2048":["https:\/\/arantv.az\/wp-content\/uploads\/2019\/10\/796458.jpg",800,600,false],"post-thumbnail":["https:\/\/arantv.az\/wp-content\/uploads\/2019\/10\/796458-240x172.jpg",240,172,true],"advps-thumb-one":["https:\/\/arantv.az\/wp-content\/uploads\/2019\/10\/796458.jpg",800,600,false]},"rttpg_author":{"display_name":"V\u00fcsal Rafiqo\u011flu","author_link":"https:\/\/arantv.az\/?author=2"},"rttpg_comment":0,"rttpg_category":"<a href=\"https:\/\/arantv.az\/?cat=4\" rel=\"category\">Siyas\u0259t<\/a>","rttpg_excerpt":"Milli M\u0259clis t\u0259r\u0259find\u0259n &#8220;U\u015faqlar\u0131n cinsi istismardan v\u0259 cinsi zorak\u0131l\u0131qdan m\u00fcdafi\u0259si haqq\u0131nda&#8221; Avropa \u015euras\u0131 Konvensiyas\u0131n\u0131n t\u0259sdiq edilm\u0259si, \u00f6lk\u0259mizin bu beyn\u0259lxalq s\u0259n\u0259d\u0259 qo\u015fulmas\u0131 m\u00fch\u00fcm hadis\u0259dir. \u00c7\u00fcnki u\u015faq h\u00fcquqlar\u0131n\u0131n qorunmas\u0131 b\u00fct\u00f6vl\u00fckd\u0259 b\u0259\u015f\u0259riyy\u0259ti d\u00fc\u015f\u00fcnd\u00fcr\u0259n \u0259n \u0259sas m\u0259s\u0259l\u0259l\u0259rd\u0259n biridir. ARANTV.AZ\u00a0Trend-\u0259 istinad\u0259n x\u0259b\u0259r verir ki, bunu Milli M\u0259clisin Beyn\u0259lxalq m\u00fcnasib\u0259tl\u0259r v\u0259 parlamentl\u0259raras\u0131 \u0259laq\u0259l\u0259r komit\u0259sinin s\u0259dr m\u00fcavini Sevinc F\u0259t\u0259liyeva deyib. S.F\u0259t\u0259liyeva bildirib&hellip;","_links":{"self":[{"href":"https:\/\/arantv.az\/index.php?rest_route=\/wp\/v2\/posts\/88337"}],"collection":[{"href":"https:\/\/arantv.az\/index.php?rest_route=\/wp\/v2\/posts"}],"about":[{"href":"https:\/\/arantv.az\/index.php?rest_route=\/wp\/v2\/types\/post"}],"author":[{"embeddable":true,"href":"https:\/\/arantv.az\/index.php?rest_route=\/wp\/v2\/users\/2"}],"replies":[{"embeddable":true,"href":"https:\/\/arantv.az\/index.php?rest_route=%2Fwp%2Fv2%2Fcomments&post=88337"}],"version-history":[{"count":0,"href":"https:\/\/arantv.az\/index.php?rest_route=\/wp\/v2\/posts\/88337\/revisions"}],"wp:featuredmedia":[{"embeddable":true,"href":"https:\/\/arantv.az\/index.php?rest_route=\/wp\/v2\/media\/88338"}],"wp:attachment":[{"href":"https:\/\/arantv.az\/index.php?rest_route=%2Fwp%2Fv2%2Fmedia&parent=88337"}],"wp:term":[{"taxonomy":"category","embeddable":true,"href":"https:\/\/arantv.az\/index.php?rest_route=%2Fwp%2Fv2%2Fcategories&post=88337"},{"taxonomy":"post_tag","embeddable":true,"href":"https:\/\/arantv.az\/index.php?rest_route=%2Fwp%2Fv2%2Ftags&post=88337"}],"curies":[{"name":"wp","href":"https:\/\/api.w.org\/{rel}","templated":true}]}}