{"id":88341,"date":"2019-10-23T13:50:45","date_gmt":"2019-10-23T10:50:45","guid":{"rendered":"http:\/\/arantv.az\/?p=88341"},"modified":"2019-10-23T13:50:45","modified_gmt":"2019-10-23T10:50:45","slug":"artiq-t%c9%99nha-ail%c9%99-qurmadan-yasamaq-meyill%c9%99ri-gucl%c9%99nir-komit%c9%99-s%c9%99dri","status":"publish","type":"post","link":"https:\/\/arantv.az\/?p=88341","title":{"rendered":"&#8220;Art\u0131q t\u0259nha, ail\u0259 qurmadan ya\u015famaq meyill\u0259ri g\u00fccl\u0259nir&#8221; &#8211; Komit\u0259 s\u0259dri"},"content":{"rendered":"<blockquote><p><em><strong>Orta \u0259srl\u0259rd\u0259 dinin b\u00fct\u00fcn sah\u0259l\u0259r\u0259 t\u0259sir g\u00f6st\u0259rdiyini g\u00f6r\u0259 bil\u0259rik, amma bu g\u00fcn d\u00fcnyada din bu d\u0259r\u0259c\u0259d\u0259 n\u00fcfuza malik deyil, y\u0259ni d\u00f6vl\u0259tl\u0259rin idar\u0259\u00e7iliyin\u0259, c\u0259miyy\u0259tdaxili m\u00fcnasib\u0259tl\u0259r\u0259 o q\u0259d\u0259r ciddi t\u0259sir etmir.<\/strong><\/em><\/p><\/blockquote>\n<p><strong>ARANTV.AZ<\/strong>\u00a0\u00a0<a href=\"https:\/\/az.trend.az\/\" target=\"_blank\" rel=\"noopener\">Trend<\/a>-\u0259 istinad\u0259n x\u0259b\u0259r verir ki, bunu Dini Qurumlarla \u0130\u015f \u00fczr\u0259 D\u00f6vl\u0259t Komit\u0259sinin s\u0259dri M\u00fcbariz Qurbanl\u0131 &#8220;XXI \u0259srd\u0259n bax\u0131\u015f: d\u00f6vl\u0259t, c\u0259miyy\u0259t v\u0259 din&#8221; m\u00f6vzusunda ke\u00e7iril\u0259n konfransda deyib.<\/p>\n<p>Onun s\u00f6zl\u0259rin\u0259 g\u00f6r\u0259, haz\u0131rda din-c\u0259miyy\u0259t m\u00fcnasib\u0259tin\u0259, f\u0259rdl\u0259rin din\u0259 m\u00fcnasib\u0259tin\u0259 n\u0259z\u0259r sald\u0131qda ilk n\u00f6vb\u0259d\u0259 21-ci \u0259srin \u00e7a\u011f\u0131r\u0131\u015flar\u0131 v\u0259 t\u0259hdidl\u0259ri \u00fcz\u0259rind\u0259 dayanmaq laz\u0131md\u0131r: &#8220;Bu \u0259srin \u00e7a\u011f\u0131r\u0131\u015flar\u0131 v\u0259 t\u0259hdidl\u0259ri \u0259vv\u0259lki \u0259srd\u0259n f\u0259rql\u0259nir. 21-ci \u0259srd\u0259 informasiya texnologiyalar\u0131n\u0131n inki\u015faf\u0131 m\u00fc\u0259yy\u0259n t\u0259hdidl\u0259r d\u0259 ortaya qoyur. \u0130ndi planetd\u0259 insanlar\u0131n say\u0131 7,8 milyard n\u0259f\u0259r\u0259 \u00e7at\u0131r. D\u00fcnyada ba\u015f ver\u0259n art\u0131m m\u00fc\u0259yy\u0259n probleml\u0259ri ortaya \u00e7\u0131xar\u0131r. Bu amil t\u0259bii resurslarda, su, qida ehtiyatlar\u0131nda \u00e7at\u0131\u015fmazl\u0131qlar yarad\u0131r. Buna g\u00f6r\u0259 d\u0259 haz\u0131rda 2 milyarda yax\u0131n insan g\u00fcnd\u0259lik qida rasionuna olan t\u0259l\u0259bat\u0131n\u0131 \u00f6d\u0259y\u0259 bilmir, y\u0259ni yar\u0131ac v\u0259ziyy\u0259td\u0259dir. B\u00fct\u00fcn bunlar insanlar\u0131n k\u00fctl\u0259vi \u015f\u0259kild\u0259 miqrasiyas\u0131na s\u0259b\u0259b olur ki, bu da d\u00fcnya \u00fc\u00e7\u00fcn m\u00fc\u0259yy\u0259n t\u0259hdidl\u0259r yarad\u0131r&#8221;.<\/p>\n<p>M.Qurbanl\u0131 \u0259lav\u0259 edib ki, ail\u0259 m\u00fcnasib\u0259tl\u0259rind\u0259 d\u0259 ciddi d\u0259yi\u015fiklikl\u0259r ba\u015f verib: &#8220;Art\u0131q t\u0259nha, ail\u0259 qurmadan ya\u015famaq meyll\u0259ri g\u00fccl\u0259nir. Bu da m\u00fc\u0259yy\u0259n probleml\u0259r yarad\u0131r. Haz\u0131rk\u0131 d\u00fcnyada b\u00fct\u00fcn bu probleml\u0259r insanlar\u0131n inanclar\u0131na \u00f6z t\u0259sirini g\u00f6st\u0259rir. Xristian c\u0259miyy\u0259tl\u0259rin\u0259 aid olan \u00f6lk\u0259l\u0259rd\u0259 insanlar\u0131n din\u0259 m\u00fcnasib\u0259tind\u0259 d\u0259yi\u015fiklikl\u0259r ba\u015f verib. \u018fg\u0259r 100 il \u0259vv\u0259l insanlar\u0131n kils\u0259l\u0259r\u0259 k\u00fctl\u0259vi getm\u0259si m\u00fc\u015fahid\u0259 edilirdis\u0259, indi bu, \u00f6z\u00fcn\u00fc g\u00f6st\u0259rmir&#8221;.<\/p>\n<p>Komit\u0259 s\u0259drinin s\u00f6zl\u0259rin\u0259 g\u00f6r\u0259, Az\u0259rbaycan Konstitusiyas\u0131nda d\u00f6vl\u0259tin din\u0259 m\u00fcnasib\u0259ti ayd\u0131n \u015f\u0259kild\u0259 \u00f6z\u00fcn\u00fc g\u00f6st\u0259rir: &#8220;Az\u0259rbaycan Konstitusiyas\u0131nda vicdan azadl\u0131\u011f\u0131 t\u0259min edilib. Eyni zamanda, Az\u0259rbaycanda d\u00f6vl\u0259t-din m\u00fcnasib\u0259tl\u0259rind\u0259 d\u00fcny\u0259vilik prinsipi \u0259sasd\u0131r ki, d\u00fcny\u0259viliyin \u00f6z\u00fc d\u0259 d\u00f6vl\u0259tin idar\u0259etm\u0259sin\u0259 t\u0259sir g\u00f6st\u0259rir. Az\u0259rbaycan Konstitusiyas\u0131nda dinl\u0259r aras\u0131nda f\u0259rq qoyulmur&#8221;.<\/p>\n","protected":false},"excerpt":{"rendered":"<p>Orta \u0259srl\u0259rd\u0259 dinin b\u00fct\u00fcn sah\u0259l\u0259r\u0259 t\u0259sir g\u00f6st\u0259rdiyini g\u00f6r\u0259 bil\u0259rik, amma bu g\u00fcn d\u00fcnyada din bu d\u0259r\u0259c\u0259d\u0259 n\u00fcfuza malik deyil, y\u0259ni d\u00f6vl\u0259tl\u0259rin idar\u0259\u00e7iliyin\u0259, c\u0259miyy\u0259tdaxili m\u00fcnasib\u0259tl\u0259r\u0259 o q\u0259d\u0259r ciddi t\u0259sir etmir. ARANTV.AZ\u00a0\u00a0Trend-\u0259 istinad\u0259n x\u0259b\u0259r verir ki, bunu Dini Qurumlarla \u0130\u015f \u00fczr\u0259 D\u00f6vl\u0259t Komit\u0259sinin s\u0259dri M\u00fcbariz Qurbanl\u0131 &#8220;XXI \u0259srd\u0259n bax\u0131\u015f: d\u00f6vl\u0259t, c\u0259miyy\u0259t v\u0259 din&#8221; m\u00f6vzusunda ke\u00e7iril\u0259n konfransda deyib. Onun s\u00f6zl\u0259rin\u0259 g\u00f6r\u0259, haz\u0131rda din-c\u0259miyy\u0259t m\u00fcnasib\u0259tin\u0259, f\u0259rdl\u0259rin din\u0259 m\u00fcnasib\u0259tin\u0259 n\u0259z\u0259r sald\u0131qda ilk n\u00f6vb\u0259d\u0259 21-ci \u0259srin \u00e7a\u011f\u0131r\u0131\u015flar\u0131 v\u0259 t\u0259hdidl\u0259ri \u00fcz\u0259rind\u0259 dayanmaq laz\u0131md\u0131r: &#8220;Bu \u0259srin \u00e7a\u011f\u0131r\u0131\u015flar\u0131 v\u0259 t\u0259hdidl\u0259ri \u0259vv\u0259lki \u0259srd\u0259n f\u0259rql\u0259nir. 21-ci \u0259srd\u0259 informasiya texnologiyalar\u0131n\u0131n inki\u015faf\u0131 m\u00fc\u0259yy\u0259n&hellip;<\/p>\n","protected":false},"author":2,"featured_media":88342,"comment_status":"closed","ping_status":"closed","sticky":false,"template":"","format":"standard","meta":{"om_disable_all_campaigns":false,"_monsterinsights_skip_tracking":false,"_monsterinsights_sitenote_active":false,"_monsterinsights_sitenote_note":"","_monsterinsights_sitenote_category":0},"categories":[1],"tags":[],"aioseo_notices":[],"gutentor_comment":0,"rttpg_featured_image_url":{"full":["https:\/\/arantv.az\/wp-content\/uploads\/2019\/10\/796415.jpg",800,600,false],"landscape":["https:\/\/arantv.az\/wp-content\/uploads\/2019\/10\/796415.jpg",800,600,false],"portraits":["https:\/\/arantv.az\/wp-content\/uploads\/2019\/10\/796415.jpg",800,600,false],"thumbnail":["https:\/\/arantv.az\/wp-content\/uploads\/2019\/10\/796415-150x150.jpg",150,150,true],"medium":["https:\/\/arantv.az\/wp-content\/uploads\/2019\/10\/796415-300x225.jpg",300,225,true],"large":["https:\/\/arantv.az\/wp-content\/uploads\/2019\/10\/796415.jpg",640,480,false],"1536x1536":["https:\/\/arantv.az\/wp-content\/uploads\/2019\/10\/796415.jpg",800,600,false],"2048x2048":["https:\/\/arantv.az\/wp-content\/uploads\/2019\/10\/796415.jpg",800,600,false],"post-thumbnail":["https:\/\/arantv.az\/wp-content\/uploads\/2019\/10\/796415-240x172.jpg",240,172,true],"advps-thumb-one":["https:\/\/arantv.az\/wp-content\/uploads\/2019\/10\/796415.jpg",800,600,false]},"rttpg_author":{"display_name":"V\u00fcsal Rafiqo\u011flu","author_link":"https:\/\/arantv.az\/?author=2"},"rttpg_comment":0,"rttpg_category":"<a href=\"https:\/\/arantv.az\/?cat=1\" rel=\"category\">C\u0259miyy\u0259t<\/a>","rttpg_excerpt":"Orta \u0259srl\u0259rd\u0259 dinin b\u00fct\u00fcn sah\u0259l\u0259r\u0259 t\u0259sir g\u00f6st\u0259rdiyini g\u00f6r\u0259 bil\u0259rik, amma bu g\u00fcn d\u00fcnyada din bu d\u0259r\u0259c\u0259d\u0259 n\u00fcfuza malik deyil, y\u0259ni d\u00f6vl\u0259tl\u0259rin idar\u0259\u00e7iliyin\u0259, c\u0259miyy\u0259tdaxili m\u00fcnasib\u0259tl\u0259r\u0259 o q\u0259d\u0259r ciddi t\u0259sir etmir. ARANTV.AZ\u00a0\u00a0Trend-\u0259 istinad\u0259n x\u0259b\u0259r verir ki, bunu Dini Qurumlarla \u0130\u015f \u00fczr\u0259 D\u00f6vl\u0259t Komit\u0259sinin s\u0259dri M\u00fcbariz Qurbanl\u0131 &#8220;XXI \u0259srd\u0259n bax\u0131\u015f: d\u00f6vl\u0259t, c\u0259miyy\u0259t v\u0259 din&#8221; m\u00f6vzusunda ke\u00e7iril\u0259n konfransda deyib.&hellip;","_links":{"self":[{"href":"https:\/\/arantv.az\/index.php?rest_route=\/wp\/v2\/posts\/88341"}],"collection":[{"href":"https:\/\/arantv.az\/index.php?rest_route=\/wp\/v2\/posts"}],"about":[{"href":"https:\/\/arantv.az\/index.php?rest_route=\/wp\/v2\/types\/post"}],"author":[{"embeddable":true,"href":"https:\/\/arantv.az\/index.php?rest_route=\/wp\/v2\/users\/2"}],"replies":[{"embeddable":true,"href":"https:\/\/arantv.az\/index.php?rest_route=%2Fwp%2Fv2%2Fcomments&post=88341"}],"version-history":[{"count":0,"href":"https:\/\/arantv.az\/index.php?rest_route=\/wp\/v2\/posts\/88341\/revisions"}],"wp:featuredmedia":[{"embeddable":true,"href":"https:\/\/arantv.az\/index.php?rest_route=\/wp\/v2\/media\/88342"}],"wp:attachment":[{"href":"https:\/\/arantv.az\/index.php?rest_route=%2Fwp%2Fv2%2Fmedia&parent=88341"}],"wp:term":[{"taxonomy":"category","embeddable":true,"href":"https:\/\/arantv.az\/index.php?rest_route=%2Fwp%2Fv2%2Fcategories&post=88341"},{"taxonomy":"post_tag","embeddable":true,"href":"https:\/\/arantv.az\/index.php?rest_route=%2Fwp%2Fv2%2Ftags&post=88341"}],"curies":[{"name":"wp","href":"https:\/\/api.w.org\/{rel}","templated":true}]}}