{"id":88346,"date":"2019-10-23T13:57:28","date_gmt":"2019-10-23T10:57:28","guid":{"rendered":"http:\/\/arantv.az\/?p=88346"},"modified":"2019-10-23T13:57:28","modified_gmt":"2019-10-23T10:57:28","slug":"s%c9%99mkird%c9%99-itkin-dus%c9%99n-25-yasli-qadin-bakida-tapildi-foto","status":"publish","type":"post","link":"https:\/\/arantv.az\/?p=88346","title":{"rendered":"\u015e\u0259mkird\u0259 itkin d\u00fc\u015f\u0259n 25 ya\u015fl\u0131 qad\u0131n Bak\u0131da tap\u0131ld\u0131 &#8211; FOTO"},"content":{"rendered":"<p>\u015e\u0259mkird\u0259 itkin d\u00fc\u015f\u0259n iki u\u015faq anas\u0131 tap\u0131l\u0131b.<\/p>\n<p><b>ARANTV.AZ\u00a0<\/b>\u00a0oxu.az-a istinad\u0259n x\u0259b\u0259r verir ki, bu g\u00fcn s\u0259h\u0259r saatlar\u0131nda Bak\u0131n\u0131n &#8220;\u015eamaxinka&#8221; adlanan \u0259razisind\u0259 g\u0259nc qad\u0131n R\u00fcst\u0259mova \u015e\u00f6vqiy\u0259 \u018fjd\u0259r q\u0131z\u0131na yax\u0131nla\u015faraq ondan k\u00f6m\u0259k ist\u0259yib.<\/p>\n<div id=\"AdviadNativeVideo0\" class=\"AdviadNativeVideo\"><\/div>\n<p>M\u0259lum olub ki, k\u00f6m\u0259k ist\u0259y\u0259n qad\u0131n \u2013 \u015e\u0259mkir rayonu Sabirk\u0259nd k\u0259nd sakini, 1994-c\u00fc il t\u0259v\u0259ll\u00fcdl\u00fc Tanr\u0131verdiyeva G\u00fclnar Qafqaz q\u0131z\u0131d\u0131r.<\/p>\n<p>\u015e.R\u00fcst\u0259mova qad\u0131nla ba\u011fl\u0131 polis\u0259 m\u00fcraci\u0259t edib.<\/p>\n<p>G.Tanr\u0131verdiyevan\u0131n qarda\u015f\u0131 Al\u0131rzayev Ceyhun Qafqaz o\u011flu Oxu.Az-a bildirib ki, haz\u0131rda bac\u0131s\u0131n\u0131 aparmaq \u00fc\u00e7\u00fcn Bak\u0131ya g\u0259lir.<\/p>\n<p>Qeyd ed\u0259k ki, G.Tanr\u0131verdiyeva oktyabr\u0131n 17-d\u0259 g\u00fcnorta saatlar\u0131nda evd\u0259n \u00e7\u0131x\u0131b v\u0259 bir daha geri qay\u0131tmay\u0131b. Bununla ba\u011fl\u0131 onun yax\u0131nlar\u0131 polis\u0259 m\u00fcraci\u0259t edib.<\/p>\n<p>G.Tanr\u0131verdiyeva iki u\u015faq anas\u0131d\u0131r. Qad\u0131n \u0259s\u0259b x\u0259st\u0259liyind\u0259n \u0259ziyy\u0259t \u00e7\u0259kdiyind\u0259n Bak\u0131da v\u0259 \u015e\u0259mkir rayonunda d\u0259f\u0259l\u0259rl\u0259 m\u00fcalic\u0259 al\u0131b.<\/p>\n","protected":false},"excerpt":{"rendered":"<p>\u015e\u0259mkird\u0259 itkin d\u00fc\u015f\u0259n iki u\u015faq anas\u0131 tap\u0131l\u0131b. ARANTV.AZ\u00a0\u00a0oxu.az-a istinad\u0259n x\u0259b\u0259r verir ki, bu g\u00fcn s\u0259h\u0259r saatlar\u0131nda Bak\u0131n\u0131n &#8220;\u015eamaxinka&#8221; adlanan \u0259razisind\u0259 g\u0259nc qad\u0131n R\u00fcst\u0259mova \u015e\u00f6vqiy\u0259 \u018fjd\u0259r q\u0131z\u0131na yax\u0131nla\u015faraq ondan k\u00f6m\u0259k ist\u0259yib. M\u0259lum olub ki, k\u00f6m\u0259k ist\u0259y\u0259n qad\u0131n \u2013 \u015e\u0259mkir rayonu Sabirk\u0259nd k\u0259nd sakini, 1994-c\u00fc il t\u0259v\u0259ll\u00fcdl\u00fc Tanr\u0131verdiyeva G\u00fclnar Qafqaz q\u0131z\u0131d\u0131r. \u015e.R\u00fcst\u0259mova qad\u0131nla ba\u011fl\u0131 polis\u0259 m\u00fcraci\u0259t edib. G.Tanr\u0131verdiyevan\u0131n qarda\u015f\u0131 Al\u0131rzayev Ceyhun Qafqaz o\u011flu Oxu.Az-a bildirib ki, haz\u0131rda bac\u0131s\u0131n\u0131 aparmaq \u00fc\u00e7\u00fcn Bak\u0131ya g\u0259lir. Qeyd ed\u0259k ki, G.Tanr\u0131verdiyeva oktyabr\u0131n 17-d\u0259 g\u00fcnorta saatlar\u0131nda evd\u0259n \u00e7\u0131x\u0131b v\u0259 bir daha geri qay\u0131tmay\u0131b. Bununla ba\u011fl\u0131 onun yax\u0131nlar\u0131 polis\u0259&hellip;<\/p>\n","protected":false},"author":2,"featured_media":88347,"comment_status":"closed","ping_status":"closed","sticky":false,"template":"","format":"standard","meta":{"om_disable_all_campaigns":false,"_monsterinsights_skip_tracking":false,"_monsterinsights_sitenote_active":false,"_monsterinsights_sitenote_note":"","_monsterinsights_sitenote_category":0},"categories":[1],"tags":[],"aioseo_notices":[],"gutentor_comment":0,"rttpg_featured_image_url":{"full":["https:\/\/arantv.az\/wp-content\/uploads\/2019\/10\/1571827440h.jpg",549,358,false],"landscape":["https:\/\/arantv.az\/wp-content\/uploads\/2019\/10\/1571827440h.jpg",549,358,false],"portraits":["https:\/\/arantv.az\/wp-content\/uploads\/2019\/10\/1571827440h.jpg",549,358,false],"thumbnail":["https:\/\/arantv.az\/wp-content\/uploads\/2019\/10\/1571827440h-150x150.jpg",150,150,true],"medium":["https:\/\/arantv.az\/wp-content\/uploads\/2019\/10\/1571827440h-300x196.jpg",300,196,true],"large":["https:\/\/arantv.az\/wp-content\/uploads\/2019\/10\/1571827440h.jpg",549,358,false],"1536x1536":["https:\/\/arantv.az\/wp-content\/uploads\/2019\/10\/1571827440h.jpg",549,358,false],"2048x2048":["https:\/\/arantv.az\/wp-content\/uploads\/2019\/10\/1571827440h.jpg",549,358,false],"post-thumbnail":["https:\/\/arantv.az\/wp-content\/uploads\/2019\/10\/1571827440h-240x172.jpg",240,172,true],"advps-thumb-one":["https:\/\/arantv.az\/wp-content\/uploads\/2019\/10\/1571827440h.jpg",549,358,false]},"rttpg_author":{"display_name":"V\u00fcsal Rafiqo\u011flu","author_link":"https:\/\/arantv.az\/?author=2"},"rttpg_comment":0,"rttpg_category":"<a href=\"https:\/\/arantv.az\/?cat=1\" rel=\"category\">C\u0259miyy\u0259t<\/a>","rttpg_excerpt":"\u015e\u0259mkird\u0259 itkin d\u00fc\u015f\u0259n iki u\u015faq anas\u0131 tap\u0131l\u0131b. ARANTV.AZ\u00a0\u00a0oxu.az-a istinad\u0259n x\u0259b\u0259r verir ki, bu g\u00fcn s\u0259h\u0259r saatlar\u0131nda Bak\u0131n\u0131n &#8220;\u015eamaxinka&#8221; adlanan \u0259razisind\u0259 g\u0259nc qad\u0131n R\u00fcst\u0259mova \u015e\u00f6vqiy\u0259 \u018fjd\u0259r q\u0131z\u0131na yax\u0131nla\u015faraq ondan k\u00f6m\u0259k ist\u0259yib. M\u0259lum olub ki, k\u00f6m\u0259k ist\u0259y\u0259n qad\u0131n \u2013 \u015e\u0259mkir rayonu Sabirk\u0259nd k\u0259nd sakini, 1994-c\u00fc il t\u0259v\u0259ll\u00fcdl\u00fc Tanr\u0131verdiyeva G\u00fclnar Qafqaz q\u0131z\u0131d\u0131r. \u015e.R\u00fcst\u0259mova qad\u0131nla ba\u011fl\u0131 polis\u0259 m\u00fcraci\u0259t edib.&hellip;","_links":{"self":[{"href":"https:\/\/arantv.az\/index.php?rest_route=\/wp\/v2\/posts\/88346"}],"collection":[{"href":"https:\/\/arantv.az\/index.php?rest_route=\/wp\/v2\/posts"}],"about":[{"href":"https:\/\/arantv.az\/index.php?rest_route=\/wp\/v2\/types\/post"}],"author":[{"embeddable":true,"href":"https:\/\/arantv.az\/index.php?rest_route=\/wp\/v2\/users\/2"}],"replies":[{"embeddable":true,"href":"https:\/\/arantv.az\/index.php?rest_route=%2Fwp%2Fv2%2Fcomments&post=88346"}],"version-history":[{"count":0,"href":"https:\/\/arantv.az\/index.php?rest_route=\/wp\/v2\/posts\/88346\/revisions"}],"wp:featuredmedia":[{"embeddable":true,"href":"https:\/\/arantv.az\/index.php?rest_route=\/wp\/v2\/media\/88347"}],"wp:attachment":[{"href":"https:\/\/arantv.az\/index.php?rest_route=%2Fwp%2Fv2%2Fmedia&parent=88346"}],"wp:term":[{"taxonomy":"category","embeddable":true,"href":"https:\/\/arantv.az\/index.php?rest_route=%2Fwp%2Fv2%2Fcategories&post=88346"},{"taxonomy":"post_tag","embeddable":true,"href":"https:\/\/arantv.az\/index.php?rest_route=%2Fwp%2Fv2%2Ftags&post=88346"}],"curies":[{"name":"wp","href":"https:\/\/api.w.org\/{rel}","templated":true}]}}