{"id":88350,"date":"2019-10-23T13:58:12","date_gmt":"2019-10-23T10:58:12","guid":{"rendered":"http:\/\/arantv.az\/?p=88350"},"modified":"2019-10-23T13:58:12","modified_gmt":"2019-10-23T10:58:12","slug":"fhn-x%c9%99z%c9%99rd%c9%99-itkin-dus%c9%99n-s%c9%99xsin-axtarislarina-helikopter-c%c9%99lb-edilib","status":"publish","type":"post","link":"https:\/\/arantv.az\/?p=88350","title":{"rendered":"FHN: X\u0259z\u0259rd\u0259 itkin d\u00fc\u015f\u0259n \u015f\u0259xsin axtar\u0131\u015flar\u0131na helikopter c\u0259lb edilib"},"content":{"rendered":"<p>Bak\u0131 \u015f\u0259h\u0259rinin Pirallah\u0131 rayonundan bal\u0131q tutmaq m\u0259qs\u0259dil\u0259 d\u0259niz\u0259 \u00e7\u0131xaraq itkin d\u00fc\u015f\u0259n 1976-c\u0131 il t\u0259v\u0259ll\u00fcdl\u00fc Quliyev Vur\u011fun Akif o\u011flunun axtar\u0131\u015flar\u0131 davam etdirilir.<\/p>\n<p><b>ARANTV.AZ\u00a0<\/b>\u00a0x\u0259b\u0259r verir ki, haz\u0131rda F\u00f6vq\u0259lad\u0259 Hallar Nazirliyinin Aviasiya d\u0259st\u0259sinin 1 \u0259d\u0259d helikopteri q\u0259zan\u0131n ba\u015f verdiyi ehtimal olunan koordinatlarda axtar\u0131\u015flar apar\u0131r. Eyni zamanda, Ki\u00e7ikh\u0259cmli G\u0259mil\u0259r\u0259 N\u0259zar\u0259t v\u0259 Sularda Xilasetm\u0259 D\u00f6vl\u0259t Xidm\u0259ti t\u0259r\u0259find\u0259n g\u00fcnd\u0259lik sahilboyu \u0259razil\u0259rd\u0259 vizual axtar\u0131\u015flar h\u0259yata ke\u00e7irilir.<\/p>\n<div id=\"AdviadNativeVideo0\" class=\"AdviadNativeVideo\"><\/div>\n<p>\u018flav\u0259 m\u0259lumat veril\u0259c\u0259k.Sonxeber.az<\/p>\n","protected":false},"excerpt":{"rendered":"<p>Bak\u0131 \u015f\u0259h\u0259rinin Pirallah\u0131 rayonundan bal\u0131q tutmaq m\u0259qs\u0259dil\u0259 d\u0259niz\u0259 \u00e7\u0131xaraq itkin d\u00fc\u015f\u0259n 1976-c\u0131 il t\u0259v\u0259ll\u00fcdl\u00fc Quliyev Vur\u011fun Akif o\u011flunun axtar\u0131\u015flar\u0131 davam etdirilir. ARANTV.AZ\u00a0\u00a0x\u0259b\u0259r verir ki, haz\u0131rda F\u00f6vq\u0259lad\u0259 Hallar Nazirliyinin Aviasiya d\u0259st\u0259sinin 1 \u0259d\u0259d helikopteri q\u0259zan\u0131n ba\u015f verdiyi ehtimal olunan koordinatlarda axtar\u0131\u015flar apar\u0131r. Eyni zamanda, Ki\u00e7ikh\u0259cmli G\u0259mil\u0259r\u0259 N\u0259zar\u0259t v\u0259 Sularda Xilasetm\u0259 D\u00f6vl\u0259t Xidm\u0259ti t\u0259r\u0259find\u0259n g\u00fcnd\u0259lik sahilboyu \u0259razil\u0259rd\u0259 vizual axtar\u0131\u015flar h\u0259yata ke\u00e7irilir. \u018flav\u0259 m\u0259lumat veril\u0259c\u0259k.Sonxeber.az<\/p>\n","protected":false},"author":2,"featured_media":88351,"comment_status":"closed","ping_status":"closed","sticky":false,"template":"","format":"standard","meta":{"om_disable_all_campaigns":false,"_monsterinsights_skip_tracking":false,"_monsterinsights_sitenote_active":false,"_monsterinsights_sitenote_note":"","_monsterinsights_sitenote_category":0},"categories":[1],"tags":[],"aioseo_notices":[],"gutentor_comment":0,"rttpg_featured_image_url":{"full":["https:\/\/arantv.az\/wp-content\/uploads\/2019\/10\/1571827227helikopter.jpg",549,309,false],"landscape":["https:\/\/arantv.az\/wp-content\/uploads\/2019\/10\/1571827227helikopter.jpg",549,309,false],"portraits":["https:\/\/arantv.az\/wp-content\/uploads\/2019\/10\/1571827227helikopter.jpg",549,309,false],"thumbnail":["https:\/\/arantv.az\/wp-content\/uploads\/2019\/10\/1571827227helikopter-150x150.jpg",150,150,true],"medium":["https:\/\/arantv.az\/wp-content\/uploads\/2019\/10\/1571827227helikopter-300x169.jpg",300,169,true],"large":["https:\/\/arantv.az\/wp-content\/uploads\/2019\/10\/1571827227helikopter.jpg",549,309,false],"1536x1536":["https:\/\/arantv.az\/wp-content\/uploads\/2019\/10\/1571827227helikopter.jpg",549,309,false],"2048x2048":["https:\/\/arantv.az\/wp-content\/uploads\/2019\/10\/1571827227helikopter.jpg",549,309,false],"post-thumbnail":["https:\/\/arantv.az\/wp-content\/uploads\/2019\/10\/1571827227helikopter-240x172.jpg",240,172,true],"advps-thumb-one":["https:\/\/arantv.az\/wp-content\/uploads\/2019\/10\/1571827227helikopter.jpg",549,309,false]},"rttpg_author":{"display_name":"V\u00fcsal Rafiqo\u011flu","author_link":"https:\/\/arantv.az\/?author=2"},"rttpg_comment":0,"rttpg_category":"<a href=\"https:\/\/arantv.az\/?cat=1\" rel=\"category\">C\u0259miyy\u0259t<\/a>","rttpg_excerpt":"Bak\u0131 \u015f\u0259h\u0259rinin Pirallah\u0131 rayonundan bal\u0131q tutmaq m\u0259qs\u0259dil\u0259 d\u0259niz\u0259 \u00e7\u0131xaraq itkin d\u00fc\u015f\u0259n 1976-c\u0131 il t\u0259v\u0259ll\u00fcdl\u00fc Quliyev Vur\u011fun Akif o\u011flunun axtar\u0131\u015flar\u0131 davam etdirilir. ARANTV.AZ\u00a0\u00a0x\u0259b\u0259r verir ki, haz\u0131rda F\u00f6vq\u0259lad\u0259 Hallar Nazirliyinin Aviasiya d\u0259st\u0259sinin 1 \u0259d\u0259d helikopteri q\u0259zan\u0131n ba\u015f verdiyi ehtimal olunan koordinatlarda axtar\u0131\u015flar apar\u0131r. Eyni zamanda, Ki\u00e7ikh\u0259cmli G\u0259mil\u0259r\u0259 N\u0259zar\u0259t v\u0259 Sularda Xilasetm\u0259 D\u00f6vl\u0259t Xidm\u0259ti t\u0259r\u0259find\u0259n g\u00fcnd\u0259lik sahilboyu \u0259razil\u0259rd\u0259&hellip;","_links":{"self":[{"href":"https:\/\/arantv.az\/index.php?rest_route=\/wp\/v2\/posts\/88350"}],"collection":[{"href":"https:\/\/arantv.az\/index.php?rest_route=\/wp\/v2\/posts"}],"about":[{"href":"https:\/\/arantv.az\/index.php?rest_route=\/wp\/v2\/types\/post"}],"author":[{"embeddable":true,"href":"https:\/\/arantv.az\/index.php?rest_route=\/wp\/v2\/users\/2"}],"replies":[{"embeddable":true,"href":"https:\/\/arantv.az\/index.php?rest_route=%2Fwp%2Fv2%2Fcomments&post=88350"}],"version-history":[{"count":0,"href":"https:\/\/arantv.az\/index.php?rest_route=\/wp\/v2\/posts\/88350\/revisions"}],"wp:featuredmedia":[{"embeddable":true,"href":"https:\/\/arantv.az\/index.php?rest_route=\/wp\/v2\/media\/88351"}],"wp:attachment":[{"href":"https:\/\/arantv.az\/index.php?rest_route=%2Fwp%2Fv2%2Fmedia&parent=88350"}],"wp:term":[{"taxonomy":"category","embeddable":true,"href":"https:\/\/arantv.az\/index.php?rest_route=%2Fwp%2Fv2%2Fcategories&post=88350"},{"taxonomy":"post_tag","embeddable":true,"href":"https:\/\/arantv.az\/index.php?rest_route=%2Fwp%2Fv2%2Ftags&post=88350"}],"curies":[{"name":"wp","href":"https:\/\/api.w.org\/{rel}","templated":true}]}}