{"id":88385,"date":"2019-10-23T14:35:45","date_gmt":"2019-10-23T11:35:45","guid":{"rendered":"http:\/\/arantv.az\/?p=88385"},"modified":"2019-10-23T14:35:45","modified_gmt":"2019-10-23T11:35:45","slug":"deputat-az%c9%99rbaycan-xarici-siyas%c9%99tinin-prinsipl%c9%99rini-qosulmama-h%c9%99r%c9%99katina-uzv-olk%c9%99l%c9%99rin-diqq%c9%99tin%c9%99-catdiracaq","status":"publish","type":"post","link":"https:\/\/arantv.az\/?p=88385","title":{"rendered":"Deputat: &#8220;Az\u0259rbaycan xarici siyas\u0259tinin prinsipl\u0259rini Qo\u015fulmama H\u0259r\u0259kat\u0131na \u00fczv \u00f6lk\u0259l\u0259rin diqq\u0259tin\u0259 \u00e7atd\u0131racaq&#8221;"},"content":{"rendered":"<p>&#8220;Az\u0259rbaycan\u0131n xarici siyas\u0259tinin \u0259sas istiqam\u0259tl\u0259ri \u00f6lk\u0259l\u0259rl\u0259 \u0259m\u0259kda\u015fl\u0131q v\u0259 t\u0259r\u0259fda\u015fl\u0131q qurmaq, s\u00fclh\u00fc t\u0259min etm\u0259k, beyn\u0259lxalq h\u00fcquq normalar\u0131na riay\u0259t etm\u0259kdir&#8221;.<\/p>\n<p><strong>ARANTV.AZ<\/strong>\u00a0 x\u0259b\u0259r verir ki, bunu\u00a0<a href=\"https:\/\/az.trend.az\/\" target=\"_blank\" rel=\"noopener\">Trend<\/a>-\u0259 Milli M\u0259clisin deputat\u0131 Asim Mollazad\u0259 deyib.<\/p>\n<p>Deputat qeyd edib ki, Qo\u015fulmama H\u0259r\u0259kat\u0131n\u0131n XVIII Zirv\u0259 G\u00f6r\u00fc\u015f\u00fcnun Bak\u0131da ke\u00e7irilm\u0259si \u00f6lk\u0259miz \u00fc\u00e7\u00fcn m\u00fch\u00fcm \u0259h\u0259miyy\u0259t k\u0259sb edir. Az\u0259rbaycan Qo\u015fulmama H\u0259r\u0259kat\u0131na s\u0259drliyi h\u0259yata ke\u00e7irir\u0259k m\u0259hz bu prinsipl\u0259ri \u00f6lk\u0259mizl\u0259 \u0259m\u0259kda\u015fl\u0131q ed\u0259n d\u00f6vl\u0259tl\u0259rin diqq\u0259tin\u0259 \u00e7atd\u0131racaq.<\/p>\n<p>Onun s\u00f6zl\u0259rin\u0259 g\u00f6r\u0259, Az\u0259rbaycan\u0131n ist\u0259yi beyn\u0259lxalq f\u0259aliyy\u0259tini beyn\u0259lxalq h\u00fcquq normalar\u0131 \u00e7\u0259r\u00e7iv\u0259sind\u0259 inki\u015faf etdirm\u0259kdir: &#8220;\u00c7ox m\u00fch\u00fcm amildir ki, d\u00fcnya \u00f6lk\u0259l\u0259ri \u00f6z siyas\u0259tl\u0259rind\u0259 g\u00fcc\u00fcn deyil, h\u00fcququn aliliyin\u0259 \u0259saslans\u0131nlar. Onlar x\u0131rda \u00f6lk\u0259l\u0259r\u0259 t\u0259zyiq etm\u0259k siyas\u0259tini deyil, m\u0259hz \u0259m\u0259kda\u015fl\u0131\u011fa v\u0259 inki\u015fafa xidm\u0259t ed\u0259n siyas\u0259t h\u0259yata ke\u00e7irsinl\u0259r. Qo\u015fulmama H\u0259rakat\u0131nda bu m\u0259s\u0259l\u0259d\u0259 Az\u0259rbaycanla h\u0259mfikir olan \u00f6lk\u0259l\u0259rin say\u0131 \u00e7oxdur. Onlar biziml\u0259 \u0259m\u0259kda\u015fl\u0131q ed\u0259r\u0259k \u00e7al\u0131\u015facaqlar ki, hans\u0131sa postimperialist t\u0259f\u0259kk\u00fcrl\u0259 deyil, m\u0259hz \u0259m\u0259kda\u015fl\u0131\u011fa, inki\u015fafa, sabitliy\u0259 xidm\u0259t ed\u0259n t\u0259f\u0259kk\u00fcrl\u0259 \u00f6z m\u00fcnasib\u0259tl\u0259rini formala\u015fd\u0131rs\u0131nlar&#8221;.<\/p>\n<p>A.Mollazad\u0259nin fikrinc\u0259, Qo\u015fulmama H\u0259r\u0259kat\u0131na s\u0259drliyin Az\u0259rbaycana ke\u00e7m\u0259si il\u0259 \u00f6lk\u0259miz \u00f6z strategiyas\u0131n\u0131, xarici siyas\u0259t v\u0259 strateji m\u0259qs\u0259dl\u0259rini d\u00fcnyan\u0131n bir s\u0131ra \u00f6lk\u0259l\u0259rin\u0259 bir daha izah etmi\u015f olacaq.<\/p>\n<p>Xat\u0131rladaq ki, Qo\u015fulmama H\u0259r\u0259kat\u0131n\u0131n XVIII Zirv\u0259 G\u00f6r\u00fc\u015f\u00fc oktyabr\u0131n 25-26-da Bak\u0131da ke\u00e7iril\u0259c\u0259k. Oktyabr\u0131n 23-24-d\u0259 is\u0259 t\u0259\u015fkilata \u00fczv \u00f6lk\u0259l\u0259rin Xarici \u0130\u015fl\u0259r nazirl\u0259ri sammit\u0259 haz\u0131rl\u0131q m\u0259s\u0259l\u0259l\u0259rini m\u00fczakir\u0259 ed\u0259c\u0259kl\u0259r.<\/p>\n<p>Qo\u015fulmama H\u0259r\u0259kat\u0131n\u0131n Bak\u0131da ke\u00e7iril\u0259c\u0259k XVIII Zirv\u0259 G\u00f6r\u00fc\u015f\u00fcn\u0259, \u00fcmumilikd\u0259 60-a yax\u0131n \u00f6lk\u0259nin d\u00f6vl\u0259t v\u0259 h\u00f6kum\u0259t ba\u015f\u00e7\u0131s\u0131, h\u0259m\u00e7inin beyn\u0259lxalq t\u0259\u015fkilatlar\u0131n r\u0259hb\u0259rl\u0259ri qat\u0131lacaq.<\/p>\n<p>T\u0259dbirin i\u015f\u0131qland\u0131r\u0131lmas\u0131 \u00fc\u00e7\u00fcn 246 jurnalist akkreditasiyadan ke\u00e7ib.<\/p>\n","protected":false},"excerpt":{"rendered":"<p>&#8220;Az\u0259rbaycan\u0131n xarici siyas\u0259tinin \u0259sas istiqam\u0259tl\u0259ri \u00f6lk\u0259l\u0259rl\u0259 \u0259m\u0259kda\u015fl\u0131q v\u0259 t\u0259r\u0259fda\u015fl\u0131q qurmaq, s\u00fclh\u00fc t\u0259min etm\u0259k, beyn\u0259lxalq h\u00fcquq normalar\u0131na riay\u0259t etm\u0259kdir&#8221;. ARANTV.AZ\u00a0 x\u0259b\u0259r verir ki, bunu\u00a0Trend-\u0259 Milli M\u0259clisin deputat\u0131 Asim Mollazad\u0259 deyib. Deputat qeyd edib ki, Qo\u015fulmama H\u0259r\u0259kat\u0131n\u0131n XVIII Zirv\u0259 G\u00f6r\u00fc\u015f\u00fcnun Bak\u0131da ke\u00e7irilm\u0259si \u00f6lk\u0259miz \u00fc\u00e7\u00fcn m\u00fch\u00fcm \u0259h\u0259miyy\u0259t k\u0259sb edir. Az\u0259rbaycan Qo\u015fulmama H\u0259r\u0259kat\u0131na s\u0259drliyi h\u0259yata ke\u00e7irir\u0259k m\u0259hz bu prinsipl\u0259ri \u00f6lk\u0259mizl\u0259 \u0259m\u0259kda\u015fl\u0131q ed\u0259n d\u00f6vl\u0259tl\u0259rin diqq\u0259tin\u0259 \u00e7atd\u0131racaq. Onun s\u00f6zl\u0259rin\u0259 g\u00f6r\u0259, Az\u0259rbaycan\u0131n ist\u0259yi beyn\u0259lxalq f\u0259aliyy\u0259tini beyn\u0259lxalq h\u00fcquq normalar\u0131 \u00e7\u0259r\u00e7iv\u0259sind\u0259 inki\u015faf etdirm\u0259kdir: &#8220;\u00c7ox m\u00fch\u00fcm amildir ki, d\u00fcnya \u00f6lk\u0259l\u0259ri \u00f6z siyas\u0259tl\u0259rind\u0259 g\u00fcc\u00fcn deyil, h\u00fcququn aliliyin\u0259 \u0259saslans\u0131nlar. Onlar x\u0131rda \u00f6lk\u0259l\u0259r\u0259&hellip;<\/p>\n","protected":false},"author":2,"featured_media":88386,"comment_status":"closed","ping_status":"closed","sticky":false,"template":"","format":"standard","meta":{"om_disable_all_campaigns":false,"_monsterinsights_skip_tracking":false,"_monsterinsights_sitenote_active":false,"_monsterinsights_sitenote_note":"","_monsterinsights_sitenote_category":0},"categories":[4],"tags":[],"aioseo_notices":[],"gutentor_comment":0,"rttpg_featured_image_url":{"full":["https:\/\/arantv.az\/wp-content\/uploads\/2019\/10\/796504.jpg",1200,900,false],"landscape":["https:\/\/arantv.az\/wp-content\/uploads\/2019\/10\/796504.jpg",1200,900,false],"portraits":["https:\/\/arantv.az\/wp-content\/uploads\/2019\/10\/796504.jpg",1200,900,false],"thumbnail":["https:\/\/arantv.az\/wp-content\/uploads\/2019\/10\/796504-150x150.jpg",150,150,true],"medium":["https:\/\/arantv.az\/wp-content\/uploads\/2019\/10\/796504-300x225.jpg",300,225,true],"large":["https:\/\/arantv.az\/wp-content\/uploads\/2019\/10\/796504-1024x768.jpg",640,480,true],"1536x1536":["https:\/\/arantv.az\/wp-content\/uploads\/2019\/10\/796504.jpg",1200,900,false],"2048x2048":["https:\/\/arantv.az\/wp-content\/uploads\/2019\/10\/796504.jpg",1200,900,false],"post-thumbnail":["https:\/\/arantv.az\/wp-content\/uploads\/2019\/10\/796504-240x172.jpg",240,172,true],"advps-thumb-one":["https:\/\/arantv.az\/wp-content\/uploads\/2019\/10\/796504-1200x620.jpg",1200,620,true]},"rttpg_author":{"display_name":"V\u00fcsal Rafiqo\u011flu","author_link":"https:\/\/arantv.az\/?author=2"},"rttpg_comment":0,"rttpg_category":"<a href=\"https:\/\/arantv.az\/?cat=4\" rel=\"category\">Siyas\u0259t<\/a>","rttpg_excerpt":"&#8220;Az\u0259rbaycan\u0131n xarici siyas\u0259tinin \u0259sas istiqam\u0259tl\u0259ri \u00f6lk\u0259l\u0259rl\u0259 \u0259m\u0259kda\u015fl\u0131q v\u0259 t\u0259r\u0259fda\u015fl\u0131q qurmaq, s\u00fclh\u00fc t\u0259min etm\u0259k, beyn\u0259lxalq h\u00fcquq normalar\u0131na riay\u0259t etm\u0259kdir&#8221;. ARANTV.AZ\u00a0 x\u0259b\u0259r verir ki, bunu\u00a0Trend-\u0259 Milli M\u0259clisin deputat\u0131 Asim Mollazad\u0259 deyib. Deputat qeyd edib ki, Qo\u015fulmama H\u0259r\u0259kat\u0131n\u0131n XVIII Zirv\u0259 G\u00f6r\u00fc\u015f\u00fcnun Bak\u0131da ke\u00e7irilm\u0259si \u00f6lk\u0259miz \u00fc\u00e7\u00fcn m\u00fch\u00fcm \u0259h\u0259miyy\u0259t k\u0259sb edir. Az\u0259rbaycan Qo\u015fulmama H\u0259r\u0259kat\u0131na s\u0259drliyi h\u0259yata ke\u00e7irir\u0259k m\u0259hz bu prinsipl\u0259ri&hellip;","_links":{"self":[{"href":"https:\/\/arantv.az\/index.php?rest_route=\/wp\/v2\/posts\/88385"}],"collection":[{"href":"https:\/\/arantv.az\/index.php?rest_route=\/wp\/v2\/posts"}],"about":[{"href":"https:\/\/arantv.az\/index.php?rest_route=\/wp\/v2\/types\/post"}],"author":[{"embeddable":true,"href":"https:\/\/arantv.az\/index.php?rest_route=\/wp\/v2\/users\/2"}],"replies":[{"embeddable":true,"href":"https:\/\/arantv.az\/index.php?rest_route=%2Fwp%2Fv2%2Fcomments&post=88385"}],"version-history":[{"count":0,"href":"https:\/\/arantv.az\/index.php?rest_route=\/wp\/v2\/posts\/88385\/revisions"}],"wp:featuredmedia":[{"embeddable":true,"href":"https:\/\/arantv.az\/index.php?rest_route=\/wp\/v2\/media\/88386"}],"wp:attachment":[{"href":"https:\/\/arantv.az\/index.php?rest_route=%2Fwp%2Fv2%2Fmedia&parent=88385"}],"wp:term":[{"taxonomy":"category","embeddable":true,"href":"https:\/\/arantv.az\/index.php?rest_route=%2Fwp%2Fv2%2Fcategories&post=88385"},{"taxonomy":"post_tag","embeddable":true,"href":"https:\/\/arantv.az\/index.php?rest_route=%2Fwp%2Fv2%2Ftags&post=88385"}],"curies":[{"name":"wp","href":"https:\/\/api.w.org\/{rel}","templated":true}]}}