{"id":88389,"date":"2019-10-23T14:38:05","date_gmt":"2019-10-23T11:38:05","guid":{"rendered":"http:\/\/arantv.az\/?p=88389"},"modified":"2019-10-23T14:38:05","modified_gmt":"2019-10-23T11:38:05","slug":"az%c9%99rbaycanda-kafed%c9%99-d%c9%99hs%c9%99t-qadin-kisinin-ustun%c9%99-qaynar-samovar-asirdi","status":"publish","type":"post","link":"https:\/\/arantv.az\/?p=88389","title":{"rendered":"Az\u0259rbaycanda kafed\u0259 d\u0259h\u015f\u0259t: Qad\u0131n ki\u015finin \u00fcst\u00fcn\u0259 qaynar samovar a\u015f\u0131rd\u0131"},"content":{"rendered":"<p>G\u0259d\u0259b\u0259yd\u0259 23 ya\u015fl\u0131 ki\u015finin \u00fcst\u00fcn\u0259 qaynar samovar a\u015f\u0131b.<\/p>\n<p><b>ARANTV.AZ\u00a0<\/b>x\u0259b\u0259r verir ki, hadis\u0259 rayondak\u0131 kafel\u0259rin birind\u0259 qeyd\u0259 al\u0131n\u0131b.<\/p>\n<div id=\"AdviadNativeVideo0\" class=\"AdviadNativeVideo\"><\/div>\n<p>H\u00fcseynov Elm\u0259ddin Ramazan o\u011flu \u00fcz nahiy\u0259sinin yan\u0131\u011f\u0131, ikinci d\u0259r\u0259c\u0259li a\u011f\u0131r yan\u0131q x\u0259sar\u0259tl\u0259ri il\u0259 G\u0259nc\u0259d\u0259ki x\u0259st\u0259xanalardan birin\u0259 yerl\u0259\u015fdirilib.<\/p>\n<p>Bildirilir ki, hadis\u0259ni ad\u0131 a\u00e7\u0131qlanmayan qad\u0131n edib. O, E.H\u00fcseynovun \u00fcz\u0259rin\u0259 qaynayan samovar\u0131 a\u015f\u0131r\u0131b. H\u0259l\u0259lik qad\u0131n\u0131n hans\u0131 s\u0259b\u0259bd\u0259n bu add\u0131m\u0131 atd\u0131\u011f\u0131 a\u00e7\u0131qlanm\u0131r.<\/p>\n<p>Faktla ba\u011fl\u0131 ara\u015fd\u0131rma apar\u0131l\u0131r.oxu.az<\/p>\n","protected":false},"excerpt":{"rendered":"<p>G\u0259d\u0259b\u0259yd\u0259 23 ya\u015fl\u0131 ki\u015finin \u00fcst\u00fcn\u0259 qaynar samovar a\u015f\u0131b. ARANTV.AZ\u00a0x\u0259b\u0259r verir ki, hadis\u0259 rayondak\u0131 kafel\u0259rin birind\u0259 qeyd\u0259 al\u0131n\u0131b. H\u00fcseynov Elm\u0259ddin Ramazan o\u011flu \u00fcz nahiy\u0259sinin yan\u0131\u011f\u0131, ikinci d\u0259r\u0259c\u0259li a\u011f\u0131r yan\u0131q x\u0259sar\u0259tl\u0259ri il\u0259 G\u0259nc\u0259d\u0259ki x\u0259st\u0259xanalardan birin\u0259 yerl\u0259\u015fdirilib. Bildirilir ki, hadis\u0259ni ad\u0131 a\u00e7\u0131qlanmayan qad\u0131n edib. O, E.H\u00fcseynovun \u00fcz\u0259rin\u0259 qaynayan samovar\u0131 a\u015f\u0131r\u0131b. H\u0259l\u0259lik qad\u0131n\u0131n hans\u0131 s\u0259b\u0259bd\u0259n bu add\u0131m\u0131 atd\u0131\u011f\u0131 a\u00e7\u0131qlanm\u0131r. Faktla ba\u011fl\u0131 ara\u015fd\u0131rma apar\u0131l\u0131r.oxu.az<\/p>\n","protected":false},"author":2,"featured_media":88390,"comment_status":"closed","ping_status":"closed","sticky":false,"template":"","format":"standard","meta":{"om_disable_all_campaigns":false,"_monsterinsights_skip_tracking":false,"_monsterinsights_sitenote_active":false,"_monsterinsights_sitenote_note":"","_monsterinsights_sitenote_category":0},"categories":[5],"tags":[],"aioseo_notices":[],"gutentor_comment":0,"rttpg_featured_image_url":{"full":["https:\/\/arantv.az\/wp-content\/uploads\/2019\/10\/samovar.jpg",620,414,false],"landscape":["https:\/\/arantv.az\/wp-content\/uploads\/2019\/10\/samovar.jpg",620,414,false],"portraits":["https:\/\/arantv.az\/wp-content\/uploads\/2019\/10\/samovar.jpg",620,414,false],"thumbnail":["https:\/\/arantv.az\/wp-content\/uploads\/2019\/10\/samovar-150x150.jpg",150,150,true],"medium":["https:\/\/arantv.az\/wp-content\/uploads\/2019\/10\/samovar-300x200.jpg",300,200,true],"large":["https:\/\/arantv.az\/wp-content\/uploads\/2019\/10\/samovar.jpg",620,414,false],"1536x1536":["https:\/\/arantv.az\/wp-content\/uploads\/2019\/10\/samovar.jpg",620,414,false],"2048x2048":["https:\/\/arantv.az\/wp-content\/uploads\/2019\/10\/samovar.jpg",620,414,false],"post-thumbnail":["https:\/\/arantv.az\/wp-content\/uploads\/2019\/10\/samovar-240x172.jpg",240,172,true],"advps-thumb-one":["https:\/\/arantv.az\/wp-content\/uploads\/2019\/10\/samovar.jpg",620,414,false]},"rttpg_author":{"display_name":"V\u00fcsal Rafiqo\u011flu","author_link":"https:\/\/arantv.az\/?author=2"},"rttpg_comment":0,"rttpg_category":"<a href=\"https:\/\/arantv.az\/?cat=5\" rel=\"category\">Hadis\u0259<\/a>","rttpg_excerpt":"G\u0259d\u0259b\u0259yd\u0259 23 ya\u015fl\u0131 ki\u015finin \u00fcst\u00fcn\u0259 qaynar samovar a\u015f\u0131b. ARANTV.AZ\u00a0x\u0259b\u0259r verir ki, hadis\u0259 rayondak\u0131 kafel\u0259rin birind\u0259 qeyd\u0259 al\u0131n\u0131b. H\u00fcseynov Elm\u0259ddin Ramazan o\u011flu \u00fcz nahiy\u0259sinin yan\u0131\u011f\u0131, ikinci d\u0259r\u0259c\u0259li a\u011f\u0131r yan\u0131q x\u0259sar\u0259tl\u0259ri il\u0259 G\u0259nc\u0259d\u0259ki x\u0259st\u0259xanalardan birin\u0259 yerl\u0259\u015fdirilib. Bildirilir ki, hadis\u0259ni ad\u0131 a\u00e7\u0131qlanmayan qad\u0131n edib. O, E.H\u00fcseynovun \u00fcz\u0259rin\u0259 qaynayan samovar\u0131 a\u015f\u0131r\u0131b. H\u0259l\u0259lik qad\u0131n\u0131n hans\u0131 s\u0259b\u0259bd\u0259n bu add\u0131m\u0131 atd\u0131\u011f\u0131 a\u00e7\u0131qlanm\u0131r.&hellip;","_links":{"self":[{"href":"https:\/\/arantv.az\/index.php?rest_route=\/wp\/v2\/posts\/88389"}],"collection":[{"href":"https:\/\/arantv.az\/index.php?rest_route=\/wp\/v2\/posts"}],"about":[{"href":"https:\/\/arantv.az\/index.php?rest_route=\/wp\/v2\/types\/post"}],"author":[{"embeddable":true,"href":"https:\/\/arantv.az\/index.php?rest_route=\/wp\/v2\/users\/2"}],"replies":[{"embeddable":true,"href":"https:\/\/arantv.az\/index.php?rest_route=%2Fwp%2Fv2%2Fcomments&post=88389"}],"version-history":[{"count":0,"href":"https:\/\/arantv.az\/index.php?rest_route=\/wp\/v2\/posts\/88389\/revisions"}],"wp:featuredmedia":[{"embeddable":true,"href":"https:\/\/arantv.az\/index.php?rest_route=\/wp\/v2\/media\/88390"}],"wp:attachment":[{"href":"https:\/\/arantv.az\/index.php?rest_route=%2Fwp%2Fv2%2Fmedia&parent=88389"}],"wp:term":[{"taxonomy":"category","embeddable":true,"href":"https:\/\/arantv.az\/index.php?rest_route=%2Fwp%2Fv2%2Fcategories&post=88389"},{"taxonomy":"post_tag","embeddable":true,"href":"https:\/\/arantv.az\/index.php?rest_route=%2Fwp%2Fv2%2Ftags&post=88389"}],"curies":[{"name":"wp","href":"https:\/\/api.w.org\/{rel}","templated":true}]}}