{"id":88393,"date":"2019-10-23T14:38:49","date_gmt":"2019-10-23T11:38:49","guid":{"rendered":"http:\/\/arantv.az\/?p=88393"},"modified":"2019-10-23T14:38:49","modified_gmt":"2019-10-23T11:38:49","slug":"blokda-iki-azyasli-oglunun-gozu-qarsisinda-arvadinin-basini-k%c9%99sdi-m%c9%99hk%c9%99m%c9%99","status":"publish","type":"post","link":"https:\/\/arantv.az\/?p=88393","title":{"rendered":"Blokda iki azya\u015fl\u0131 o\u011flunun g\u00f6z\u00fc qar\u015f\u0131s\u0131nda arvad\u0131n\u0131n ba\u015f\u0131n\u0131 k\u0259sdi &#8211; M\u018fHK\u018fM\u018f"},"content":{"rendered":"<p>Bak\u0131 A\u011f\u0131r Cinay\u0259tl\u0259r M\u0259hk\u0259m\u0259sind\u0259 arvad\u0131n\u0131 x\u00fcsusi amans\u0131zl\u0131qla \u00f6ld\u00fcrm\u0259kd\u0259 t\u0259qsirl\u0259ndiril\u0259n V\u00fcsal M\u0259mm\u0259dovun cinay\u0259t i\u015fi \u00fczr\u0259 m\u0259hk\u0259m\u0259 iclas\u0131 ba\u015flay\u0131b.<\/p>\n<p>Hakim Faiq Q\u0259niyevin s\u0259drliyi il\u0259 ke\u00e7iril\u0259n prosesd\u0259 t\u0259qsirl\u0259ndiril\u0259n \u015f\u0259xsin anket m\u0259lumatlar\u0131 d\u0259qiql\u0259\u015fdirilib.<\/p>\n<p>M\u0259hk\u0259m\u0259nin bax\u0131\u015f iclas\u0131 oktyabr\u0131n 28-n\u0259 t\u0259yin edilib.<\/p>\n<div id=\"AdviadNativeVideo0\" class=\"AdviadNativeVideo\"><\/div>\n<p>Hadis\u0259 bu ilin may ay\u0131nda Sabun\u00e7u rayonu Bak\u0131xanov q\u0259s\u0259b\u0259sind\u0259 ba\u015f verib. 42 ya\u015fl\u0131 V.M\u0259mm\u0259dov Muxtar F\u0259t\u0259liyev k\u00fc\u00e7\u0259sind\u0259 yerl\u0259\u015f\u0259n ya\u015fay\u0131\u015f binas\u0131n\u0131n giri\u015find\u0259 (blokda) iki azya\u015fl\u0131 o\u011flunun g\u00f6z\u00fc qar\u015f\u0131s\u0131nda 41 ya\u015fl\u0131 h\u0259yat yolda\u015f\u0131 M\u0259mm\u0259dova F\u0259rid\u0259 \u0130smay\u0131l q\u0131z\u0131n\u0131n ba\u015f\u0131n\u0131 k\u0259sib.<\/p>\n<p>Faktla ba\u011fl\u0131 Sabun\u00e7u Rayon Prokurorlu\u011funda cinay\u0259t i\u015fi ba\u015flan\u0131l\u0131b, hadis\u0259 yerind\u0259n qa\u00e7an 1977-ci il t\u0259v\u0259ll\u00fcdl\u00fc M\u0259mm\u0259dov V\u00fcsal Nizami o\u011flu tutularaq istintaqa c\u0259lb edilib.<\/p>\n<p>Ona Cinay\u0259t M\u0259c\u0259ll\u0259sinin 120.2.4 (x\u00fcsusi amans\u0131zl\u0131qla v\u0259 ya \u00fcmumi t\u0259hl\u00fck\u0259li \u00fcsulla adam \u00f6ld\u00fcrm\u0259) madd\u0259si il\u0259 ittiham verilib.<\/p>\n","protected":false},"excerpt":{"rendered":"<p>Bak\u0131 A\u011f\u0131r Cinay\u0259tl\u0259r M\u0259hk\u0259m\u0259sind\u0259 arvad\u0131n\u0131 x\u00fcsusi amans\u0131zl\u0131qla \u00f6ld\u00fcrm\u0259kd\u0259 t\u0259qsirl\u0259ndiril\u0259n V\u00fcsal M\u0259mm\u0259dovun cinay\u0259t i\u015fi \u00fczr\u0259 m\u0259hk\u0259m\u0259 iclas\u0131 ba\u015flay\u0131b. Hakim Faiq Q\u0259niyevin s\u0259drliyi il\u0259 ke\u00e7iril\u0259n prosesd\u0259 t\u0259qsirl\u0259ndiril\u0259n \u015f\u0259xsin anket m\u0259lumatlar\u0131 d\u0259qiql\u0259\u015fdirilib. M\u0259hk\u0259m\u0259nin bax\u0131\u015f iclas\u0131 oktyabr\u0131n 28-n\u0259 t\u0259yin edilib. Hadis\u0259 bu ilin may ay\u0131nda Sabun\u00e7u rayonu Bak\u0131xanov q\u0259s\u0259b\u0259sind\u0259 ba\u015f verib. 42 ya\u015fl\u0131 V.M\u0259mm\u0259dov Muxtar F\u0259t\u0259liyev k\u00fc\u00e7\u0259sind\u0259 yerl\u0259\u015f\u0259n ya\u015fay\u0131\u015f binas\u0131n\u0131n giri\u015find\u0259 (blokda) iki azya\u015fl\u0131 o\u011flunun g\u00f6z\u00fc qar\u015f\u0131s\u0131nda 41 ya\u015fl\u0131 h\u0259yat yolda\u015f\u0131 M\u0259mm\u0259dova F\u0259rid\u0259 \u0130smay\u0131l q\u0131z\u0131n\u0131n ba\u015f\u0131n\u0131 k\u0259sib. Faktla ba\u011fl\u0131 Sabun\u00e7u Rayon Prokurorlu\u011funda cinay\u0259t i\u015fi ba\u015flan\u0131l\u0131b, hadis\u0259 yerind\u0259n qa\u00e7an 1977-ci il t\u0259v\u0259ll\u00fcdl\u00fc M\u0259mm\u0259dov V\u00fcsal Nizami&hellip;<\/p>\n","protected":false},"author":2,"featured_media":88394,"comment_status":"closed","ping_status":"closed","sticky":false,"template":"","format":"standard","meta":{"om_disable_all_campaigns":false,"_monsterinsights_skip_tracking":false,"_monsterinsights_sitenote_active":false,"_monsterinsights_sitenote_note":"","_monsterinsights_sitenote_category":0},"categories":[3],"tags":[],"aioseo_notices":[],"gutentor_comment":0,"rttpg_featured_image_url":{"full":["https:\/\/arantv.az\/wp-content\/uploads\/2019\/10\/bezymyannyy.jpg",620,389,false],"landscape":["https:\/\/arantv.az\/wp-content\/uploads\/2019\/10\/bezymyannyy.jpg",620,389,false],"portraits":["https:\/\/arantv.az\/wp-content\/uploads\/2019\/10\/bezymyannyy.jpg",620,389,false],"thumbnail":["https:\/\/arantv.az\/wp-content\/uploads\/2019\/10\/bezymyannyy-150x150.jpg",150,150,true],"medium":["https:\/\/arantv.az\/wp-content\/uploads\/2019\/10\/bezymyannyy-300x188.jpg",300,188,true],"large":["https:\/\/arantv.az\/wp-content\/uploads\/2019\/10\/bezymyannyy.jpg",620,389,false],"1536x1536":["https:\/\/arantv.az\/wp-content\/uploads\/2019\/10\/bezymyannyy.jpg",620,389,false],"2048x2048":["https:\/\/arantv.az\/wp-content\/uploads\/2019\/10\/bezymyannyy.jpg",620,389,false],"post-thumbnail":["https:\/\/arantv.az\/wp-content\/uploads\/2019\/10\/bezymyannyy-240x172.jpg",240,172,true],"advps-thumb-one":["https:\/\/arantv.az\/wp-content\/uploads\/2019\/10\/bezymyannyy.jpg",620,389,false]},"rttpg_author":{"display_name":"V\u00fcsal Rafiqo\u011flu","author_link":"https:\/\/arantv.az\/?author=2"},"rttpg_comment":0,"rttpg_category":"<a href=\"https:\/\/arantv.az\/?cat=3\" rel=\"category\">Kriminal<\/a>","rttpg_excerpt":"Bak\u0131 A\u011f\u0131r Cinay\u0259tl\u0259r M\u0259hk\u0259m\u0259sind\u0259 arvad\u0131n\u0131 x\u00fcsusi amans\u0131zl\u0131qla \u00f6ld\u00fcrm\u0259kd\u0259 t\u0259qsirl\u0259ndiril\u0259n V\u00fcsal M\u0259mm\u0259dovun cinay\u0259t i\u015fi \u00fczr\u0259 m\u0259hk\u0259m\u0259 iclas\u0131 ba\u015flay\u0131b. Hakim Faiq Q\u0259niyevin s\u0259drliyi il\u0259 ke\u00e7iril\u0259n prosesd\u0259 t\u0259qsirl\u0259ndiril\u0259n \u015f\u0259xsin anket m\u0259lumatlar\u0131 d\u0259qiql\u0259\u015fdirilib. M\u0259hk\u0259m\u0259nin bax\u0131\u015f iclas\u0131 oktyabr\u0131n 28-n\u0259 t\u0259yin edilib. Hadis\u0259 bu ilin may ay\u0131nda Sabun\u00e7u rayonu Bak\u0131xanov q\u0259s\u0259b\u0259sind\u0259 ba\u015f verib. 42 ya\u015fl\u0131 V.M\u0259mm\u0259dov Muxtar F\u0259t\u0259liyev k\u00fc\u00e7\u0259sind\u0259 yerl\u0259\u015f\u0259n ya\u015fay\u0131\u015f&hellip;","_links":{"self":[{"href":"https:\/\/arantv.az\/index.php?rest_route=\/wp\/v2\/posts\/88393"}],"collection":[{"href":"https:\/\/arantv.az\/index.php?rest_route=\/wp\/v2\/posts"}],"about":[{"href":"https:\/\/arantv.az\/index.php?rest_route=\/wp\/v2\/types\/post"}],"author":[{"embeddable":true,"href":"https:\/\/arantv.az\/index.php?rest_route=\/wp\/v2\/users\/2"}],"replies":[{"embeddable":true,"href":"https:\/\/arantv.az\/index.php?rest_route=%2Fwp%2Fv2%2Fcomments&post=88393"}],"version-history":[{"count":0,"href":"https:\/\/arantv.az\/index.php?rest_route=\/wp\/v2\/posts\/88393\/revisions"}],"wp:featuredmedia":[{"embeddable":true,"href":"https:\/\/arantv.az\/index.php?rest_route=\/wp\/v2\/media\/88394"}],"wp:attachment":[{"href":"https:\/\/arantv.az\/index.php?rest_route=%2Fwp%2Fv2%2Fmedia&parent=88393"}],"wp:term":[{"taxonomy":"category","embeddable":true,"href":"https:\/\/arantv.az\/index.php?rest_route=%2Fwp%2Fv2%2Fcategories&post=88393"},{"taxonomy":"post_tag","embeddable":true,"href":"https:\/\/arantv.az\/index.php?rest_route=%2Fwp%2Fv2%2Ftags&post=88393"}],"curies":[{"name":"wp","href":"https:\/\/api.w.org\/{rel}","templated":true}]}}