{"id":88401,"date":"2019-10-23T15:01:21","date_gmt":"2019-10-23T12:01:21","guid":{"rendered":"http:\/\/arantv.az\/?p=88401"},"modified":"2019-10-23T15:01:21","modified_gmt":"2019-10-23T12:01:21","slug":"hikm%c9%99t-haciyev-ai-nin-az%c9%99rbaycandaki-mitinql%c9%99-bagli-t%c9%99l%c9%99sik-b%c9%99yanati-h%c9%99qiq%c9%99ti-%c9%99ks-etdirmir","status":"publish","type":"post","link":"https:\/\/arantv.az\/?p=88401","title":{"rendered":"Hikm\u0259t Hac\u0131yev: &#8220;A\u0130-nin Az\u0259rbaycandak\u0131 mitinql\u0259 ba\u011fl\u0131 t\u0259l\u0259sik b\u0259yanat\u0131 h\u0259qiq\u0259ti \u0259ks etdirmir&#8221;"},"content":{"rendered":"<p><strong>Avropa \u0130ttifaq\u0131n\u0131n (A\u0130) Az\u0259rbaycandak\u0131 mitinql\u0259 ba\u011fl\u0131 t\u0259l\u0259sik b\u0259yanat\u0131 h\u0259qiq\u0259ti \u0259ks etdirmir.<\/strong><\/p>\n<p><strong>ARANTV.AZ<\/strong>\u00a0<a href=\"http:\/\/az.trend.az\/\" target=\"_blank\" rel=\"noopener\">Trend<\/a>-\u0259 istinad\u0259n bildirir ki,\u00a0bu bar\u0259d\u0259 Prezident Administrasiyas\u0131 xarici siyas\u0259t m\u0259s\u0259l\u0259l\u0259ri \u015f\u00f6b\u0259sinin m\u00fcdiri Hikm\u0259t Hac\u0131yevin &#8220;EURACTIV Network&#8221;d\u0259 d\u0259rc olunan m\u0259qal\u0259sind\u0259 deyilir.<\/p>\n<p>M\u00fc\u0259llif qeyd edib ki, Bak\u0131n\u0131n m\u0259rk\u0259zind\u0259 icaz\u0259siz mitinq ke\u00e7irm\u0259k c\u0259hdi birt\u0259r\u0259fli v\u0259 t\u0259hrif olunmu\u015f formada t\u0259qdim edilib:<\/p>\n<p>&#8220;A\u015f\u0131r\u0131 g\u00fcc t\u0259tbiq olunmas\u0131 v\u0259 onlarla \u015f\u0259xsin saxlanmas\u0131 bar\u0259d\u0259 b\u0259yanatlar h\u0259qiq\u0259t\u0259 uy\u011fun deyil&#8221;.<\/p>\n<p>O bildirib ki, Az\u0259rbaycanda s\u0259rb\u0259st topla\u015fma azadl\u0131\u011f\u0131 tam t\u0259min olunub.<\/p>\n<p>Bundan ba\u015fqa, H.Hac\u0131yev qeyd edib ki, bu il oktyabr\u0131n 8-d\u0259 h\u0259min qrupun Bak\u0131 \u015e\u0259h\u0259r \u0130cra Hakimiyy\u0259ti qar\u015f\u0131s\u0131nda piket ke\u00e7irm\u0259k m\u00fcraci\u0259ti d\u0259 t\u0259min olunmu\u015fdu:<\/p>\n<p>&#8220;Amma onlar bunu g\u00fcn\u00fcn h\u0259r\u0259k\u0259tli vaxt\u0131nda m\u0259rk\u0259zi k\u00fc\u00e7\u0259d\u0259 mitinq\u0259 \u00e7evirm\u0259y\u0259 \u00e7al\u0131\u015fd\u0131lar. 18 oktyabr mitinqind\u0259 Az\u0259rbaycan polisi pe\u015f\u0259kar davran\u0131b. Saxlanan \u015f\u0259xsl\u0259r x\u0259b\u0259rdarl\u0131q al\u0131b burax\u0131l\u0131blar. He\u00e7 kim x\u0259sar\u0259t almay\u0131b. Bel\u0259likl\u0259 b\u0259zi \u015f\u0259xsl\u0259rin, o c\u00fcml\u0259d\u0259n Az\u0259rbaycan Xalq C\u0259bh\u0259si Partiyas\u0131n\u0131n lideri \u018fli K\u0259rimlinin polis t\u0259r\u0259find\u0259n x\u0259sar\u0259t almalar\u0131 bar\u0259d\u0259 b\u0259yanatlar yalandan ba\u015fqa bir \u015fey deyil&#8221;.<\/p>\n<p>\u015e\u00f6b\u0259 m\u00fcdiri Avropa paytaxtlar\u0131nda dinc aksiyalar zaman\u0131 a\u015f\u0131r\u0131 g\u00fccd\u0259n, o c\u00fcml\u0259d\u0259n rezin g\u00fcll\u0259l\u0259rd\u0259n, el\u0259c\u0259 d\u0259 itl\u0259rd\u0259n istifad\u0259 olunmas\u0131 faktlar\u0131n\u0131 xat\u0131rlad\u0131b.<\/p>\n<p>H.Hac\u0131yev yaz\u0131b ki, bu mitinqin \u0259sl h\u0259d\u0259fi h\u0259dd\u0259n art\u0131q dramatikl\u0259\u015fdirilmi\u015f teatr s\u0259hn\u0259sini g\u00f6st\u0259rm\u0259k idi:<\/p>\n<p>&#8220;Bu f\u0259aliyy\u0259t daxili v\u0259 xarici ictimai d\u0259st\u0259k alma\u011fa y\u00f6n\u0259lmi\u015fdi. Az\u0259rbaycan xalq\u0131 hakimiyy\u0259tin m\u0259nb\u0259yidir v\u0259 se\u00e7kil\u0259rd\u0259 i\u015ftirak edir. Demokratik v\u0259 sabit inki\u015faf Az\u0259rbaycan\u0131n \u015f\u00fcurlu se\u00e7imidir&#8221;.<\/p>\n","protected":false},"excerpt":{"rendered":"<p>Avropa \u0130ttifaq\u0131n\u0131n (A\u0130) Az\u0259rbaycandak\u0131 mitinql\u0259 ba\u011fl\u0131 t\u0259l\u0259sik b\u0259yanat\u0131 h\u0259qiq\u0259ti \u0259ks etdirmir. ARANTV.AZ\u00a0Trend-\u0259 istinad\u0259n bildirir ki,\u00a0bu bar\u0259d\u0259 Prezident Administrasiyas\u0131 xarici siyas\u0259t m\u0259s\u0259l\u0259l\u0259ri \u015f\u00f6b\u0259sinin m\u00fcdiri Hikm\u0259t Hac\u0131yevin &#8220;EURACTIV Network&#8221;d\u0259 d\u0259rc olunan m\u0259qal\u0259sind\u0259 deyilir. M\u00fc\u0259llif qeyd edib ki, Bak\u0131n\u0131n m\u0259rk\u0259zind\u0259 icaz\u0259siz mitinq ke\u00e7irm\u0259k c\u0259hdi birt\u0259r\u0259fli v\u0259 t\u0259hrif olunmu\u015f formada t\u0259qdim edilib: &#8220;A\u015f\u0131r\u0131 g\u00fcc t\u0259tbiq olunmas\u0131 v\u0259 onlarla \u015f\u0259xsin saxlanmas\u0131 bar\u0259d\u0259 b\u0259yanatlar h\u0259qiq\u0259t\u0259 uy\u011fun deyil&#8221;. O bildirib ki, Az\u0259rbaycanda s\u0259rb\u0259st topla\u015fma azadl\u0131\u011f\u0131 tam t\u0259min olunub. Bundan ba\u015fqa, H.Hac\u0131yev qeyd edib ki, bu il oktyabr\u0131n 8-d\u0259 h\u0259min qrupun Bak\u0131 \u015e\u0259h\u0259r \u0130cra Hakimiyy\u0259ti qar\u015f\u0131s\u0131nda piket ke\u00e7irm\u0259k&hellip;<\/p>\n","protected":false},"author":2,"featured_media":88402,"comment_status":"closed","ping_status":"closed","sticky":false,"template":"","format":"standard","meta":{"om_disable_all_campaigns":false,"_monsterinsights_skip_tracking":false,"_monsterinsights_sitenote_active":false,"_monsterinsights_sitenote_note":"","_monsterinsights_sitenote_category":0},"categories":[4],"tags":[],"aioseo_notices":[],"gutentor_comment":0,"rttpg_featured_image_url":{"full":["https:\/\/arantv.az\/wp-content\/uploads\/2019\/10\/796507.jpg",587,440,false],"landscape":["https:\/\/arantv.az\/wp-content\/uploads\/2019\/10\/796507.jpg",587,440,false],"portraits":["https:\/\/arantv.az\/wp-content\/uploads\/2019\/10\/796507.jpg",587,440,false],"thumbnail":["https:\/\/arantv.az\/wp-content\/uploads\/2019\/10\/796507-150x150.jpg",150,150,true],"medium":["https:\/\/arantv.az\/wp-content\/uploads\/2019\/10\/796507-300x225.jpg",300,225,true],"large":["https:\/\/arantv.az\/wp-content\/uploads\/2019\/10\/796507.jpg",587,440,false],"1536x1536":["https:\/\/arantv.az\/wp-content\/uploads\/2019\/10\/796507.jpg",587,440,false],"2048x2048":["https:\/\/arantv.az\/wp-content\/uploads\/2019\/10\/796507.jpg",587,440,false],"post-thumbnail":["https:\/\/arantv.az\/wp-content\/uploads\/2019\/10\/796507-240x172.jpg",240,172,true],"advps-thumb-one":["https:\/\/arantv.az\/wp-content\/uploads\/2019\/10\/796507.jpg",587,440,false]},"rttpg_author":{"display_name":"V\u00fcsal Rafiqo\u011flu","author_link":"https:\/\/arantv.az\/?author=2"},"rttpg_comment":0,"rttpg_category":"<a href=\"https:\/\/arantv.az\/?cat=4\" rel=\"category\">Siyas\u0259t<\/a>","rttpg_excerpt":"Avropa \u0130ttifaq\u0131n\u0131n (A\u0130) Az\u0259rbaycandak\u0131 mitinql\u0259 ba\u011fl\u0131 t\u0259l\u0259sik b\u0259yanat\u0131 h\u0259qiq\u0259ti \u0259ks etdirmir. ARANTV.AZ\u00a0Trend-\u0259 istinad\u0259n bildirir ki,\u00a0bu bar\u0259d\u0259 Prezident Administrasiyas\u0131 xarici siyas\u0259t m\u0259s\u0259l\u0259l\u0259ri \u015f\u00f6b\u0259sinin m\u00fcdiri Hikm\u0259t Hac\u0131yevin &#8220;EURACTIV Network&#8221;d\u0259 d\u0259rc olunan m\u0259qal\u0259sind\u0259 deyilir. M\u00fc\u0259llif qeyd edib ki, Bak\u0131n\u0131n m\u0259rk\u0259zind\u0259 icaz\u0259siz mitinq ke\u00e7irm\u0259k c\u0259hdi birt\u0259r\u0259fli v\u0259 t\u0259hrif olunmu\u015f formada t\u0259qdim edilib: &#8220;A\u015f\u0131r\u0131 g\u00fcc t\u0259tbiq olunmas\u0131 v\u0259 onlarla \u015f\u0259xsin&hellip;","_links":{"self":[{"href":"https:\/\/arantv.az\/index.php?rest_route=\/wp\/v2\/posts\/88401"}],"collection":[{"href":"https:\/\/arantv.az\/index.php?rest_route=\/wp\/v2\/posts"}],"about":[{"href":"https:\/\/arantv.az\/index.php?rest_route=\/wp\/v2\/types\/post"}],"author":[{"embeddable":true,"href":"https:\/\/arantv.az\/index.php?rest_route=\/wp\/v2\/users\/2"}],"replies":[{"embeddable":true,"href":"https:\/\/arantv.az\/index.php?rest_route=%2Fwp%2Fv2%2Fcomments&post=88401"}],"version-history":[{"count":0,"href":"https:\/\/arantv.az\/index.php?rest_route=\/wp\/v2\/posts\/88401\/revisions"}],"wp:featuredmedia":[{"embeddable":true,"href":"https:\/\/arantv.az\/index.php?rest_route=\/wp\/v2\/media\/88402"}],"wp:attachment":[{"href":"https:\/\/arantv.az\/index.php?rest_route=%2Fwp%2Fv2%2Fmedia&parent=88401"}],"wp:term":[{"taxonomy":"category","embeddable":true,"href":"https:\/\/arantv.az\/index.php?rest_route=%2Fwp%2Fv2%2Fcategories&post=88401"},{"taxonomy":"post_tag","embeddable":true,"href":"https:\/\/arantv.az\/index.php?rest_route=%2Fwp%2Fv2%2Ftags&post=88401"}],"curies":[{"name":"wp","href":"https:\/\/api.w.org\/{rel}","templated":true}]}}