{"id":88501,"date":"2019-10-24T08:08:49","date_gmt":"2019-10-24T05:08:49","guid":{"rendered":"http:\/\/arantv.az\/?p=88501"},"modified":"2019-10-24T08:08:49","modified_gmt":"2019-10-24T05:08:49","slug":"az%c9%99rbaycan-paytaxtindan-dunyaya-cox-muhum-siyasi-mesajlar-unvanlanir-r%c9%99yl%c9%99r","status":"publish","type":"post","link":"https:\/\/arantv.az\/?p=88501","title":{"rendered":"Az\u0259rbaycan paytaxt\u0131ndan d\u00fcnyaya \u00e7ox m\u00fch\u00fcm siyasi mesajlar \u00fcnvanlan\u0131r &#8211; R\u018fYL\u018fR"},"content":{"rendered":"<p><em><strong>Qo\u015fulmama H\u0259r\u0259kat\u0131n\u0131n XVIII Zirv\u0259 G\u00f6r\u00fc\u015f\u00fcn\u00fcn Bak\u0131da ke\u00e7irilm\u0259si Az\u0259rbaycan\u0131n d\u00fcnyadak\u0131 \u00e7\u0259kisinin v\u0259 g\u00fcc\u00fcn\u00fcn bir g\u00f6st\u0259ricisidir.<\/strong><\/em><\/p>\n<p><strong>ARANTV.AZ<\/strong> bildirir ki, bunu\u00a0<a href=\"http:\/\/az.trend.az\/\" target=\"_blank\" rel=\"noopener\">Trend<\/a>-\u0259\u00a0Milli M\u0259clisin Yeni Az\u0259rbaycan Partiyas\u0131ndan olan deputat\u0131, politoloq\u00a0<strong>Elman N\u0259sirov<\/strong>\u00a0deyib.<\/p>\n<p>E.N\u0259sirov bildirib ki, Prezident \u0130lham \u018fliyevin t\u0259\u015f\u0259bb\u00fcs\u00fc il\u0259 Az\u0259rbaycan 2011-ci ild\u0259 Qo\u015fulmama H\u0259r\u0259kat\u0131na \u00fczv oldu: &#8220;H\u0259min ilin oktyabr ay\u0131nda Az\u0259rbaycan\u0131n BMT T\u0259hl\u00fck\u0259sizlik \u015euras\u0131nda se\u00e7kil\u0259rd\u0259 qalib g\u0259lm\u0259sind\u0259 Qo\u015fulmama H\u0259r\u0259kat\u0131na \u00fczvl\u00fcy\u00fcm\u00fcz d\u0259 \u00e7ox m\u00fch\u00fcm rol oynad\u0131 v\u0259 bu quruma daxil olan b\u00fct\u00fcn \u00f6lk\u0259l\u0259r se\u00e7kil\u0259r zaman\u0131 Az\u0259rbaycan\u0131 m\u00fcdafi\u0259 etdi.<\/p>\n<p>Bak\u0131 \u015f\u0259h\u0259rind\u0259 ke\u00e7iril\u0259n XVIII Zirv\u0259 G\u00f6r\u00fc\u015f\u00fcnd\u0259 60-dan \u00e7ox \u00f6lk\u0259nin d\u00f6vl\u0259t v\u0259 h\u00f6kum\u0259t ba\u015f\u00e7\u0131s\u0131, 158 \u00f6lk\u0259d\u0259n n\u00fcmay\u0259nd\u0259 hey\u0259ti i\u015ftirak ed\u0259c\u0259k v\u0259 bu t\u0259dbir \u00e7\u0259r\u00e7iv\u0259sind\u0259 d\u00f6rd m\u00fch\u00fcm \u0259h\u0259miyy\u0259tli s\u0259n\u0259din q\u0259bul edilm\u0259si g\u00f6zl\u0259nilir. Bu s\u0259n\u0259dl\u0259rd\u0259 Erm\u0259nistan-Az\u0259rbaycan Da\u011fl\u0131q Qaraba\u011f m\u00fcnaqi\u015f\u0259sinin h\u0259lli m\u0259s\u0259l\u0259sind\u0259 Az\u0259rbaycan\u0131n prinsipial m\u00f6vqeyi \u00f6z \u0259ksini tap\u0131r v\u0259 m\u00fcnaqi\u015f\u0259nin yaln\u0131z Az\u0259rbaycan\u0131n \u0259razi b\u00fct\u00f6vl\u00fcy\u00fc \u00e7\u0259r\u00e7iv\u0259sind\u0259 h\u0259lli m\u0259s\u0259l\u0259si m\u00fcdafi\u0259 olunur. Bu bax\u0131mdan, Zirv\u0259 G\u00f6r\u00fc\u015f\u00fcn\u00fcn b\u00f6y\u00fck siyasi \u0259h\u0259miyy\u0259ti var&#8221;.<\/p>\n<p>Deputat vur\u011fulay\u0131b ki, eyni zamanda Bak\u0131da bel\u0259 bir zirv\u0259 toplant\u0131s\u0131n\u0131n ke\u00e7irilm\u0259si Az\u0259rbaycanda daimi diplomatik n\u00fcmay\u0259nd\u0259likl\u0259ri olmayan \u00f6lk\u0259l\u0259rl\u0259 \u0259laq\u0259l\u0259ri m\u00f6hk\u0259ml\u0259ndirm\u0259k \u00fc\u00e7\u00fcn effektli platforma imkan\u0131 yarad\u0131r: &#8220;Bu, b\u00fct\u00fcn m\u0259s\u0259l\u0259l\u0259rin s\u0259sverm\u0259 yolu il\u0259 h\u0259ll edildiyi v\u0259 h\u0259r bir s\u0259sin b\u0259rab\u0259rh\u00fcquqa malik oldu\u011fu BMT-d\u0259, dig\u0259r beyn\u0259lxalq platformalarda Qaraba\u011f m\u0259s\u0259l\u0259si il\u0259 ba\u011fl\u0131 potensial d\u0259st\u0259k qazanmaqd\u0131r&#8221;.<\/p>\n<p>Politoloq \u0259lav\u0259 edib ki, bu t\u0259dbirin Az\u0259rbaycanda ke\u00e7irilm\u0259si g\u00f6st\u0259rir ki, \u00f6lk\u0259miz beyn\u0259lxalq s\u00fclh\u00fcn v\u0259 t\u0259hl\u00fck\u0259sizliyin t\u0259minat\u0131nda \u00e7ox b\u00f6y\u00fck rola malikdir v\u0259 Az\u0259rbaycan paytaxt\u0131ndan d\u00fcnya \u00fc\u00e7\u00fcn \u00e7ox m\u00fch\u00fcm siyasi \u0259h\u0259miyy\u0259tli mesajlar \u00fcnvanlan\u0131r: &#8220;Hesab edir\u0259m ki, bel\u0259 bir t\u0259dbirin Bak\u0131da ke\u00e7irilm\u0259si n\u0259tic\u0259 etibar\u0131 il\u0259 b\u00fct\u00fcn d\u00fcnyaya n\u00fcmayi\u015f etdir\u0259c\u0259k ki, Az\u0259rbaycan bu g\u00fcn sabit, t\u0259hl\u00fck\u0259siz, \u00f6z h\u0259d\u0259fl\u0259ri olan \u00f6lk\u0259dir v\u0259 beyn\u0259lxalq t\u0259hl\u00fck\u0259sizliyin t\u0259minat\u0131nda b\u00f6y\u00fck rola v\u0259 \u0259h\u0259miyy\u0259t\u0259 malikdir&#8221;.<\/p>\n<p><img src=\"https:\/\/cdn.trend.az\/media\/pictures\/2019\/10\/23\/37847.jpg\" alt=\"\" \/><\/p>\n<p><em><strong>Az\u0259rbaycan\u0131n Qo\u015fulmama H\u0259r\u0259kat\u0131nda s\u0259drliyi \u00f6lk\u0259nin beyn\u0259lxalq m\u00fcnasib\u0259tl\u0259r sistemind\u0259 rolunu art\u0131racaq.<\/strong><\/em><\/p>\n<p><strong>ARANTV.AZ<\/strong>\u00a0 bildirir ki, bunu\u00a0<a href=\"http:\/\/az.trend.az\/\" target=\"_blank\" rel=\"noopener\">Trend<\/a>-\u0259\u00a0az\u0259rbaycanl\u0131 politoloq, Q\u0259rb Universitetinin professoru\u00a0<strong>Fikr\u0259t Sad\u0131qov<\/strong>\u00a0deyib.<\/p>\n<p>O bildirib ki, Qo\u015fulmama H\u0259r\u0259kat\u0131 y\u00fczd\u0259n \u00e7ox d\u00f6vl\u0259ti birl\u0259\u015fdir\u0259n vacib beyn\u0259lxalq platformad\u0131r:<\/p>\n<p>&#8220;Bu qurum \u00e7\u0259r\u00e7iv\u0259sind\u0259 b\u00fct\u00fcn b\u0259\u015f\u0259riyy\u0259ti narahat ed\u0259n \u0259n aktual m\u0259s\u0259l\u0259l\u0259r m\u00fczakir\u0259 olunur. N\u0259z\u0259r\u0259 alsaq ki, BMT-y\u0259 daxil olan 200-\u0259 yax\u0131n d\u00f6vl\u0259td\u0259n 120-i H\u0259r\u0259kat\u0131n \u00fczv\u00fcd\u00fcr, o zaman bu qurumun g\u00fcc\u00fcn\u00fc t\u0259s\u0259vv\u00fcr etm\u0259k olar. Onlar\u0131n d\u00fcnyada t\u0259hl\u00fck\u0259sizlik v\u0259 sabitliyin t\u0259min olunmas\u0131na t\u00f6hf\u0259si kifay\u0259t q\u0259d\u0259r g\u00fccl\u00fcd\u00fcr v\u0259 Az\u0259rbaycan\u0131n bu H\u0259r\u0259katda n\u00f6vb\u0259ti \u00fc\u00e7 il \u0259rzind\u0259 s\u0259drlik etm\u0259si ciddi v\u0259 m\u0259suliyy\u0259tli add\u0131md\u0131r. \u015e\u00fcbh\u0259siz ki, bu m\u00fcdd\u0259t \u0259rzind\u0259 Az\u0259rbaycan s\u00fclh, sabitlik v\u0259 t\u0259hl\u00fck\u0259sizliyin m\u00f6hk\u0259ml\u0259nm\u0259sin\u0259, Qo\u015fulmama H\u0259r\u0259kat\u0131n\u0131n bir \u00e7ox \u00fczv \u00f6lk\u0259si il\u0259 ikit\u0259r\u0259fli v\u0259 \u00e7oxt\u0259r\u0259fli \u0259sasda konstruktiv m\u00fcnasib\u0259tl\u0259rin qurulmas\u0131na t\u00f6hf\u0259sini ver\u0259c\u0259k&#8221;.<\/p>\n<p>Xat\u0131rladaq ki, Qo\u015fulmama H\u0259r\u0259kat\u0131n\u0131n XVIII Zirv\u0259 G\u00f6r\u00fc\u015f\u00fc oktyabr\u0131n 25-26-da Bak\u0131da ke\u00e7iril\u0259c\u0259k. Oktyabr\u0131n 23-24-d\u0259 is\u0259 t\u0259\u015fkilata \u00fczv \u00f6lk\u0259l\u0259rin Xarici \u0130\u015fl\u0259r nazirl\u0259ri sammit\u0259 haz\u0131rl\u0131q m\u0259s\u0259l\u0259l\u0259rini m\u00fczakir\u0259 ed\u0259c\u0259kl\u0259r.<\/p>\n<p>Qo\u015fulmama H\u0259r\u0259kat\u0131n\u0131n Bak\u0131da ke\u00e7iril\u0259c\u0259k XVIII Zirv\u0259 G\u00f6r\u00fc\u015f\u00fcn\u0259, \u00fcmumilikd\u0259 60-a yax\u0131n \u00f6lk\u0259nin d\u00f6vl\u0259t v\u0259 h\u00f6kum\u0259t ba\u015f\u00e7\u0131s\u0131, h\u0259m\u00e7inin beyn\u0259lxalq t\u0259\u015fkilatlar\u0131n r\u0259hb\u0259rl\u0259ri qat\u0131lacaq.<\/p>\n<p>T\u0259dbirin i\u015f\u0131qland\u0131r\u0131lmas\u0131 \u00fc\u00e7\u00fcn 246 jurnalist akkreditasiyadan ke\u00e7ib.<\/p>\n","protected":false},"excerpt":{"rendered":"<p>Qo\u015fulmama H\u0259r\u0259kat\u0131n\u0131n XVIII Zirv\u0259 G\u00f6r\u00fc\u015f\u00fcn\u00fcn Bak\u0131da ke\u00e7irilm\u0259si Az\u0259rbaycan\u0131n d\u00fcnyadak\u0131 \u00e7\u0259kisinin v\u0259 g\u00fcc\u00fcn\u00fcn bir g\u00f6st\u0259ricisidir. ARANTV.AZ bildirir ki, bunu\u00a0Trend-\u0259\u00a0Milli M\u0259clisin Yeni Az\u0259rbaycan Partiyas\u0131ndan olan deputat\u0131, politoloq\u00a0Elman N\u0259sirov\u00a0deyib. E.N\u0259sirov bildirib ki, Prezident \u0130lham \u018fliyevin t\u0259\u015f\u0259bb\u00fcs\u00fc il\u0259 Az\u0259rbaycan 2011-ci ild\u0259 Qo\u015fulmama H\u0259r\u0259kat\u0131na \u00fczv oldu: &#8220;H\u0259min ilin oktyabr ay\u0131nda Az\u0259rbaycan\u0131n BMT T\u0259hl\u00fck\u0259sizlik \u015euras\u0131nda se\u00e7kil\u0259rd\u0259 qalib g\u0259lm\u0259sind\u0259 Qo\u015fulmama H\u0259r\u0259kat\u0131na \u00fczvl\u00fcy\u00fcm\u00fcz d\u0259 \u00e7ox m\u00fch\u00fcm rol oynad\u0131 v\u0259 bu quruma daxil olan b\u00fct\u00fcn \u00f6lk\u0259l\u0259r se\u00e7kil\u0259r zaman\u0131 Az\u0259rbaycan\u0131 m\u00fcdafi\u0259 etdi. Bak\u0131 \u015f\u0259h\u0259rind\u0259 ke\u00e7iril\u0259n XVIII Zirv\u0259 G\u00f6r\u00fc\u015f\u00fcnd\u0259 60-dan \u00e7ox \u00f6lk\u0259nin d\u00f6vl\u0259t v\u0259 h\u00f6kum\u0259t ba\u015f\u00e7\u0131s\u0131, 158 \u00f6lk\u0259d\u0259n n\u00fcmay\u0259nd\u0259 hey\u0259ti i\u015ftirak&hellip;<\/p>\n","protected":false},"author":2,"featured_media":88502,"comment_status":"closed","ping_status":"closed","sticky":false,"template":"","format":"standard","meta":{"om_disable_all_campaigns":false,"_monsterinsights_skip_tracking":false,"_monsterinsights_sitenote_active":false,"_monsterinsights_sitenote_note":"","_monsterinsights_sitenote_category":0},"categories":[4],"tags":[],"aioseo_notices":[],"gutentor_comment":0,"rttpg_featured_image_url":{"full":["https:\/\/arantv.az\/wp-content\/uploads\/2019\/10\/374589t6u.jpg",800,600,false],"landscape":["https:\/\/arantv.az\/wp-content\/uploads\/2019\/10\/374589t6u.jpg",800,600,false],"portraits":["https:\/\/arantv.az\/wp-content\/uploads\/2019\/10\/374589t6u.jpg",800,600,false],"thumbnail":["https:\/\/arantv.az\/wp-content\/uploads\/2019\/10\/374589t6u-150x150.jpg",150,150,true],"medium":["https:\/\/arantv.az\/wp-content\/uploads\/2019\/10\/374589t6u-300x225.jpg",300,225,true],"large":["https:\/\/arantv.az\/wp-content\/uploads\/2019\/10\/374589t6u.jpg",640,480,false],"1536x1536":["https:\/\/arantv.az\/wp-content\/uploads\/2019\/10\/374589t6u.jpg",800,600,false],"2048x2048":["https:\/\/arantv.az\/wp-content\/uploads\/2019\/10\/374589t6u.jpg",800,600,false],"post-thumbnail":["https:\/\/arantv.az\/wp-content\/uploads\/2019\/10\/374589t6u-240x172.jpg",240,172,true],"advps-thumb-one":["https:\/\/arantv.az\/wp-content\/uploads\/2019\/10\/374589t6u.jpg",800,600,false]},"rttpg_author":{"display_name":"V\u00fcsal Rafiqo\u011flu","author_link":"https:\/\/arantv.az\/?author=2"},"rttpg_comment":0,"rttpg_category":"<a href=\"https:\/\/arantv.az\/?cat=4\" rel=\"category\">Siyas\u0259t<\/a>","rttpg_excerpt":"Qo\u015fulmama H\u0259r\u0259kat\u0131n\u0131n XVIII Zirv\u0259 G\u00f6r\u00fc\u015f\u00fcn\u00fcn Bak\u0131da ke\u00e7irilm\u0259si Az\u0259rbaycan\u0131n d\u00fcnyadak\u0131 \u00e7\u0259kisinin v\u0259 g\u00fcc\u00fcn\u00fcn bir g\u00f6st\u0259ricisidir. ARANTV.AZ bildirir ki, bunu\u00a0Trend-\u0259\u00a0Milli M\u0259clisin Yeni Az\u0259rbaycan Partiyas\u0131ndan olan deputat\u0131, politoloq\u00a0Elman N\u0259sirov\u00a0deyib. E.N\u0259sirov bildirib ki, Prezident \u0130lham \u018fliyevin t\u0259\u015f\u0259bb\u00fcs\u00fc il\u0259 Az\u0259rbaycan 2011-ci ild\u0259 Qo\u015fulmama H\u0259r\u0259kat\u0131na \u00fczv oldu: &#8220;H\u0259min ilin oktyabr ay\u0131nda Az\u0259rbaycan\u0131n BMT T\u0259hl\u00fck\u0259sizlik \u015euras\u0131nda se\u00e7kil\u0259rd\u0259 qalib g\u0259lm\u0259sind\u0259 Qo\u015fulmama H\u0259r\u0259kat\u0131na \u00fczvl\u00fcy\u00fcm\u00fcz&hellip;","_links":{"self":[{"href":"https:\/\/arantv.az\/index.php?rest_route=\/wp\/v2\/posts\/88501"}],"collection":[{"href":"https:\/\/arantv.az\/index.php?rest_route=\/wp\/v2\/posts"}],"about":[{"href":"https:\/\/arantv.az\/index.php?rest_route=\/wp\/v2\/types\/post"}],"author":[{"embeddable":true,"href":"https:\/\/arantv.az\/index.php?rest_route=\/wp\/v2\/users\/2"}],"replies":[{"embeddable":true,"href":"https:\/\/arantv.az\/index.php?rest_route=%2Fwp%2Fv2%2Fcomments&post=88501"}],"version-history":[{"count":0,"href":"https:\/\/arantv.az\/index.php?rest_route=\/wp\/v2\/posts\/88501\/revisions"}],"wp:featuredmedia":[{"embeddable":true,"href":"https:\/\/arantv.az\/index.php?rest_route=\/wp\/v2\/media\/88502"}],"wp:attachment":[{"href":"https:\/\/arantv.az\/index.php?rest_route=%2Fwp%2Fv2%2Fmedia&parent=88501"}],"wp:term":[{"taxonomy":"category","embeddable":true,"href":"https:\/\/arantv.az\/index.php?rest_route=%2Fwp%2Fv2%2Fcategories&post=88501"},{"taxonomy":"post_tag","embeddable":true,"href":"https:\/\/arantv.az\/index.php?rest_route=%2Fwp%2Fv2%2Ftags&post=88501"}],"curies":[{"name":"wp","href":"https:\/\/api.w.org\/{rel}","templated":true}]}}