{"id":88526,"date":"2019-10-24T08:35:46","date_gmt":"2019-10-24T05:35:46","guid":{"rendered":"http:\/\/arantv.az\/?p=88526"},"modified":"2019-10-24T08:35:46","modified_gmt":"2019-10-24T05:35:46","slug":"bu-%c9%99razil%c9%99rd%c9%99-qaz-olmayacaq-7","status":"publish","type":"post","link":"https:\/\/arantv.az\/?p=88526","title":{"rendered":"Bu \u0259razil\u0259rd\u0259 qaz olmayacaq"},"content":{"rendered":"<p>Oktyabr\u0131n 24-d\u0259 s\u0259h\u0259r saat 09:00-dan etibar\u0259n \u201cQaz \u0130xrac\u201d \u0130dar\u0259si \u201cQarada\u011f-Sumqay\u0131t\u201d magistral qaz k\u0259m\u0259rinin 45-ci km-d\u0259 a\u015fkar olunmu\u015f qaz s\u0131zmas\u0131n\u0131n l\u0259\u011fvi i\u015fl\u0259rini h\u0259yata ke\u00e7ir\u0259c\u0259k.<\/p>\n<div id=\"AdviadNativeVideo0\" class=\"AdviadNativeVideo\"><\/div>\n<p>Bu bar\u0259d\u0259 \u201cAz\u0259riqaz\u201d \u0130stehsalat Birliyi m\u0259lumat yay\u0131b.<\/p>\n<p>Bu zaman Sumqay\u0131t \u015f\u0259h\u0259rind\u0259 m\u0259cburi k\u00f6\u00e7k\u00fcnl\u0259r \u00fc\u00e7\u00fcn in\u015fa olunmu\u015f ya\u015fay\u0131\u015f q\u0259s\u0259b\u0259sind\u0259 qaz t\u0259minat\u0131nda fasil\u0259l\u0259r olacaq. Bundan ba\u015fqa bir s\u0131ra yenid\u0259nqurma i\u015fl\u0259rinin icras\u0131 il\u0259 ba\u011fl\u0131 Qazax rayonunun bir ne\u00e7\u0259 ya\u015fay\u0131\u015f m\u0259nt\u0259q\u0259sind\u0259 d\u0259 g\u00fcn \u0259rzind\u0259 qaz t\u0259chizat\u0131nda m\u00fcv\u0259qq\u0259ti dayand\u0131rmalar g\u00f6zl\u0259nilir.<\/p>\n","protected":false},"excerpt":{"rendered":"<p>Oktyabr\u0131n 24-d\u0259 s\u0259h\u0259r saat 09:00-dan etibar\u0259n \u201cQaz \u0130xrac\u201d \u0130dar\u0259si \u201cQarada\u011f-Sumqay\u0131t\u201d magistral qaz k\u0259m\u0259rinin 45-ci km-d\u0259 a\u015fkar olunmu\u015f qaz s\u0131zmas\u0131n\u0131n l\u0259\u011fvi i\u015fl\u0259rini h\u0259yata ke\u00e7ir\u0259c\u0259k. Bu bar\u0259d\u0259 \u201cAz\u0259riqaz\u201d \u0130stehsalat Birliyi m\u0259lumat yay\u0131b. Bu zaman Sumqay\u0131t \u015f\u0259h\u0259rind\u0259 m\u0259cburi k\u00f6\u00e7k\u00fcnl\u0259r \u00fc\u00e7\u00fcn in\u015fa olunmu\u015f ya\u015fay\u0131\u015f q\u0259s\u0259b\u0259sind\u0259 qaz t\u0259minat\u0131nda fasil\u0259l\u0259r olacaq. Bundan ba\u015fqa bir s\u0131ra yenid\u0259nqurma i\u015fl\u0259rinin icras\u0131 il\u0259 ba\u011fl\u0131 Qazax rayonunun bir ne\u00e7\u0259 ya\u015fay\u0131\u015f m\u0259nt\u0259q\u0259sind\u0259 d\u0259 g\u00fcn \u0259rzind\u0259 qaz t\u0259chizat\u0131nda m\u00fcv\u0259qq\u0259ti dayand\u0131rmalar g\u00f6zl\u0259nilir.<\/p>\n","protected":false},"author":2,"featured_media":88527,"comment_status":"closed","ping_status":"closed","sticky":false,"template":"","format":"standard","meta":{"om_disable_all_campaigns":false,"_monsterinsights_skip_tracking":false,"_monsterinsights_sitenote_active":false,"_monsterinsights_sitenote_note":"","_monsterinsights_sitenote_category":0},"categories":[1],"tags":[],"aioseo_notices":[],"gutentor_comment":0,"rttpg_featured_image_url":{"full":["https:\/\/arantv.az\/wp-content\/uploads\/2019\/10\/naural-gas-home-1.jpg",620,413,false],"landscape":["https:\/\/arantv.az\/wp-content\/uploads\/2019\/10\/naural-gas-home-1.jpg",620,413,false],"portraits":["https:\/\/arantv.az\/wp-content\/uploads\/2019\/10\/naural-gas-home-1.jpg",620,413,false],"thumbnail":["https:\/\/arantv.az\/wp-content\/uploads\/2019\/10\/naural-gas-home-1-150x150.jpg",150,150,true],"medium":["https:\/\/arantv.az\/wp-content\/uploads\/2019\/10\/naural-gas-home-1-300x200.jpg",300,200,true],"large":["https:\/\/arantv.az\/wp-content\/uploads\/2019\/10\/naural-gas-home-1.jpg",620,413,false],"1536x1536":["https:\/\/arantv.az\/wp-content\/uploads\/2019\/10\/naural-gas-home-1.jpg",620,413,false],"2048x2048":["https:\/\/arantv.az\/wp-content\/uploads\/2019\/10\/naural-gas-home-1.jpg",620,413,false],"post-thumbnail":["https:\/\/arantv.az\/wp-content\/uploads\/2019\/10\/naural-gas-home-1-240x172.jpg",240,172,true],"advps-thumb-one":["https:\/\/arantv.az\/wp-content\/uploads\/2019\/10\/naural-gas-home-1.jpg",620,413,false]},"rttpg_author":{"display_name":"V\u00fcsal Rafiqo\u011flu","author_link":"https:\/\/arantv.az\/?author=2"},"rttpg_comment":0,"rttpg_category":"<a href=\"https:\/\/arantv.az\/?cat=1\" rel=\"category\">C\u0259miyy\u0259t<\/a>","rttpg_excerpt":"Oktyabr\u0131n 24-d\u0259 s\u0259h\u0259r saat 09:00-dan etibar\u0259n \u201cQaz \u0130xrac\u201d \u0130dar\u0259si \u201cQarada\u011f-Sumqay\u0131t\u201d magistral qaz k\u0259m\u0259rinin 45-ci km-d\u0259 a\u015fkar olunmu\u015f qaz s\u0131zmas\u0131n\u0131n l\u0259\u011fvi i\u015fl\u0259rini h\u0259yata ke\u00e7ir\u0259c\u0259k. Bu bar\u0259d\u0259 \u201cAz\u0259riqaz\u201d \u0130stehsalat Birliyi m\u0259lumat yay\u0131b. Bu zaman Sumqay\u0131t \u015f\u0259h\u0259rind\u0259 m\u0259cburi k\u00f6\u00e7k\u00fcnl\u0259r \u00fc\u00e7\u00fcn in\u015fa olunmu\u015f ya\u015fay\u0131\u015f q\u0259s\u0259b\u0259sind\u0259 qaz t\u0259minat\u0131nda fasil\u0259l\u0259r olacaq. Bundan ba\u015fqa bir s\u0131ra yenid\u0259nqurma i\u015fl\u0259rinin icras\u0131 il\u0259 ba\u011fl\u0131 Qazax&hellip;","_links":{"self":[{"href":"https:\/\/arantv.az\/index.php?rest_route=\/wp\/v2\/posts\/88526"}],"collection":[{"href":"https:\/\/arantv.az\/index.php?rest_route=\/wp\/v2\/posts"}],"about":[{"href":"https:\/\/arantv.az\/index.php?rest_route=\/wp\/v2\/types\/post"}],"author":[{"embeddable":true,"href":"https:\/\/arantv.az\/index.php?rest_route=\/wp\/v2\/users\/2"}],"replies":[{"embeddable":true,"href":"https:\/\/arantv.az\/index.php?rest_route=%2Fwp%2Fv2%2Fcomments&post=88526"}],"version-history":[{"count":0,"href":"https:\/\/arantv.az\/index.php?rest_route=\/wp\/v2\/posts\/88526\/revisions"}],"wp:featuredmedia":[{"embeddable":true,"href":"https:\/\/arantv.az\/index.php?rest_route=\/wp\/v2\/media\/88527"}],"wp:attachment":[{"href":"https:\/\/arantv.az\/index.php?rest_route=%2Fwp%2Fv2%2Fmedia&parent=88526"}],"wp:term":[{"taxonomy":"category","embeddable":true,"href":"https:\/\/arantv.az\/index.php?rest_route=%2Fwp%2Fv2%2Fcategories&post=88526"},{"taxonomy":"post_tag","embeddable":true,"href":"https:\/\/arantv.az\/index.php?rest_route=%2Fwp%2Fv2%2Ftags&post=88526"}],"curies":[{"name":"wp","href":"https:\/\/api.w.org\/{rel}","templated":true}]}}