{"id":88534,"date":"2019-10-24T08:38:05","date_gmt":"2019-10-24T05:38:05","guid":{"rendered":"http:\/\/arantv.az\/?p=88534"},"modified":"2019-10-24T08:38:05","modified_gmt":"2019-10-24T05:38:05","slug":"deputat-prezidentin-h%c9%99yata-kecirdiyi-islahatlarin-%c9%99sasinda-xalqin-rifahinin-t%c9%99min-olunmasi-m%c9%99qs%c9%99dl%c9%99ri-dayanir","status":"publish","type":"post","link":"https:\/\/arantv.az\/?p=88534","title":{"rendered":"Deputat: &#8220;Prezidentin h\u0259yata ke\u00e7irdiyi islahatlar\u0131n \u0259sas\u0131nda xalq\u0131n rifah\u0131n\u0131n t\u0259min olunmas\u0131 m\u0259qs\u0259dl\u0259ri dayan\u0131r&#8221;"},"content":{"rendered":"<blockquote><p><em><strong>Prezident \u0130lham \u018fliyevin h\u0259yata ke\u00e7irdiyi kadr siyas\u0259tinin, islahatlar\u0131n \u0259sas\u0131nda Az\u0259rbaycan xalq\u0131n\u0131n rifah\u0131n\u0131n t\u0259min olunmas\u0131 m\u0259qs\u0259dl\u0259ri dayan\u0131r. Az\u0259rbaycan Prezidenti t\u0259r\u0259find\u0259n h\u0259yata ke\u00e7iril\u0259n islahatlar \u00f6lk\u0259mizin dinamik inki\u015faf\u0131n\u0131n g\u0259tirdiyi yeni keyfiyy\u0259t m\u0259rh\u0259l\u0259sind\u0259 ba\u015f tutur v\u0259 kompleks xarakter da\u015f\u0131y\u0131r.<\/strong><\/em><\/p><\/blockquote>\n<p><strong>ARANTV.AZ\u00a0<\/strong> x\u0259b\u0259r verir ki, bunu\u00a0<a href=\"https:\/\/az.trend.az\/\" target=\"_blank\" rel=\"noopener\">Trend<\/a>-\u0259 Milli M\u0259clisin Yeni Az\u0259rbaycan Partiyas\u0131ndan olan deputat\u0131 Hikm\u0259t Babao\u011flu deyib.<\/p>\n<p>Deputat\u0131n s\u00f6zl\u0259rin\u0259 g\u00f6r\u0259, islahatlar\u0131n birinci m\u0259rh\u0259l\u0259si \u0259sas\u0259n qanunvericilik v\u0259 instutisional sah\u0259l\u0259ri \u0259hat\u0259 etdi v\u0259 d\u0259rhal sonra struktural, kadr islahatlar\u0131na ke\u00e7id ba\u015flad\u0131: &#8220;\u018fslind\u0259, bu ard\u0131c\u0131ll\u0131q h\u0259yata ke\u00e7iril\u0259n islahatlar\u0131n m\u00fcxt\u0259lif komponentl\u0259rini \u00f6z\u00fcnd\u0259 birl\u0259\u015fdirm\u0259kl\u0259 onun taml\u0131\u011f\u0131ndan x\u0259b\u0259r verir. Haz\u0131rk\u0131 m\u0259rh\u0259l\u0259 daha \u00e7ox kadr islahatlar\u0131 m\u0259rh\u0259l\u0259si kimi g\u00f6r\u00fcns\u0259 d\u0259, bir q\u0259d\u0259r diqq\u0259t ets\u0259k, bu islahatlar\u0131n da dig\u0259r komponentl\u0259rl\u0259 paralel h\u0259yata ke\u00e7irildiyini g\u00f6r\u0259 bil\u0259rik. \u00c7\u00fcnki 2015-ci ild\u0259n b\u0259ri al\u0131nan q\u0259rarlar, imzalanan s\u0259r\u0259ncam v\u0259 f\u0259rmanlar dedikl\u0259rimizi t\u0259sdiq edir. Son d\u0259yi\u015fiklikl\u0259r is\u0259 kadr islahatlar\u0131nda y\u00fcks\u0259k idar\u0259etm\u0259 strukturlar\u0131n\u0131 \u0259hat\u0259 etdiyi \u00fc\u00e7\u00fcn daha \u00e7ox diqq\u0259t \u00e7\u0259kir&#8221;.<\/p>\n<p>H.M\u0259mm\u0259dov \u0259lav\u0259 edib ki, q\u0131sa m\u00fcdd\u0259td\u0259 Ba\u015f nazirin d\u0259yi\u015fm\u0259si, Ba\u015f nazirin m\u00fcavinl\u0259rinin i\u015fd\u0259n azad edilm\u0259si v\u0259 art\u0131q yeni m\u00fcavin v\u0259zif\u0259sin\u0259 t\u0259yinat\u0131n olmas\u0131 kadr islahatlar\u0131n\u0131n daha da d\u0259rinl\u0259\u015fm\u0259si kimi qiym\u0259tl\u0259ndirilm\u0259lidir:<\/p>\n<p>&#8220;Ancaq bu proses sad\u0259c\u0259 kadrlar\u0131n d\u0259yi\u015fm\u0259si deyil, h\u0259m d\u0259 idar\u0259etm\u0259y\u0259 yeni keyfiyy\u0259t d\u0259yi\u015fikliyinin g\u0259tirilm\u0259si kimi n\u0259z\u0259rd\u0259n ke\u00e7irilm\u0259lidir. \u00c7\u00fcnki b\u00f6y\u00fcy\u0259n iqtisadiyyat\u0131 idar\u0259 etm\u0259k v\u0259 onun inki\u015faf\u0131n\u0131 t\u0259min etm\u0259k qlobal iqtisadi \u00e7a\u011f\u0131r\u0131\u015flar v\u0259 milli maraqlar kontekstind\u0259 olduqca aktuald\u0131r. \u0130slahatlar\u0131n \u0259n \u00fcmd\u0259 v\u0259zif\u0259l\u0259rind\u0259n biri d\u0259 \u0259halinin rifah hal\u0131n\u0131n daha da yax\u015f\u0131la\u015fd\u0131r\u0131lmas\u0131, yeni i\u015f yerl\u0259rinin a\u00e7\u0131lmas\u0131, i\u015fsizliyin daha da a\u015fa\u011f\u0131 s\u0259viyy\u0259y\u0259 sal\u0131nmas\u0131, sosial islahatlar\u0131n d\u0259rinl\u0259\u015fm\u0259si m\u0259qs\u0259dini da\u015f\u0131y\u0131r.<\/p>\n<p>B\u00fct\u00fcn bunlar is\u0259 Az\u0259rbaycan Prezidenti c\u0259nab \u0130lham \u018fliyevin h\u0259yata ke\u00e7irdiyi kadr siyas\u0259tinin d\u0259, islahatlar\u0131n da \u0259sas\u0131nda Az\u0259rbaycan xalq\u0131n\u0131n rifah\u0131n\u0131n v\u0259 \u00f6lk\u0259mizin inki\u015faf\u0131n\u0131n t\u0259min olunmas\u0131 m\u0259qs\u0259dl\u0259rinin dayanmas\u0131n\u0131 g\u00f6st\u0259rir&#8221;.<\/p>\n","protected":false},"excerpt":{"rendered":"<p>Prezident \u0130lham \u018fliyevin h\u0259yata ke\u00e7irdiyi kadr siyas\u0259tinin, islahatlar\u0131n \u0259sas\u0131nda Az\u0259rbaycan xalq\u0131n\u0131n rifah\u0131n\u0131n t\u0259min olunmas\u0131 m\u0259qs\u0259dl\u0259ri dayan\u0131r. Az\u0259rbaycan Prezidenti t\u0259r\u0259find\u0259n h\u0259yata ke\u00e7iril\u0259n islahatlar \u00f6lk\u0259mizin dinamik inki\u015faf\u0131n\u0131n g\u0259tirdiyi yeni keyfiyy\u0259t m\u0259rh\u0259l\u0259sind\u0259 ba\u015f tutur v\u0259 kompleks xarakter da\u015f\u0131y\u0131r. ARANTV.AZ\u00a0 x\u0259b\u0259r verir ki, bunu\u00a0Trend-\u0259 Milli M\u0259clisin Yeni Az\u0259rbaycan Partiyas\u0131ndan olan deputat\u0131 Hikm\u0259t Babao\u011flu deyib. Deputat\u0131n s\u00f6zl\u0259rin\u0259 g\u00f6r\u0259, islahatlar\u0131n birinci m\u0259rh\u0259l\u0259si \u0259sas\u0259n qanunvericilik v\u0259 instutisional sah\u0259l\u0259ri \u0259hat\u0259 etdi v\u0259 d\u0259rhal sonra struktural, kadr islahatlar\u0131na ke\u00e7id ba\u015flad\u0131: &#8220;\u018fslind\u0259, bu ard\u0131c\u0131ll\u0131q h\u0259yata ke\u00e7iril\u0259n islahatlar\u0131n m\u00fcxt\u0259lif komponentl\u0259rini \u00f6z\u00fcnd\u0259 birl\u0259\u015fdirm\u0259kl\u0259 onun taml\u0131\u011f\u0131ndan x\u0259b\u0259r verir. Haz\u0131rk\u0131 m\u0259rh\u0259l\u0259 daha \u00e7ox kadr&hellip;<\/p>\n","protected":false},"author":2,"featured_media":88535,"comment_status":"closed","ping_status":"closed","sticky":false,"template":"","format":"standard","meta":{"om_disable_all_campaigns":false,"_monsterinsights_skip_tracking":false,"_monsterinsights_sitenote_active":false,"_monsterinsights_sitenote_note":"","_monsterinsights_sitenote_category":0},"categories":[4],"tags":[],"aioseo_notices":[],"gutentor_comment":0,"rttpg_featured_image_url":{"full":["https:\/\/arantv.az\/wp-content\/uploads\/2019\/10\/796654_000.jpg",800,600,false],"landscape":["https:\/\/arantv.az\/wp-content\/uploads\/2019\/10\/796654_000.jpg",800,600,false],"portraits":["https:\/\/arantv.az\/wp-content\/uploads\/2019\/10\/796654_000.jpg",800,600,false],"thumbnail":["https:\/\/arantv.az\/wp-content\/uploads\/2019\/10\/796654_000-150x150.jpg",150,150,true],"medium":["https:\/\/arantv.az\/wp-content\/uploads\/2019\/10\/796654_000-300x225.jpg",300,225,true],"large":["https:\/\/arantv.az\/wp-content\/uploads\/2019\/10\/796654_000.jpg",640,480,false],"1536x1536":["https:\/\/arantv.az\/wp-content\/uploads\/2019\/10\/796654_000.jpg",800,600,false],"2048x2048":["https:\/\/arantv.az\/wp-content\/uploads\/2019\/10\/796654_000.jpg",800,600,false],"post-thumbnail":["https:\/\/arantv.az\/wp-content\/uploads\/2019\/10\/796654_000-240x172.jpg",240,172,true],"advps-thumb-one":["https:\/\/arantv.az\/wp-content\/uploads\/2019\/10\/796654_000.jpg",800,600,false]},"rttpg_author":{"display_name":"V\u00fcsal Rafiqo\u011flu","author_link":"https:\/\/arantv.az\/?author=2"},"rttpg_comment":0,"rttpg_category":"<a href=\"https:\/\/arantv.az\/?cat=4\" rel=\"category\">Siyas\u0259t<\/a>","rttpg_excerpt":"Prezident \u0130lham \u018fliyevin h\u0259yata ke\u00e7irdiyi kadr siyas\u0259tinin, islahatlar\u0131n \u0259sas\u0131nda Az\u0259rbaycan xalq\u0131n\u0131n rifah\u0131n\u0131n t\u0259min olunmas\u0131 m\u0259qs\u0259dl\u0259ri dayan\u0131r. Az\u0259rbaycan Prezidenti t\u0259r\u0259find\u0259n h\u0259yata ke\u00e7iril\u0259n islahatlar \u00f6lk\u0259mizin dinamik inki\u015faf\u0131n\u0131n g\u0259tirdiyi yeni keyfiyy\u0259t m\u0259rh\u0259l\u0259sind\u0259 ba\u015f tutur v\u0259 kompleks xarakter da\u015f\u0131y\u0131r. ARANTV.AZ\u00a0 x\u0259b\u0259r verir ki, bunu\u00a0Trend-\u0259 Milli M\u0259clisin Yeni Az\u0259rbaycan Partiyas\u0131ndan olan deputat\u0131 Hikm\u0259t Babao\u011flu deyib. Deputat\u0131n s\u00f6zl\u0259rin\u0259 g\u00f6r\u0259, islahatlar\u0131n birinci&hellip;","_links":{"self":[{"href":"https:\/\/arantv.az\/index.php?rest_route=\/wp\/v2\/posts\/88534"}],"collection":[{"href":"https:\/\/arantv.az\/index.php?rest_route=\/wp\/v2\/posts"}],"about":[{"href":"https:\/\/arantv.az\/index.php?rest_route=\/wp\/v2\/types\/post"}],"author":[{"embeddable":true,"href":"https:\/\/arantv.az\/index.php?rest_route=\/wp\/v2\/users\/2"}],"replies":[{"embeddable":true,"href":"https:\/\/arantv.az\/index.php?rest_route=%2Fwp%2Fv2%2Fcomments&post=88534"}],"version-history":[{"count":0,"href":"https:\/\/arantv.az\/index.php?rest_route=\/wp\/v2\/posts\/88534\/revisions"}],"wp:featuredmedia":[{"embeddable":true,"href":"https:\/\/arantv.az\/index.php?rest_route=\/wp\/v2\/media\/88535"}],"wp:attachment":[{"href":"https:\/\/arantv.az\/index.php?rest_route=%2Fwp%2Fv2%2Fmedia&parent=88534"}],"wp:term":[{"taxonomy":"category","embeddable":true,"href":"https:\/\/arantv.az\/index.php?rest_route=%2Fwp%2Fv2%2Fcategories&post=88534"},{"taxonomy":"post_tag","embeddable":true,"href":"https:\/\/arantv.az\/index.php?rest_route=%2Fwp%2Fv2%2Ftags&post=88534"}],"curies":[{"name":"wp","href":"https:\/\/api.w.org\/{rel}","templated":true}]}}