{"id":88566,"date":"2019-10-24T09:37:21","date_gmt":"2019-10-24T06:37:21","guid":{"rendered":"http:\/\/arantv.az\/?p=88566"},"modified":"2019-10-24T09:37:21","modified_gmt":"2019-10-24T06:37:21","slug":"vilay%c9%99t-eyvazovdan-yeni-t%c9%99yinat-10","status":"publish","type":"post","link":"https:\/\/arantv.az\/?p=88566","title":{"rendered":"Vilay\u0259t Eyvazovdan yeni T\u018fY\u0130NAT"},"content":{"rendered":"<p><strong>G\u0259nc\u0259 \u015e\u0259h\u0259r Nizami Rayon Polis \u0130dar\u0259sin\u0259 yeni t\u0259yinat olub.<\/strong><\/p>\n<p><strong>ARANTV.AZ<\/strong> oxu.az-a istinad\u0259n\u00a0x\u0259b\u0259r verir ki, bu bar\u0259d\u0259 Daxili \u0130\u015fl\u0259r naziri, general-polkovnik Vilay\u0259t Eyvazov \u0259mr imzalay\u0131b.<\/p>\n<p>\u018fmr\u0259 \u0259sas\u0259n, polkovnik-leytenant \u0130rza Na\u011f\u0131yev \u0130dar\u0259nin xidm\u0259t \u00fczr\u0259 r\u0259is m\u00fcavini t\u0259yin olunub.<\/p>\n<p>Qeyd ed\u0259k ki, bu v\u0259zif\u0259ni \u00f6t\u0259n il v\u0259fat ed\u0259n polis polkovnik-leytenant\u0131 S\u0259m\u0259d Abbasov icra edib.<\/p>\n","protected":false},"excerpt":{"rendered":"<p>G\u0259nc\u0259 \u015e\u0259h\u0259r Nizami Rayon Polis \u0130dar\u0259sin\u0259 yeni t\u0259yinat olub. ARANTV.AZ oxu.az-a istinad\u0259n\u00a0x\u0259b\u0259r verir ki, bu bar\u0259d\u0259 Daxili \u0130\u015fl\u0259r naziri, general-polkovnik Vilay\u0259t Eyvazov \u0259mr imzalay\u0131b. \u018fmr\u0259 \u0259sas\u0259n, polkovnik-leytenant \u0130rza Na\u011f\u0131yev \u0130dar\u0259nin xidm\u0259t \u00fczr\u0259 r\u0259is m\u00fcavini t\u0259yin olunub. Qeyd ed\u0259k ki, bu v\u0259zif\u0259ni \u00f6t\u0259n il v\u0259fat ed\u0259n polis polkovnik-leytenant\u0131 S\u0259m\u0259d Abbasov icra edib.<\/p>\n","protected":false},"author":2,"featured_media":88567,"comment_status":"closed","ping_status":"closed","sticky":false,"template":"","format":"standard","meta":{"om_disable_all_campaigns":false,"_monsterinsights_skip_tracking":false,"_monsterinsights_sitenote_active":false,"_monsterinsights_sitenote_note":"","_monsterinsights_sitenote_category":0},"categories":[1],"tags":[],"aioseo_notices":[],"gutentor_comment":0,"rttpg_featured_image_url":{"full":["https:\/\/arantv.az\/wp-content\/uploads\/2019\/10\/vilayet_eyvazov_0847-2.jpg",800,600,false],"landscape":["https:\/\/arantv.az\/wp-content\/uploads\/2019\/10\/vilayet_eyvazov_0847-2.jpg",800,600,false],"portraits":["https:\/\/arantv.az\/wp-content\/uploads\/2019\/10\/vilayet_eyvazov_0847-2.jpg",800,600,false],"thumbnail":["https:\/\/arantv.az\/wp-content\/uploads\/2019\/10\/vilayet_eyvazov_0847-2-150x150.jpg",150,150,true],"medium":["https:\/\/arantv.az\/wp-content\/uploads\/2019\/10\/vilayet_eyvazov_0847-2-300x225.jpg",300,225,true],"large":["https:\/\/arantv.az\/wp-content\/uploads\/2019\/10\/vilayet_eyvazov_0847-2.jpg",640,480,false],"1536x1536":["https:\/\/arantv.az\/wp-content\/uploads\/2019\/10\/vilayet_eyvazov_0847-2.jpg",800,600,false],"2048x2048":["https:\/\/arantv.az\/wp-content\/uploads\/2019\/10\/vilayet_eyvazov_0847-2.jpg",800,600,false],"post-thumbnail":["https:\/\/arantv.az\/wp-content\/uploads\/2019\/10\/vilayet_eyvazov_0847-2-240x172.jpg",240,172,true],"advps-thumb-one":["https:\/\/arantv.az\/wp-content\/uploads\/2019\/10\/vilayet_eyvazov_0847-2.jpg",800,600,false]},"rttpg_author":{"display_name":"V\u00fcsal Rafiqo\u011flu","author_link":"https:\/\/arantv.az\/?author=2"},"rttpg_comment":0,"rttpg_category":"<a href=\"https:\/\/arantv.az\/?cat=1\" rel=\"category\">C\u0259miyy\u0259t<\/a>","rttpg_excerpt":"G\u0259nc\u0259 \u015e\u0259h\u0259r Nizami Rayon Polis \u0130dar\u0259sin\u0259 yeni t\u0259yinat olub. ARANTV.AZ oxu.az-a istinad\u0259n\u00a0x\u0259b\u0259r verir ki, bu bar\u0259d\u0259 Daxili \u0130\u015fl\u0259r naziri, general-polkovnik Vilay\u0259t Eyvazov \u0259mr imzalay\u0131b. \u018fmr\u0259 \u0259sas\u0259n, polkovnik-leytenant \u0130rza Na\u011f\u0131yev \u0130dar\u0259nin xidm\u0259t \u00fczr\u0259 r\u0259is m\u00fcavini t\u0259yin olunub. Qeyd ed\u0259k ki, bu v\u0259zif\u0259ni \u00f6t\u0259n il v\u0259fat ed\u0259n polis polkovnik-leytenant\u0131 S\u0259m\u0259d Abbasov icra edib.","_links":{"self":[{"href":"https:\/\/arantv.az\/index.php?rest_route=\/wp\/v2\/posts\/88566"}],"collection":[{"href":"https:\/\/arantv.az\/index.php?rest_route=\/wp\/v2\/posts"}],"about":[{"href":"https:\/\/arantv.az\/index.php?rest_route=\/wp\/v2\/types\/post"}],"author":[{"embeddable":true,"href":"https:\/\/arantv.az\/index.php?rest_route=\/wp\/v2\/users\/2"}],"replies":[{"embeddable":true,"href":"https:\/\/arantv.az\/index.php?rest_route=%2Fwp%2Fv2%2Fcomments&post=88566"}],"version-history":[{"count":0,"href":"https:\/\/arantv.az\/index.php?rest_route=\/wp\/v2\/posts\/88566\/revisions"}],"wp:featuredmedia":[{"embeddable":true,"href":"https:\/\/arantv.az\/index.php?rest_route=\/wp\/v2\/media\/88567"}],"wp:attachment":[{"href":"https:\/\/arantv.az\/index.php?rest_route=%2Fwp%2Fv2%2Fmedia&parent=88566"}],"wp:term":[{"taxonomy":"category","embeddable":true,"href":"https:\/\/arantv.az\/index.php?rest_route=%2Fwp%2Fv2%2Fcategories&post=88566"},{"taxonomy":"post_tag","embeddable":true,"href":"https:\/\/arantv.az\/index.php?rest_route=%2Fwp%2Fv2%2Ftags&post=88566"}],"curies":[{"name":"wp","href":"https:\/\/api.w.org\/{rel}","templated":true}]}}