{"id":88574,"date":"2019-10-24T09:49:08","date_gmt":"2019-10-24T06:49:08","guid":{"rendered":"http:\/\/arantv.az\/?p=88574"},"modified":"2019-10-24T09:49:08","modified_gmt":"2019-10-24T06:49:08","slug":"az%c9%99rbaycanda-bu-icra-bascilari-istefa-ver%c9%99c%c9%99k-siyahi","status":"publish","type":"post","link":"https:\/\/arantv.az\/?p=88574","title":{"rendered":"Az\u0259rbaycanda bu icra ba\u015f\u00e7\u0131lar\u0131 \u0130STEFA VER\u018fC\u018fK? &#8211; S\u0130YAHI"},"content":{"rendered":"<p><strong>Prezident \u0130lham \u018fliyevin ya\u015f\u0131 70-i ke\u00e7mi\u015f v\u0259zif\u0259li \u015f\u0259xsl\u0259rin istefa verm\u0259sin\u0259 v\u0259 d\u00f6vl\u0259t orqanlar\u0131na g\u0259ncl\u0259rin g\u0259tirilm\u0259sinin \u00f6n\u0259min\u0259 diqq\u0259t \u00e7\u0259km\u0259si, el\u0259c\u0259 d\u0259 son g\u00fcnl\u0259r apar\u0131lan kadr v\u0259 struktur islahatlar\u0131 icra hakimiyy\u0259tl\u0259rind\u0259 r\u0259hb\u0259r v\u0259zif\u0259d\u0259 olan ya\u015fl\u0131 kadrlar\u0131 da g\u00fcnd\u0259m\u0259 g\u0259tirib.<\/strong><\/p>\n<p><strong>ARANTV.AZ<\/strong> x\u0259b\u0259r verir ki, Zaqatala Rayon \u0130cra Hakimiyy\u0259tinin ba\u015f\u00e7\u0131s\u0131\u00a0<strong>M\u00fcbariz \u018fhm\u0259dzad\u0259\u00a0<\/strong>\u00f6lk\u0259nin \u0259n ya\u015fl\u0131 icra ba\u015f\u00e7\u0131lar\u0131ndan hesab olunur. O, 1947-ci il yanvar\u0131n 15-d\u0259 Qax rayonunda d\u00fcnyaya g\u0259lib. 2009-cu ild\u0259n Zaqatala rayonunun icra ba\u015f\u00e7\u0131s\u0131d\u0131r.<\/p>\n<p>Onunla h\u0259mya\u015f\u0131d olan dig\u0259r \u0130H r\u0259hb\u0259ri is\u0259 Samur rayonunun icra ba\u015f\u00e7\u0131s\u0131\u00a0<strong>Al\u0131 Qocayevdir<\/strong>. A.Qocayev 1947-ci il iyulun 27-d\u0259 do\u011fulub. 2012-ci ild\u0259n Samux Rayon \u0130cra Hakimiyy\u0259tinin ba\u015f\u00e7\u0131s\u0131 t\u0259yin edil\u0259n A.Qocayevin \u00fc\u00e7 \u00f6vlad\u0131, yeddi n\u0259v\u0259si var. \u0130cra ba\u015f\u00e7\u0131s\u0131 art\u0131q 73 ya\u015f\u0131n\u0131 qeyd etm\u0259y\u0259 haz\u0131rla\u015fanlardand\u0131r.<\/p>\n<p>2013-c\u00fc ild\u0259n \u0130smay\u0131ll\u0131 rayonuna r\u0259hb\u0259rlik ed\u0259n\u00a0<strong>Mirdam\u0259d Sad\u0131qovun<\/strong>\u00a069 ya\u015f var. O, 1950-ci il sentyabr 1-i \u0130smay\u0131ll\u0131 rayonunda d\u00fcnyaya g\u0259lib.<\/p>\n<p>Hac\u0131qabul Rayon \u0130cra Hakimiyy\u0259tinin ba\u015f\u00e7\u0131s\u0131\u00a0<strong>\u018fhm\u0259d Muxtarovun\u00a0<\/strong>68 ya\u015f\u0131 var<strong>.\u00a0<\/strong>2006-c\u0131 ild\u0259n Hac\u0131qabul rayonuna ba\u015f\u00e7\u0131l\u0131q ed\u0259n \u018f.Muxtarov 1951-ci ild\u0259 do\u011fulub.<\/p>\n<p>\u015eu\u015fa Rayon \u0130cra Hakimiyy\u0259tinin ba\u015f\u00e7\u0131s\u0131\u00a0<strong>Bayram S\u0259f\u0259rovun<\/strong>\u00a0da 68 ya\u015f\u0131 var. Bayram S\u0259f\u0259rov 1951-ci ild\u0259 \u015eu\u015fada anadan olub.<\/p>\n<p>Bu il Saatl\u0131 rayonuna icra ba\u015f\u00e7\u0131s\u0131 t\u0259yin edil\u0259n\u00a0<strong>Nazim \u0130smay\u0131lov<\/strong>\u00a0is\u0259 67 ya\u015f\u0131ndad\u0131r. O, 1952-ci ild\u0259 d\u00fcnyaya g\u0259lib.Axar.az<\/p>\n","protected":false},"excerpt":{"rendered":"<p>Prezident \u0130lham \u018fliyevin ya\u015f\u0131 70-i ke\u00e7mi\u015f v\u0259zif\u0259li \u015f\u0259xsl\u0259rin istefa verm\u0259sin\u0259 v\u0259 d\u00f6vl\u0259t orqanlar\u0131na g\u0259ncl\u0259rin g\u0259tirilm\u0259sinin \u00f6n\u0259min\u0259 diqq\u0259t \u00e7\u0259km\u0259si, el\u0259c\u0259 d\u0259 son g\u00fcnl\u0259r apar\u0131lan kadr v\u0259 struktur islahatlar\u0131 icra hakimiyy\u0259tl\u0259rind\u0259 r\u0259hb\u0259r v\u0259zif\u0259d\u0259 olan ya\u015fl\u0131 kadrlar\u0131 da g\u00fcnd\u0259m\u0259 g\u0259tirib. ARANTV.AZ x\u0259b\u0259r verir ki, Zaqatala Rayon \u0130cra Hakimiyy\u0259tinin ba\u015f\u00e7\u0131s\u0131\u00a0M\u00fcbariz \u018fhm\u0259dzad\u0259\u00a0\u00f6lk\u0259nin \u0259n ya\u015fl\u0131 icra ba\u015f\u00e7\u0131lar\u0131ndan hesab olunur. O, 1947-ci il yanvar\u0131n 15-d\u0259 Qax rayonunda d\u00fcnyaya g\u0259lib. 2009-cu ild\u0259n Zaqatala rayonunun icra ba\u015f\u00e7\u0131s\u0131d\u0131r. Onunla h\u0259mya\u015f\u0131d olan dig\u0259r \u0130H r\u0259hb\u0259ri is\u0259 Samur rayonunun icra ba\u015f\u00e7\u0131s\u0131\u00a0Al\u0131 Qocayevdir. A.Qocayev 1947-ci il iyulun 27-d\u0259 do\u011fulub. 2012-ci ild\u0259n Samux Rayon&hellip;<\/p>\n","protected":false},"author":2,"featured_media":88575,"comment_status":"closed","ping_status":"closed","sticky":false,"template":"","format":"standard","meta":{"om_disable_all_campaigns":false,"_monsterinsights_skip_tracking":false,"_monsterinsights_sitenote_active":false,"_monsterinsights_sitenote_note":"","_monsterinsights_sitenote_category":0},"categories":[4],"tags":[],"aioseo_notices":[],"gutentor_comment":0,"rttpg_featured_image_url":{"full":["https:\/\/arantv.az\/wp-content\/uploads\/2019\/10\/ilham-5.jpg",800,450,false],"landscape":["https:\/\/arantv.az\/wp-content\/uploads\/2019\/10\/ilham-5.jpg",800,450,false],"portraits":["https:\/\/arantv.az\/wp-content\/uploads\/2019\/10\/ilham-5.jpg",800,450,false],"thumbnail":["https:\/\/arantv.az\/wp-content\/uploads\/2019\/10\/ilham-5-150x150.jpg",150,150,true],"medium":["https:\/\/arantv.az\/wp-content\/uploads\/2019\/10\/ilham-5-300x169.jpg",300,169,true],"large":["https:\/\/arantv.az\/wp-content\/uploads\/2019\/10\/ilham-5.jpg",640,360,false],"1536x1536":["https:\/\/arantv.az\/wp-content\/uploads\/2019\/10\/ilham-5.jpg",800,450,false],"2048x2048":["https:\/\/arantv.az\/wp-content\/uploads\/2019\/10\/ilham-5.jpg",800,450,false],"post-thumbnail":["https:\/\/arantv.az\/wp-content\/uploads\/2019\/10\/ilham-5-240x172.jpg",240,172,true],"advps-thumb-one":["https:\/\/arantv.az\/wp-content\/uploads\/2019\/10\/ilham-5.jpg",800,450,false]},"rttpg_author":{"display_name":"V\u00fcsal Rafiqo\u011flu","author_link":"https:\/\/arantv.az\/?author=2"},"rttpg_comment":0,"rttpg_category":"<a href=\"https:\/\/arantv.az\/?cat=4\" rel=\"category\">Siyas\u0259t<\/a>","rttpg_excerpt":"Prezident \u0130lham \u018fliyevin ya\u015f\u0131 70-i ke\u00e7mi\u015f v\u0259zif\u0259li \u015f\u0259xsl\u0259rin istefa verm\u0259sin\u0259 v\u0259 d\u00f6vl\u0259t orqanlar\u0131na g\u0259ncl\u0259rin g\u0259tirilm\u0259sinin \u00f6n\u0259min\u0259 diqq\u0259t \u00e7\u0259km\u0259si, el\u0259c\u0259 d\u0259 son g\u00fcnl\u0259r apar\u0131lan kadr v\u0259 struktur islahatlar\u0131 icra hakimiyy\u0259tl\u0259rind\u0259 r\u0259hb\u0259r v\u0259zif\u0259d\u0259 olan ya\u015fl\u0131 kadrlar\u0131 da g\u00fcnd\u0259m\u0259 g\u0259tirib. ARANTV.AZ x\u0259b\u0259r verir ki, Zaqatala Rayon \u0130cra Hakimiyy\u0259tinin ba\u015f\u00e7\u0131s\u0131\u00a0M\u00fcbariz \u018fhm\u0259dzad\u0259\u00a0\u00f6lk\u0259nin \u0259n ya\u015fl\u0131 icra ba\u015f\u00e7\u0131lar\u0131ndan hesab olunur. O, 1947-ci&hellip;","_links":{"self":[{"href":"https:\/\/arantv.az\/index.php?rest_route=\/wp\/v2\/posts\/88574"}],"collection":[{"href":"https:\/\/arantv.az\/index.php?rest_route=\/wp\/v2\/posts"}],"about":[{"href":"https:\/\/arantv.az\/index.php?rest_route=\/wp\/v2\/types\/post"}],"author":[{"embeddable":true,"href":"https:\/\/arantv.az\/index.php?rest_route=\/wp\/v2\/users\/2"}],"replies":[{"embeddable":true,"href":"https:\/\/arantv.az\/index.php?rest_route=%2Fwp%2Fv2%2Fcomments&post=88574"}],"version-history":[{"count":0,"href":"https:\/\/arantv.az\/index.php?rest_route=\/wp\/v2\/posts\/88574\/revisions"}],"wp:featuredmedia":[{"embeddable":true,"href":"https:\/\/arantv.az\/index.php?rest_route=\/wp\/v2\/media\/88575"}],"wp:attachment":[{"href":"https:\/\/arantv.az\/index.php?rest_route=%2Fwp%2Fv2%2Fmedia&parent=88574"}],"wp:term":[{"taxonomy":"category","embeddable":true,"href":"https:\/\/arantv.az\/index.php?rest_route=%2Fwp%2Fv2%2Fcategories&post=88574"},{"taxonomy":"post_tag","embeddable":true,"href":"https:\/\/arantv.az\/index.php?rest_route=%2Fwp%2Fv2%2Ftags&post=88574"}],"curies":[{"name":"wp","href":"https:\/\/api.w.org\/{rel}","templated":true}]}}