{"id":88586,"date":"2019-10-24T09:54:40","date_gmt":"2019-10-24T06:54:40","guid":{"rendered":"http:\/\/arantv.az\/?p=88586"},"modified":"2019-10-24T09:54:40","modified_gmt":"2019-10-24T06:54:40","slug":"az%c9%99rbaycanin-enerji-effektivliyin%c9%99-dair-ilk-milli-f%c9%99aliyy%c9%99t-planinin-hazirlanmasina-baslanilib","status":"publish","type":"post","link":"https:\/\/arantv.az\/?p=88586","title":{"rendered":"Az\u0259rbaycan\u0131n Enerji Effektivliyin\u0259 dair ilk Milli F\u0259aliyy\u0259t Plan\u0131n\u0131n haz\u0131rlanmas\u0131na ba\u015flan\u0131l\u0131b"},"content":{"rendered":"<p>Enerji Xartiyas\u0131 Katibliyi enerji s\u0259m\u0259r\u0259liliyi il\u0259 ba\u011fl\u0131 qanunvericiliyin haz\u0131rlanmas\u0131nda Az\u0259rbaycana d\u0259st\u0259k olur.<\/p>\n<p><strong>ARANTV.AZ<\/strong>\u00a0<a href=\"http:\/\/az.trend.az\/\" target=\"_blank\" rel=\"noopener\">Trend<\/a>-\u0259 istinad\u0259n bildirir ki, bunu Bak\u0131da ke\u00e7iril\u0259n Beyn\u0259lxalq Enerji Xartiyas\u0131 Forumunda \u00e7\u0131x\u0131\u015f ed\u0259n Beyn\u0259lxalq Enerji Xartiyas\u0131n\u0131n Ba\u015f katibi Urban Rusnak deyib.<\/p>\n<p>Ba\u015f katib bildirib: &#8220;Enerji Xartiyas\u0131 Katibliyi enerji s\u0259m\u0259r\u0259liliyi il\u0259 ba\u011fl\u0131 qanunvericiliyin haz\u0131rlanmas\u0131nda Az\u0259rbaycana d\u0259st\u0259k olur. \u00d6t\u0259n il &#8220;Enerji resurslar\u0131ndan s\u0259m\u0259r\u0259li istifad\u0259 v\u0259 enerji effektivliyi haqq\u0131nda&#8221; Qanunun ilk layih\u0259si d\u0259 tamamlan\u0131b. Bu ilin sonunda yekunla\u015fd\u0131r\u0131lmas\u0131 v\u0259 g\u0259l\u0259n ilin \u0259vv\u0259lind\u0259 aidiyy\u0259ti orqanlarla m\u00fczakir\u0259si n\u0259z\u0259rd\u0259 tutulan Az\u0259rbaycan\u0131n Enerji Effektivliyin\u0259 dair ilk Milli F\u0259aliyy\u0259t Plan\u0131n\u0131n haz\u0131rlanmas\u0131na ba\u015flan\u0131l\u0131b&#8221;.<\/p>\n<p>Qeyd ed\u0259k ki, bu g\u00fcn Bak\u0131da Energetika Nazirliyi v\u0259 Enerji Xartiyas\u0131 Katibliyinin birg\u0259 t\u0259\u015fkilat\u00e7\u0131l\u0131\u011f\u0131 il\u0259 &#8220;Texnologiya v\u0259 siyas\u0259t innovasiyalar\u0131 vasit\u0259sil\u0259 enerji ke\u00e7idinin t\u0259min edilm\u0259si&#8221; m\u00f6vzusuna h\u0259sr edil\u0259n Beyn\u0259lxalq Enerji Xartiyas\u0131 Forumu i\u015f\u0259 ba\u015flay\u0131b.<\/p>\n<p>Foruma 13 \u00f6lk\u0259nin-Az\u0259rbaycan, T\u00fcrkiy\u0259, G\u00fcrc\u00fcstan, Avstriya, \u00c7in, Yunan\u0131stan, Albaniya, Xorvatiya, \u0130spaniya, Banqlade\u015f, Bosniya v\u0259 Hersoqovina, Burundi, Y\u0259m\u0259nin y\u00fcks\u0259k s\u0259viyy\u0259li d\u00f6vl\u0259t r\u0259smil\u0259ri, 42 beyn\u0259lxalq t\u0259\u015fkilat, yerli v\u0259 xarici enerji \u015firk\u0259tl\u0259ri, d\u00f6vl\u0259t qurumlar\u0131n\u0131n t\u0259msil\u00e7il\u0259ri, el\u0259c\u0259 d\u0259 xarici \u00f6lk\u0259l\u0259rin Az\u0259rbaycandak\u0131 s\u0259firlikl\u0259rinin n\u00fcmay\u0259nd\u0259l\u0259ri, ekspertl\u0259r v\u0259 mediadan ibar\u0259t 200-\u0259 yax\u0131n \u015f\u0259xs qat\u0131l\u0131b.<\/p>\n<div>\n<div id=\"AdviadNativeVideo0\" class=\"AdviadNativeVideo\"><\/div>\n<\/div>\n<p>55 \u00fczv \u00f6lk\u0259ni birl\u0259\u015fdir\u0259n Beyn\u0259lxalq Enerji Xartiyas\u0131 il\u0259 Az\u0259rbaycan 20 ild\u0259n \u00e7oxdur ki, \u0259m\u0259kda\u015fl\u0131q edir. 2018-ci ild\u0259 Az\u0259rbaycan\u0131n Beyn\u0259lxalq Enerji Xartiyas\u0131n\u0131n Haaqa II s\u0259n\u0259din\u0259 qo\u015fulmas\u0131 il\u0259 t\u0259\u015fkilatla m\u00fcnasib\u0259tl\u0259rd\u0259 yeni m\u0259rh\u0259l\u0259 ba\u015flan\u0131b.<\/p>\n","protected":false},"excerpt":{"rendered":"<p>Enerji Xartiyas\u0131 Katibliyi enerji s\u0259m\u0259r\u0259liliyi il\u0259 ba\u011fl\u0131 qanunvericiliyin haz\u0131rlanmas\u0131nda Az\u0259rbaycana d\u0259st\u0259k olur. ARANTV.AZ\u00a0Trend-\u0259 istinad\u0259n bildirir ki, bunu Bak\u0131da ke\u00e7iril\u0259n Beyn\u0259lxalq Enerji Xartiyas\u0131 Forumunda \u00e7\u0131x\u0131\u015f ed\u0259n Beyn\u0259lxalq Enerji Xartiyas\u0131n\u0131n Ba\u015f katibi Urban Rusnak deyib. Ba\u015f katib bildirib: &#8220;Enerji Xartiyas\u0131 Katibliyi enerji s\u0259m\u0259r\u0259liliyi il\u0259 ba\u011fl\u0131 qanunvericiliyin haz\u0131rlanmas\u0131nda Az\u0259rbaycana d\u0259st\u0259k olur. \u00d6t\u0259n il &#8220;Enerji resurslar\u0131ndan s\u0259m\u0259r\u0259li istifad\u0259 v\u0259 enerji effektivliyi haqq\u0131nda&#8221; Qanunun ilk layih\u0259si d\u0259 tamamlan\u0131b. Bu ilin sonunda yekunla\u015fd\u0131r\u0131lmas\u0131 v\u0259 g\u0259l\u0259n ilin \u0259vv\u0259lind\u0259 aidiyy\u0259ti orqanlarla m\u00fczakir\u0259si n\u0259z\u0259rd\u0259 tutulan Az\u0259rbaycan\u0131n Enerji Effektivliyin\u0259 dair ilk Milli F\u0259aliyy\u0259t Plan\u0131n\u0131n haz\u0131rlanmas\u0131na ba\u015flan\u0131l\u0131b&#8221;. Qeyd ed\u0259k ki, bu&hellip;<\/p>\n","protected":false},"author":2,"featured_media":88587,"comment_status":"closed","ping_status":"closed","sticky":false,"template":"","format":"standard","meta":{"om_disable_all_campaigns":false,"_monsterinsights_skip_tracking":false,"_monsterinsights_sitenote_active":false,"_monsterinsights_sitenote_note":"","_monsterinsights_sitenote_category":0},"categories":[19],"tags":[],"aioseo_notices":[],"gutentor_comment":0,"rttpg_featured_image_url":{"full":["https:\/\/arantv.az\/wp-content\/uploads\/2019\/10\/796698.jpg",800,600,false],"landscape":["https:\/\/arantv.az\/wp-content\/uploads\/2019\/10\/796698.jpg",800,600,false],"portraits":["https:\/\/arantv.az\/wp-content\/uploads\/2019\/10\/796698.jpg",800,600,false],"thumbnail":["https:\/\/arantv.az\/wp-content\/uploads\/2019\/10\/796698-150x150.jpg",150,150,true],"medium":["https:\/\/arantv.az\/wp-content\/uploads\/2019\/10\/796698-300x225.jpg",300,225,true],"large":["https:\/\/arantv.az\/wp-content\/uploads\/2019\/10\/796698.jpg",640,480,false],"1536x1536":["https:\/\/arantv.az\/wp-content\/uploads\/2019\/10\/796698.jpg",800,600,false],"2048x2048":["https:\/\/arantv.az\/wp-content\/uploads\/2019\/10\/796698.jpg",800,600,false],"post-thumbnail":["https:\/\/arantv.az\/wp-content\/uploads\/2019\/10\/796698-240x172.jpg",240,172,true],"advps-thumb-one":["https:\/\/arantv.az\/wp-content\/uploads\/2019\/10\/796698.jpg",800,600,false]},"rttpg_author":{"display_name":"V\u00fcsal Rafiqo\u011flu","author_link":"https:\/\/arantv.az\/?author=2"},"rttpg_comment":0,"rttpg_category":"<a href=\"https:\/\/arantv.az\/?cat=19\" rel=\"category\">G\u00fcnd\u0259m<\/a>","rttpg_excerpt":"Enerji Xartiyas\u0131 Katibliyi enerji s\u0259m\u0259r\u0259liliyi il\u0259 ba\u011fl\u0131 qanunvericiliyin haz\u0131rlanmas\u0131nda Az\u0259rbaycana d\u0259st\u0259k olur. ARANTV.AZ\u00a0Trend-\u0259 istinad\u0259n bildirir ki, bunu Bak\u0131da ke\u00e7iril\u0259n Beyn\u0259lxalq Enerji Xartiyas\u0131 Forumunda \u00e7\u0131x\u0131\u015f ed\u0259n Beyn\u0259lxalq Enerji Xartiyas\u0131n\u0131n Ba\u015f katibi Urban Rusnak deyib. Ba\u015f katib bildirib: &#8220;Enerji Xartiyas\u0131 Katibliyi enerji s\u0259m\u0259r\u0259liliyi il\u0259 ba\u011fl\u0131 qanunvericiliyin haz\u0131rlanmas\u0131nda Az\u0259rbaycana d\u0259st\u0259k olur. \u00d6t\u0259n il &#8220;Enerji resurslar\u0131ndan s\u0259m\u0259r\u0259li istifad\u0259 v\u0259&hellip;","_links":{"self":[{"href":"https:\/\/arantv.az\/index.php?rest_route=\/wp\/v2\/posts\/88586"}],"collection":[{"href":"https:\/\/arantv.az\/index.php?rest_route=\/wp\/v2\/posts"}],"about":[{"href":"https:\/\/arantv.az\/index.php?rest_route=\/wp\/v2\/types\/post"}],"author":[{"embeddable":true,"href":"https:\/\/arantv.az\/index.php?rest_route=\/wp\/v2\/users\/2"}],"replies":[{"embeddable":true,"href":"https:\/\/arantv.az\/index.php?rest_route=%2Fwp%2Fv2%2Fcomments&post=88586"}],"version-history":[{"count":0,"href":"https:\/\/arantv.az\/index.php?rest_route=\/wp\/v2\/posts\/88586\/revisions"}],"wp:featuredmedia":[{"embeddable":true,"href":"https:\/\/arantv.az\/index.php?rest_route=\/wp\/v2\/media\/88587"}],"wp:attachment":[{"href":"https:\/\/arantv.az\/index.php?rest_route=%2Fwp%2Fv2%2Fmedia&parent=88586"}],"wp:term":[{"taxonomy":"category","embeddable":true,"href":"https:\/\/arantv.az\/index.php?rest_route=%2Fwp%2Fv2%2Fcategories&post=88586"},{"taxonomy":"post_tag","embeddable":true,"href":"https:\/\/arantv.az\/index.php?rest_route=%2Fwp%2Fv2%2Ftags&post=88586"}],"curies":[{"name":"wp","href":"https:\/\/api.w.org\/{rel}","templated":true}]}}