{"id":88590,"date":"2019-10-24T09:55:57","date_gmt":"2019-10-24T06:55:57","guid":{"rendered":"http:\/\/arantv.az\/?p=88590"},"modified":"2019-10-24T09:55:57","modified_gmt":"2019-10-24T06:55:57","slug":"tarixi-must%c9%99vid%c9%99-baki-dunyanin-enerji-paytaxti-muasir-dovrd%c9%99-is%c9%99-aparici-enerji-m%c9%99rk%c9%99zl%c9%99rind%c9%99n-biridir-energetika-nazirliyi","status":"publish","type":"post","link":"https:\/\/arantv.az\/?p=88590","title":{"rendered":"&#8220;Tarixi m\u00fcst\u0259vid\u0259 Bak\u0131 d\u00fcnyan\u0131n enerji paytaxt\u0131, m\u00fcasir d\u00f6vrd\u0259 is\u0259 apar\u0131c\u0131 enerji m\u0259rk\u0259zl\u0259rind\u0259n biridir&#8221; &#8211; Energetika Nazirliyi"},"content":{"rendered":"<p><strong>B\u0259rpa olunan enerji m\u0259nb\u0259l\u0259rinin f\u0259al istifad\u0259 olunmas\u0131 bu g\u00fcn qar\u015f\u0131da duran \u0259n m\u00fch\u00fcm v\u0259zif\u0259l\u0259rd\u0259ndir.<\/strong><\/p>\n<p><strong>ARANTV.AZ<\/strong>\u00a0\u00a0<a href=\"https:\/\/az.trend.az\/\" target=\"_blank\" rel=\"noopener\">Trend<\/a>-\u0259 istinad\u0259n x\u0259b\u0259r verir ki, bunu Az\u0259rbaycan\u0131n Energetika naziri P\u0259rviz \u015eahbazov bu g\u00fcn Bak\u0131da Energetika Nazirliyi v\u0259 Enerji Xartiyas\u0131 Katibliyinin birg\u0259 t\u0259\u015fkilat\u00e7\u0131l\u0131\u011f\u0131 il\u0259 &#8220;Texnologiya v\u0259 siyas\u0259t innovasiyalar\u0131 vasit\u0259sil\u0259 enerji ke\u00e7idinin t\u0259min edilm\u0259si&#8221; m\u00f6vzusuna h\u0259sr edil\u0259n Beyn\u0259lxalq Enerji Xartiyas\u0131 Forumunun a\u00e7\u0131l\u0131\u015f\u0131nda bildirib.<\/p>\n<p>Nazir deyib: &#8220;B\u0259rpa olunan enerji m\u0259nb\u0259l\u0259rinin f\u0259al istifad\u0259 olunmas\u0131, h\u0259m daxili, h\u0259m d\u0259 xarici investisiyalar\u0131n bu proses\u0259 c\u0259lb edilm\u0259si, enerji sektorunda r\u0259qab\u0259t\u0259 \u0259saslanan liberal bazar modelin\u0259 ke\u00e7id, eyni zamanda, \u0259traf m\u00fchitin m\u00fchafiz\u0259si \u00fczr\u0259 \u00f6hd\u0259likl\u0259rin yerin\u0259 yetirilm\u0259si \u0259sas v\u0259zif\u0259l\u0259rimizd\u0259ndir&#8221;.<\/p>\n<p>P.\u015eahbazov qeyd edib ki, haz\u0131rda b\u0259rpa olunan enerji m\u0259nb\u0259l\u0259rinin istifad\u0259si hesab\u0131na enerji transformasiyas\u0131 ba\u015f verir.<\/p>\n<p>Daha sonra nazir vur\u011fulay\u0131b ki, Bak\u0131n\u0131n geni\u015fmiqyasl\u0131 enerji forumlar\u0131 v\u0259 konfranslar\u0131n ke\u00e7irilm\u0259si \u00fc\u00e7\u00fcn m\u0259kan olaraq se\u00e7ilm\u0259si onun tarixi v\u0259 d\u00fcnya enerji arxitekturas\u0131ndak\u0131 m\u00fcasir rolu il\u0259 ba\u011fl\u0131d\u0131r:<\/p>\n<p>&#8220;Tarixi m\u00fcst\u0259vid\u0259 Bak\u0131 d\u00fcnyan\u0131n enerji paytaxt\u0131, m\u00fcasir d\u00f6vrd\u0259 is\u0259 apar\u0131c\u0131 enerji m\u0259rk\u0259zl\u0259rind\u0259n biridir&#8221;.<\/p>\n<div>\n<div id=\"AdviadNativeVideo0\" class=\"AdviadNativeVideo\"><\/div>\n<\/div>\n<p>Qeyd ed\u0259k ki, foruma 13 \u00f6lk\u0259nin &#8211; Az\u0259rbaycan, T\u00fcrkiy\u0259, G\u00fcrc\u00fcstan, Avstriya, \u00c7in, Yunan\u0131stan, Albaniya, Xorvatiya, \u0130spaniya, Banqlade\u015f, Bosniya v\u0259 Hersoqovina, Burundi, Y\u0259m\u0259nin y\u00fcks\u0259k s\u0259viyy\u0259li d\u00f6vl\u0259t r\u0259smil\u0259ri, 42 beyn\u0259lxalq t\u0259\u015fkilat, yerli v\u0259 xarici enerji \u015firk\u0259tl\u0259ri, d\u00f6vl\u0259t qurumlar\u0131n\u0131n t\u0259msil\u00e7il\u0259ri, el\u0259c\u0259 d\u0259 xarici \u00f6lk\u0259l\u0259rin Az\u0259rbaycandak\u0131 s\u0259firlikl\u0259rinin n\u00fcmay\u0259nd\u0259l\u0259ri, ekspertl\u0259r v\u0259 mediadan ibar\u0259t 200-\u0259 yax\u0131n \u015f\u0259xs qat\u0131l\u0131b.<\/p>\n<p>55 \u00fczv \u00f6lk\u0259ni birl\u0259\u015fdir\u0259n Beyn\u0259lxalq Enerji Xartiyas\u0131 il\u0259 Az\u0259rbaycan 20 ild\u0259n \u00e7oxdur ki, \u0259m\u0259kda\u015fl\u0131q edir. 2018-ci ild\u0259 Az\u0259rbaycan\u0131n Beyn\u0259lxalq Enerji Xartiyas\u0131n\u0131n Haaqa II s\u0259n\u0259din\u0259 qo\u015fulmas\u0131 il\u0259 t\u0259\u015fkilatla m\u00fcnasib\u0259tl\u0259rd\u0259 yeni m\u0259rh\u0259l\u0259 ba\u015flan\u0131b.<\/p>\n","protected":false},"excerpt":{"rendered":"<p>B\u0259rpa olunan enerji m\u0259nb\u0259l\u0259rinin f\u0259al istifad\u0259 olunmas\u0131 bu g\u00fcn qar\u015f\u0131da duran \u0259n m\u00fch\u00fcm v\u0259zif\u0259l\u0259rd\u0259ndir. ARANTV.AZ\u00a0\u00a0Trend-\u0259 istinad\u0259n x\u0259b\u0259r verir ki, bunu Az\u0259rbaycan\u0131n Energetika naziri P\u0259rviz \u015eahbazov bu g\u00fcn Bak\u0131da Energetika Nazirliyi v\u0259 Enerji Xartiyas\u0131 Katibliyinin birg\u0259 t\u0259\u015fkilat\u00e7\u0131l\u0131\u011f\u0131 il\u0259 &#8220;Texnologiya v\u0259 siyas\u0259t innovasiyalar\u0131 vasit\u0259sil\u0259 enerji ke\u00e7idinin t\u0259min edilm\u0259si&#8221; m\u00f6vzusuna h\u0259sr edil\u0259n Beyn\u0259lxalq Enerji Xartiyas\u0131 Forumunun a\u00e7\u0131l\u0131\u015f\u0131nda bildirib. Nazir deyib: &#8220;B\u0259rpa olunan enerji m\u0259nb\u0259l\u0259rinin f\u0259al istifad\u0259 olunmas\u0131, h\u0259m daxili, h\u0259m d\u0259 xarici investisiyalar\u0131n bu proses\u0259 c\u0259lb edilm\u0259si, enerji sektorunda r\u0259qab\u0259t\u0259 \u0259saslanan liberal bazar modelin\u0259 ke\u00e7id, eyni zamanda, \u0259traf m\u00fchitin m\u00fchafiz\u0259si \u00fczr\u0259 \u00f6hd\u0259likl\u0259rin yerin\u0259&hellip;<\/p>\n","protected":false},"author":2,"featured_media":88591,"comment_status":"closed","ping_status":"closed","sticky":false,"template":"","format":"standard","meta":{"om_disable_all_campaigns":false,"_monsterinsights_skip_tracking":false,"_monsterinsights_sitenote_active":false,"_monsterinsights_sitenote_note":"","_monsterinsights_sitenote_category":0},"categories":[19],"tags":[],"aioseo_notices":[],"gutentor_comment":0,"rttpg_featured_image_url":{"full":["https:\/\/arantv.az\/wp-content\/uploads\/2019\/10\/796692.jpg",800,600,false],"landscape":["https:\/\/arantv.az\/wp-content\/uploads\/2019\/10\/796692.jpg",800,600,false],"portraits":["https:\/\/arantv.az\/wp-content\/uploads\/2019\/10\/796692.jpg",800,600,false],"thumbnail":["https:\/\/arantv.az\/wp-content\/uploads\/2019\/10\/796692-150x150.jpg",150,150,true],"medium":["https:\/\/arantv.az\/wp-content\/uploads\/2019\/10\/796692-300x225.jpg",300,225,true],"large":["https:\/\/arantv.az\/wp-content\/uploads\/2019\/10\/796692.jpg",640,480,false],"1536x1536":["https:\/\/arantv.az\/wp-content\/uploads\/2019\/10\/796692.jpg",800,600,false],"2048x2048":["https:\/\/arantv.az\/wp-content\/uploads\/2019\/10\/796692.jpg",800,600,false],"post-thumbnail":["https:\/\/arantv.az\/wp-content\/uploads\/2019\/10\/796692-240x172.jpg",240,172,true],"advps-thumb-one":["https:\/\/arantv.az\/wp-content\/uploads\/2019\/10\/796692.jpg",800,600,false]},"rttpg_author":{"display_name":"V\u00fcsal Rafiqo\u011flu","author_link":"https:\/\/arantv.az\/?author=2"},"rttpg_comment":0,"rttpg_category":"<a href=\"https:\/\/arantv.az\/?cat=19\" rel=\"category\">G\u00fcnd\u0259m<\/a>","rttpg_excerpt":"B\u0259rpa olunan enerji m\u0259nb\u0259l\u0259rinin f\u0259al istifad\u0259 olunmas\u0131 bu g\u00fcn qar\u015f\u0131da duran \u0259n m\u00fch\u00fcm v\u0259zif\u0259l\u0259rd\u0259ndir. ARANTV.AZ\u00a0\u00a0Trend-\u0259 istinad\u0259n x\u0259b\u0259r verir ki, bunu Az\u0259rbaycan\u0131n Energetika naziri P\u0259rviz \u015eahbazov bu g\u00fcn Bak\u0131da Energetika Nazirliyi v\u0259 Enerji Xartiyas\u0131 Katibliyinin birg\u0259 t\u0259\u015fkilat\u00e7\u0131l\u0131\u011f\u0131 il\u0259 &#8220;Texnologiya v\u0259 siyas\u0259t innovasiyalar\u0131 vasit\u0259sil\u0259 enerji ke\u00e7idinin t\u0259min edilm\u0259si&#8221; m\u00f6vzusuna h\u0259sr edil\u0259n Beyn\u0259lxalq Enerji Xartiyas\u0131 Forumunun a\u00e7\u0131l\u0131\u015f\u0131nda bildirib.&hellip;","_links":{"self":[{"href":"https:\/\/arantv.az\/index.php?rest_route=\/wp\/v2\/posts\/88590"}],"collection":[{"href":"https:\/\/arantv.az\/index.php?rest_route=\/wp\/v2\/posts"}],"about":[{"href":"https:\/\/arantv.az\/index.php?rest_route=\/wp\/v2\/types\/post"}],"author":[{"embeddable":true,"href":"https:\/\/arantv.az\/index.php?rest_route=\/wp\/v2\/users\/2"}],"replies":[{"embeddable":true,"href":"https:\/\/arantv.az\/index.php?rest_route=%2Fwp%2Fv2%2Fcomments&post=88590"}],"version-history":[{"count":0,"href":"https:\/\/arantv.az\/index.php?rest_route=\/wp\/v2\/posts\/88590\/revisions"}],"wp:featuredmedia":[{"embeddable":true,"href":"https:\/\/arantv.az\/index.php?rest_route=\/wp\/v2\/media\/88591"}],"wp:attachment":[{"href":"https:\/\/arantv.az\/index.php?rest_route=%2Fwp%2Fv2%2Fmedia&parent=88590"}],"wp:term":[{"taxonomy":"category","embeddable":true,"href":"https:\/\/arantv.az\/index.php?rest_route=%2Fwp%2Fv2%2Fcategories&post=88590"},{"taxonomy":"post_tag","embeddable":true,"href":"https:\/\/arantv.az\/index.php?rest_route=%2Fwp%2Fv2%2Ftags&post=88590"}],"curies":[{"name":"wp","href":"https:\/\/api.w.org\/{rel}","templated":true}]}}