{"id":88598,"date":"2019-10-24T09:59:10","date_gmt":"2019-10-24T06:59:10","guid":{"rendered":"http:\/\/arantv.az\/?p=88598"},"modified":"2019-10-24T09:59:10","modified_gmt":"2019-10-24T06:59:10","slug":"prezident-x%c9%99b%c9%99rdarliq-etdi-bu-isl%c9%99r%c9%99-bas-qosmayin","status":"publish","type":"post","link":"https:\/\/arantv.az\/?p=88598","title":{"rendered":"Prezident x\u0259b\u0259rdarl\u0131q etdi: \u201cBu i\u015fl\u0259r\u0259 ba\u015f qo\u015fmay\u0131n\u201d"},"content":{"rendered":"<p>Oktyabr\u0131n 23-d\u0259 Prezident \u0130lham \u018fliyev Mikay\u0131l Cabbarovu yeni v\u0259zif\u0259y\u0259 &#8211; \u0130qtisadiyyat naziri t\u0259yin olunmas\u0131 il\u0259 \u0259laq\u0259dar q\u0259bul edib.<\/p>\n<p>Prezident q\u0259bulda deyib ki, Az\u0259rbaycan iqtisadiyyat\u0131n\u0131n bundan sonra qeyri-neft sektoru hesab\u0131na inki\u015faf\u0131 \u0259sas prioritetdir.<\/p>\n<p>\u00d6lk\u0259 ba\u015f\u00e7\u0131s\u0131 Az\u0259rbaycan\u0131n iqtisadi sah\u0259d\u0259 qazand\u0131\u011f\u0131 nailiyy\u0259tl\u0259r bar\u0259d\u0259 dan\u0131\u015f\u0131b. O, eyni zamanda, kadr islahatlar\u0131n\u0131n davam ed\u0259c\u0259yi anonsunu da verib.<\/p>\n<div id=\"AdviadNativeVideo0\" class=\"AdviadNativeVideo\"><\/div>\n<p>\u201c\u0130slahatlara alternativ yoxdur. M\u0259n yeni iqtisadi model haqq\u0131nda \u00f6z andi\u00e7m\u0259 m\u0259rasimimd\u0259 fikirl\u0259rimi ifad\u0259 etmi\u015f\u0259m. \u018fsas konturlar o vaxt m\u00fc\u0259yy\u0259n olunub. Ondan sonra apar\u0131lan islahatlar, o c\u00fcml\u0259d\u0259n, kadr islahatlar\u0131 bu m\u0259qs\u0259di g\u00fcd\u00fcr.<\/p>\n<p>Kadr islahatlar\u0131 lab\u00fcdd\u00fcr, bu, qa\u00e7\u0131lmazd\u0131r. \u00c7\u00fcnki m\u0259n bunu demi\u015f\u0259m, biz XXI \u0259srd\u0259 k\u00f6hn\u0259 t\u0259f\u0259kk\u00fcrl\u0259 u\u011furlara imza ata bilm\u0259rik. \u018flb\u0259tt\u0259, yeni, savadl\u0131, bilikli, m\u00fcasir kadrlar, ilk n\u00f6vb\u0259d\u0259, V\u0259t\u0259n\u0259 ba\u011fl\u0131 olmal\u0131d\u0131rlar, h\u0259r hans\u0131 bir xarici t\u0259sird\u0259n azad olmal\u0131d\u0131rlar v\u0259 v\u0259t\u0259np\u0259rv\u0259r olmal\u0131d\u0131rlar ki, V\u0259t\u0259nin inki\u015faf\u0131 \u00fc\u00e7\u00fcn \u00f6z s\u0259yl\u0259rini g\u00f6st\u0259r\u0259 bilsinl\u0259r\u201d, &#8211; dey\u0259 Prezident bildirib.<\/p>\n<p>\u00d6lk\u0259 ba\u015f\u00e7\u0131s\u0131 \u00e7\u0131x\u0131\u015f\u0131nda k\u00f6lg\u0259 iqtisadiyyat\u0131na da diqq\u0259t \u00e7\u0259kib. Bildirib ki, bu ilin doqquz\u00a0ay\u0131nda 100 mind\u0259n \u00e7ox \u0259m\u0259k m\u00fcqavil\u0259si qeydiyyata al\u0131n\u0131b.<\/p>\n<p>\u201cY\u0259ni\u00a0bu y\u00fcz min insan k\u00f6lg\u0259 iqtisadiyyat\u0131nda f\u0259aliyy\u0259t g\u00f6st\u0259rirdi. Onlar z\u0259rfl\u0259rd\u0259 maa\u015f al\u0131rd\u0131lar. B\u0259zi hallarda onlara yaz\u0131lan a\u015fa\u011f\u0131 maa\u015f reall\u0131\u011f\u0131 \u0259ks etdirmirdi. Bu, bizim iqtisadiyyat\u0131m\u0131z\u0131 t\u0259hl\u00fck\u0259 alt\u0131na qoyur\u201d, &#8211; dey\u0259n Prezident i\u015f\u0259g\u00f6t\u00fcr\u0259nl\u0259r\u0259 d\u0259 x\u0259b\u0259rdarl\u0131q edib:<\/p>\n<p>\u201cBir d\u0259 ki, bu insanlar g\u0259l\u0259c\u0259kd\u0259 pensiyaya \u00e7\u0131xacaqlar. B\u0259s onlar\u0131n pensiya haqq\u0131 n\u0259yin hesab\u0131na hesablanacaq? Ona g\u00f6r\u0259 m\u0259n, o c\u00fcml\u0259d\u0259n, muzdla i\u015fl\u0259y\u0259n v\u0259t\u0259nda\u015flara da \u00fcz tutub deyir\u0259m: bu i\u015fl\u0259r\u0259 ba\u015f qo\u015fmay\u0131n.<\/p>\n<p>\u018fg\u0259r hans\u0131sa sahibkar siz\u0259 tutaq ki, 500 manat maa\u015f verirs\u0259 v\u0259 onun 250 manat\u0131n\u0131 r\u0259smi qaydada verirs\u0259, siz buna raz\u0131 olmay\u0131n. \u00c7\u00fcnki sabah pensiya almayacaqs\u0131n\u0131z. Sosial s\u0131\u011forta problemi olacaq. Biz indi icbari tibbi s\u0131\u011fortaya ke\u00e7irik. Orada da problem yaranacaq. \u018flb\u0259tt\u0259 ki, burada n\u0259zar\u0259t daha g\u00fccl\u00fc olmal\u0131d\u0131r\u201d.<\/p>\n<p>2019-cu il sentyabr\u0131n 1-i v\u0259ziyy\u0259tin\u0259 \u00f6lk\u0259 iqtisadiyyat\u0131nda muzdla \u00e7al\u0131\u015fan i\u015f\u00e7il\u0259rin say\u0131 \u00f6t\u0259n ilin eyni d\u00f6vr\u00fc il\u0259 m\u00fcqayis\u0259d\u0259 4,6 faiz artaraq 1 milyon 611 min 100 n\u0259f\u0259r\u0259 \u00e7at\u0131b.<\/p>\n<p>Bu bar\u0259d\u0259 D\u00f6vl\u0259t Statistika Komit\u0259sinin m\u0259lumat\u0131nda bildirilib.<\/p>\n<p>Muzdla i\u015fl\u0259y\u0259nl\u0259rin 899 min n\u0259f\u0259ri iqtisadiyyat\u0131n d\u00f6vl\u0259t sektorunda, 712 min 100 n\u0259f\u0259ri is\u0259 qeyri-d\u00f6vl\u0259t sektorunda f\u0259aliyy\u0259t g\u00f6st\u0259rib.<\/p>\n<p>2019-cu ilin yanvar-avqust aylar\u0131nda \u00f6lk\u0259 iqtisadiyyat\u0131nda muzdla \u00e7al\u0131\u015fan i\u015f\u00e7il\u0259rin orta ayl\u0131q nominal \u0259m\u0259khaqq\u0131 \u0259vv\u0259lki ilin m\u00fcvafiq d\u00f6vr\u00fcn\u0259 nisb\u0259t\u0259n 8,9 faiz artaraq 589,3 manat olub.<\/p>\n<p>D\u00f6vl\u0259t ba\u015f\u00e7\u0131s\u0131n\u0131n ba\u015f\u00e7\u0131s\u0131 sahibkarlara v\u0259 muzdla i\u015fl\u0259y\u0259nl\u0259r\u0259 m\u00fcraci\u0259ti \u00f6lk\u0259d\u0259 iqtisadiyyat\u0131n daha da inki\u015faf etdirilm\u0259sin\u0259 y\u00f6n\u0259lib.<\/p>\n<p>\u201c2018-2020-ci ill\u0259rd\u0259 Az\u0259rbaycan Respublikas\u0131nda r\u0259q\u0259msal \u00f6d\u0259ni\u015fl\u0259rin geni\u015fl\u0259ndirilm\u0259si \u00fczr\u0259 D\u00f6vl\u0259t Proqram\u0131n\u201dda g\u00f6st\u0259rilib ki, \u00f6lk\u0259d\u0259 b\u00fct\u00fcn vergi \u00f6d\u0259yicil\u0259rinin \u201cVahid M\u00fchasibatl\u0131q Sistemi\u201dn\u0259 ke\u00e7idi imkanlar\u0131 t\u0259hlil olunmal\u0131d\u0131r.<\/p>\n<p>Bundan sonra is\u0259 elektron m\u00fchasibatl\u0131\u011f\u0131n t\u0259tbiqinin geni\u015fl\u0259ndirilm\u0259si t\u0259\u015fviq edilir. Ki\u00e7ik v\u0259 orta \u00f6l\u00e7\u00fcl\u00fc \u015firk\u0259tl\u0259rin yeni m\u00fchasibatl\u0131q sistemin\u0259 rahat ke\u00e7idini t\u0259min etm\u0259k \u00fc\u00e7\u00fcn m\u0259rh\u0259l\u0259li miqrasiya plan\u0131 haz\u0131rlan\u0131r.<\/p>\n<p>Bu prosesin ba\u015flanmas\u0131 il\u0259 Az\u0259rbaycanda beyn\u0259lxalq m\u00fchasibat u\u00e7otu standartlar\u0131na ke\u00e7id ya\u015fan\u0131r.<\/p>\n<p>Az\u0259rbaycan Prezidentinin h\u0259yata ke\u00e7irdiyi islahatlar dayan\u0131ql\u0131 iqtisadi inki\u015faf\u0131n, \u00f6lk\u0259d\u0259 \u015f\u0259ffafl\u0131\u011f\u0131n, \u0259lveri\u015fli biznes m\u00fchitinin t\u0259min edilm\u0259si, inki\u015faf\u0131 \u0259ng\u0259ll\u0259y\u0259n neqativ hallar\u0131n aradan qald\u0131r\u0131lmas\u0131 m\u0259qs\u0259dini da\u015f\u0131y\u0131r.<\/p>\n<p>\u00d6lk\u0259 \u0259halisi d\u0259 Az\u0259rbaycan Prezidentinin h\u0259yata ke\u00e7irdiyi islahatlar\u0131 d\u0259st\u0259kl\u0259yir. Sosial T\u0259dqiqatlar M\u0259rk\u0259zinin hesabat\u0131nda bildirilir ki, Sosial T\u0259dqiqatlar M\u0259rk\u0259zinin (STM) \u201cPrezidentin sosial v\u0259 kadr islahatlar\u0131 ictimai r\u0259yd\u0259\u201d adl\u0131 hesabat\u0131 a\u00e7\u0131qlan\u0131b.<\/p>\n<p>\u0130ctimai r\u0259y sor\u011fusunda \u00fcmumilikd\u0259 1212 n\u0259f\u0259r i\u015ftirak edib. \u00dcmumi g\u00f6t\u00fcrd\u00fckd\u0259 sor\u011fuya c\u0259lb edil\u0259nl\u0259r aras\u0131nda islahatlar\u0131n u\u011furlu olaca\u011f\u0131na inananlar \u00fcst\u00fcnl\u00fck t\u0259\u015fkil edir.<\/p>\n<p>Burada daha b\u00f6y\u00fck islahatlar\u0131n, d\u00f6vl\u0259t t\u0259r\u0259find\u0259n \u0259halinin rifah\u0131n\u0131n yax\u015f\u0131la\u015fd\u0131r\u0131lmas\u0131 \u00fc\u00e7\u00fcn h\u0259yata ke\u00e7iril\u0259n t\u0259dbirl\u0259rin m\u00fcsb\u0259t m\u0259nada \u00e7ox t\u0259siri var.<\/p>\n","protected":false},"excerpt":{"rendered":"<p>Oktyabr\u0131n 23-d\u0259 Prezident \u0130lham \u018fliyev Mikay\u0131l Cabbarovu yeni v\u0259zif\u0259y\u0259 &#8211; \u0130qtisadiyyat naziri t\u0259yin olunmas\u0131 il\u0259 \u0259laq\u0259dar q\u0259bul edib. Prezident q\u0259bulda deyib ki, Az\u0259rbaycan iqtisadiyyat\u0131n\u0131n bundan sonra qeyri-neft sektoru hesab\u0131na inki\u015faf\u0131 \u0259sas prioritetdir. \u00d6lk\u0259 ba\u015f\u00e7\u0131s\u0131 Az\u0259rbaycan\u0131n iqtisadi sah\u0259d\u0259 qazand\u0131\u011f\u0131 nailiyy\u0259tl\u0259r bar\u0259d\u0259 dan\u0131\u015f\u0131b. O, eyni zamanda, kadr islahatlar\u0131n\u0131n davam ed\u0259c\u0259yi anonsunu da verib. \u201c\u0130slahatlara alternativ yoxdur. M\u0259n yeni iqtisadi model haqq\u0131nda \u00f6z andi\u00e7m\u0259 m\u0259rasimimd\u0259 fikirl\u0259rimi ifad\u0259 etmi\u015f\u0259m. \u018fsas konturlar o vaxt m\u00fc\u0259yy\u0259n olunub. Ondan sonra apar\u0131lan islahatlar, o c\u00fcml\u0259d\u0259n, kadr islahatlar\u0131 bu m\u0259qs\u0259di g\u00fcd\u00fcr. Kadr islahatlar\u0131 lab\u00fcdd\u00fcr, bu, qa\u00e7\u0131lmazd\u0131r. \u00c7\u00fcnki m\u0259n bunu&hellip;<\/p>\n","protected":false},"author":2,"featured_media":88599,"comment_status":"closed","ping_status":"closed","sticky":false,"template":"","format":"standard","meta":{"om_disable_all_campaigns":false,"_monsterinsights_skip_tracking":false,"_monsterinsights_sitenote_active":false,"_monsterinsights_sitenote_note":"","_monsterinsights_sitenote_category":0},"categories":[19],"tags":[],"aioseo_notices":[],"gutentor_comment":0,"rttpg_featured_image_url":{"full":["https:\/\/arantv.az\/wp-content\/uploads\/2019\/10\/15718321253037863762_1000x669.jpg",620,427,false],"landscape":["https:\/\/arantv.az\/wp-content\/uploads\/2019\/10\/15718321253037863762_1000x669.jpg",620,427,false],"portraits":["https:\/\/arantv.az\/wp-content\/uploads\/2019\/10\/15718321253037863762_1000x669.jpg",620,427,false],"thumbnail":["https:\/\/arantv.az\/wp-content\/uploads\/2019\/10\/15718321253037863762_1000x669-150x150.jpg",150,150,true],"medium":["https:\/\/arantv.az\/wp-content\/uploads\/2019\/10\/15718321253037863762_1000x669-300x207.jpg",300,207,true],"large":["https:\/\/arantv.az\/wp-content\/uploads\/2019\/10\/15718321253037863762_1000x669.jpg",620,427,false],"1536x1536":["https:\/\/arantv.az\/wp-content\/uploads\/2019\/10\/15718321253037863762_1000x669.jpg",620,427,false],"2048x2048":["https:\/\/arantv.az\/wp-content\/uploads\/2019\/10\/15718321253037863762_1000x669.jpg",620,427,false],"post-thumbnail":["https:\/\/arantv.az\/wp-content\/uploads\/2019\/10\/15718321253037863762_1000x669-240x172.jpg",240,172,true],"advps-thumb-one":["https:\/\/arantv.az\/wp-content\/uploads\/2019\/10\/15718321253037863762_1000x669.jpg",620,427,false]},"rttpg_author":{"display_name":"V\u00fcsal Rafiqo\u011flu","author_link":"https:\/\/arantv.az\/?author=2"},"rttpg_comment":0,"rttpg_category":"<a href=\"https:\/\/arantv.az\/?cat=19\" rel=\"category\">G\u00fcnd\u0259m<\/a>","rttpg_excerpt":"Oktyabr\u0131n 23-d\u0259 Prezident \u0130lham \u018fliyev Mikay\u0131l Cabbarovu yeni v\u0259zif\u0259y\u0259 &#8211; \u0130qtisadiyyat naziri t\u0259yin olunmas\u0131 il\u0259 \u0259laq\u0259dar q\u0259bul edib. Prezident q\u0259bulda deyib ki, Az\u0259rbaycan iqtisadiyyat\u0131n\u0131n bundan sonra qeyri-neft sektoru hesab\u0131na inki\u015faf\u0131 \u0259sas prioritetdir. \u00d6lk\u0259 ba\u015f\u00e7\u0131s\u0131 Az\u0259rbaycan\u0131n iqtisadi sah\u0259d\u0259 qazand\u0131\u011f\u0131 nailiyy\u0259tl\u0259r bar\u0259d\u0259 dan\u0131\u015f\u0131b. O, eyni zamanda, kadr islahatlar\u0131n\u0131n davam ed\u0259c\u0259yi anonsunu da verib. \u201c\u0130slahatlara alternativ yoxdur. M\u0259n&hellip;","_links":{"self":[{"href":"https:\/\/arantv.az\/index.php?rest_route=\/wp\/v2\/posts\/88598"}],"collection":[{"href":"https:\/\/arantv.az\/index.php?rest_route=\/wp\/v2\/posts"}],"about":[{"href":"https:\/\/arantv.az\/index.php?rest_route=\/wp\/v2\/types\/post"}],"author":[{"embeddable":true,"href":"https:\/\/arantv.az\/index.php?rest_route=\/wp\/v2\/users\/2"}],"replies":[{"embeddable":true,"href":"https:\/\/arantv.az\/index.php?rest_route=%2Fwp%2Fv2%2Fcomments&post=88598"}],"version-history":[{"count":0,"href":"https:\/\/arantv.az\/index.php?rest_route=\/wp\/v2\/posts\/88598\/revisions"}],"wp:featuredmedia":[{"embeddable":true,"href":"https:\/\/arantv.az\/index.php?rest_route=\/wp\/v2\/media\/88599"}],"wp:attachment":[{"href":"https:\/\/arantv.az\/index.php?rest_route=%2Fwp%2Fv2%2Fmedia&parent=88598"}],"wp:term":[{"taxonomy":"category","embeddable":true,"href":"https:\/\/arantv.az\/index.php?rest_route=%2Fwp%2Fv2%2Fcategories&post=88598"},{"taxonomy":"post_tag","embeddable":true,"href":"https:\/\/arantv.az\/index.php?rest_route=%2Fwp%2Fv2%2Ftags&post=88598"}],"curies":[{"name":"wp","href":"https:\/\/api.w.org\/{rel}","templated":true}]}}