{"id":88602,"date":"2019-10-24T10:00:30","date_gmt":"2019-10-24T07:00:30","guid":{"rendered":"http:\/\/arantv.az\/?p=88602"},"modified":"2019-10-24T10:00:30","modified_gmt":"2019-10-24T07:00:30","slug":"qarabag-bakida-kipr-cempionundan-qisas-ala-bil%c9%99c%c9%99kmi","status":"publish","type":"post","link":"https:\/\/arantv.az\/?p=88602","title":{"rendered":"\u201cQaraba\u011f\u201d Bak\u0131da Kipr \u00e7empionundan qisas ala bil\u0259c\u0259kmi?"},"content":{"rendered":"<p>Az\u0259rbaycan \u00e7empionu \u201cQaraba\u011f\u201d bu g\u00fcn UEFA Avropa Liqas\u0131n\u0131n qrup m\u0259rh\u0259l\u0259si \u00e7\u0259r\u00e7iv\u0259sind\u0259 n\u00f6vb\u0259ti mat\u00e7\u0131na \u00e7\u0131xacaq.<\/p>\n<p><strong>ARANTV.AZ\u00a0<\/strong>\u00a0x\u0259b\u0259r verir ki, A\u011fdam klubu qrup m\u0259rh\u0259l\u0259sinin III turunda Kiprin APOEL klubu il\u0259 g\u00f6r\u00fc\u015f\u0259c\u0259k.<\/p>\n<p>Bak\u0131da ba\u015f tutacaq g\u00f6r\u00fc\u015f h\u0259m d\u0259 revan\u015f xarakteri da\u015f\u0131y\u0131r. \u201cQaraba\u011f\u201d cari m\u00f6vs\u00fcm \u00c7empionlar Liqas\u0131 il\u0259 m\u0259hz APOEL-\u0259 uduzaraq (2:1, 0:2) vidala\u015fm\u0131\u015fd\u0131.<\/p>\n<div id=\"AdviadNativeVideo0\" class=\"AdviadNativeVideo\"><\/div>\n<p>Bu \u00fczd\u0259n avrokuboklar tarixind\u0259 ilk d\u0259f\u0259 Az\u0259rbaycan klubu eyni m\u00f6vs\u00fcmd\u0259 bir r\u0259qibl\u0259 \u00fc\u00e7\u00fcnc\u00fc d\u0259f\u0259 g\u00f6r\u00fc\u015f\u0259c\u0259k. Bu da evd\u0259 al\u0131nan 0:2 hesabl\u0131 m\u0259\u011flubiyy\u0259tin \u0259v\u0259zini \u00e7\u0131xmaq \u00fc\u00e7\u00fcn imkan yarad\u0131r. Bu mat\u00e7da komandam\u0131z stadiondan tam d\u0259st\u0259k alacaq. \u00c7\u00fcnki arena tam dolu olacaq.<\/p>\n<p><strong>A qrupu<\/strong><\/p>\n<p><strong>20:55 \u201cQaraba\u011f\u201d (Az\u0259rbaycan) \u2013 APOEL (Kipr)<br \/>\nBa\u015f hakim: Filip Qlova (Slovakiya)<br \/>\nBak\u0131. Tofiq B\u0259hramov ad\u0131na Respublika stadionu<\/strong><\/p>\n<p>Qeyd ed\u0259k ki, qrupun dig\u0259r g\u00f6r\u00fc\u015f\u00fcnd\u0259 \u201cSevilya\u201d \u0130spaniyada L\u00fcksemburqun \u201cD\u00fcdlanj\u201d klubunu q\u0259bul ed\u0259c\u0259k.oxu.az<\/p>\n","protected":false},"excerpt":{"rendered":"<p>Az\u0259rbaycan \u00e7empionu \u201cQaraba\u011f\u201d bu g\u00fcn UEFA Avropa Liqas\u0131n\u0131n qrup m\u0259rh\u0259l\u0259si \u00e7\u0259r\u00e7iv\u0259sind\u0259 n\u00f6vb\u0259ti mat\u00e7\u0131na \u00e7\u0131xacaq. ARANTV.AZ\u00a0\u00a0x\u0259b\u0259r verir ki, A\u011fdam klubu qrup m\u0259rh\u0259l\u0259sinin III turunda Kiprin APOEL klubu il\u0259 g\u00f6r\u00fc\u015f\u0259c\u0259k. Bak\u0131da ba\u015f tutacaq g\u00f6r\u00fc\u015f h\u0259m d\u0259 revan\u015f xarakteri da\u015f\u0131y\u0131r. \u201cQaraba\u011f\u201d cari m\u00f6vs\u00fcm \u00c7empionlar Liqas\u0131 il\u0259 m\u0259hz APOEL-\u0259 uduzaraq (2:1, 0:2) vidala\u015fm\u0131\u015fd\u0131. Bu \u00fczd\u0259n avrokuboklar tarixind\u0259 ilk d\u0259f\u0259 Az\u0259rbaycan klubu eyni m\u00f6vs\u00fcmd\u0259 bir r\u0259qibl\u0259 \u00fc\u00e7\u00fcnc\u00fc d\u0259f\u0259 g\u00f6r\u00fc\u015f\u0259c\u0259k. Bu da evd\u0259 al\u0131nan 0:2 hesabl\u0131 m\u0259\u011flubiyy\u0259tin \u0259v\u0259zini \u00e7\u0131xmaq \u00fc\u00e7\u00fcn imkan yarad\u0131r. Bu mat\u00e7da komandam\u0131z stadiondan tam d\u0259st\u0259k alacaq. \u00c7\u00fcnki arena tam dolu olacaq. A qrupu&hellip;<\/p>\n","protected":false},"author":2,"featured_media":88603,"comment_status":"closed","ping_status":"closed","sticky":false,"template":"","format":"standard","meta":{"om_disable_all_campaigns":false,"_monsterinsights_skip_tracking":false,"_monsterinsights_sitenote_active":false,"_monsterinsights_sitenote_note":"","_monsterinsights_sitenote_category":0},"categories":[6],"tags":[],"aioseo_notices":[],"gutentor_comment":0,"rttpg_featured_image_url":{"full":["https:\/\/arantv.az\/wp-content\/uploads\/2019\/10\/EBT4TTqWsAAxwmF.jpg",620,433,false],"landscape":["https:\/\/arantv.az\/wp-content\/uploads\/2019\/10\/EBT4TTqWsAAxwmF.jpg",620,433,false],"portraits":["https:\/\/arantv.az\/wp-content\/uploads\/2019\/10\/EBT4TTqWsAAxwmF.jpg",620,433,false],"thumbnail":["https:\/\/arantv.az\/wp-content\/uploads\/2019\/10\/EBT4TTqWsAAxwmF-150x150.jpg",150,150,true],"medium":["https:\/\/arantv.az\/wp-content\/uploads\/2019\/10\/EBT4TTqWsAAxwmF-300x210.jpg",300,210,true],"large":["https:\/\/arantv.az\/wp-content\/uploads\/2019\/10\/EBT4TTqWsAAxwmF.jpg",620,433,false],"1536x1536":["https:\/\/arantv.az\/wp-content\/uploads\/2019\/10\/EBT4TTqWsAAxwmF.jpg",620,433,false],"2048x2048":["https:\/\/arantv.az\/wp-content\/uploads\/2019\/10\/EBT4TTqWsAAxwmF.jpg",620,433,false],"post-thumbnail":["https:\/\/arantv.az\/wp-content\/uploads\/2019\/10\/EBT4TTqWsAAxwmF-240x172.jpg",240,172,true],"advps-thumb-one":["https:\/\/arantv.az\/wp-content\/uploads\/2019\/10\/EBT4TTqWsAAxwmF.jpg",620,433,false]},"rttpg_author":{"display_name":"V\u00fcsal Rafiqo\u011flu","author_link":"https:\/\/arantv.az\/?author=2"},"rttpg_comment":0,"rttpg_category":"<a href=\"https:\/\/arantv.az\/?cat=6\" rel=\"category\">\u0130dman<\/a>","rttpg_excerpt":"Az\u0259rbaycan \u00e7empionu \u201cQaraba\u011f\u201d bu g\u00fcn UEFA Avropa Liqas\u0131n\u0131n qrup m\u0259rh\u0259l\u0259si \u00e7\u0259r\u00e7iv\u0259sind\u0259 n\u00f6vb\u0259ti mat\u00e7\u0131na \u00e7\u0131xacaq. ARANTV.AZ\u00a0\u00a0x\u0259b\u0259r verir ki, A\u011fdam klubu qrup m\u0259rh\u0259l\u0259sinin III turunda Kiprin APOEL klubu il\u0259 g\u00f6r\u00fc\u015f\u0259c\u0259k. Bak\u0131da ba\u015f tutacaq g\u00f6r\u00fc\u015f h\u0259m d\u0259 revan\u015f xarakteri da\u015f\u0131y\u0131r. \u201cQaraba\u011f\u201d cari m\u00f6vs\u00fcm \u00c7empionlar Liqas\u0131 il\u0259 m\u0259hz APOEL-\u0259 uduzaraq (2:1, 0:2) vidala\u015fm\u0131\u015fd\u0131. Bu \u00fczd\u0259n avrokuboklar tarixind\u0259 ilk d\u0259f\u0259&hellip;","_links":{"self":[{"href":"https:\/\/arantv.az\/index.php?rest_route=\/wp\/v2\/posts\/88602"}],"collection":[{"href":"https:\/\/arantv.az\/index.php?rest_route=\/wp\/v2\/posts"}],"about":[{"href":"https:\/\/arantv.az\/index.php?rest_route=\/wp\/v2\/types\/post"}],"author":[{"embeddable":true,"href":"https:\/\/arantv.az\/index.php?rest_route=\/wp\/v2\/users\/2"}],"replies":[{"embeddable":true,"href":"https:\/\/arantv.az\/index.php?rest_route=%2Fwp%2Fv2%2Fcomments&post=88602"}],"version-history":[{"count":0,"href":"https:\/\/arantv.az\/index.php?rest_route=\/wp\/v2\/posts\/88602\/revisions"}],"wp:featuredmedia":[{"embeddable":true,"href":"https:\/\/arantv.az\/index.php?rest_route=\/wp\/v2\/media\/88603"}],"wp:attachment":[{"href":"https:\/\/arantv.az\/index.php?rest_route=%2Fwp%2Fv2%2Fmedia&parent=88602"}],"wp:term":[{"taxonomy":"category","embeddable":true,"href":"https:\/\/arantv.az\/index.php?rest_route=%2Fwp%2Fv2%2Fcategories&post=88602"},{"taxonomy":"post_tag","embeddable":true,"href":"https:\/\/arantv.az\/index.php?rest_route=%2Fwp%2Fv2%2Ftags&post=88602"}],"curies":[{"name":"wp","href":"https:\/\/api.w.org\/{rel}","templated":true}]}}