{"id":88667,"date":"2019-10-24T11:13:49","date_gmt":"2019-10-24T08:13:49","guid":{"rendered":"http:\/\/arantv.az\/?p=88667"},"modified":"2019-10-24T11:13:49","modified_gmt":"2019-10-24T08:13:49","slug":"millimiz-teymur-r%c9%99c%c9%99bovsuz-qalib-amma-dorduncu-d%c9%99f%c9%99-avropa-cempionu-ola-bil%c9%99rik","status":"publish","type":"post","link":"https:\/\/arantv.az\/?p=88667","title":{"rendered":"Millimiz Teymur R\u0259c\u0259bovsuz qal\u0131b: Amma d\u00f6rd\u00fcnc\u00fc d\u0259f\u0259 Avropa \u00e7empionu ola bil\u0259rik"},"content":{"rendered":"<p>Bu g\u00fcn G\u00fcrc\u00fcstan\u0131n Batumi \u015f\u0259h\u0259rind\u0259 ki\u015fi v\u0259 qad\u0131nlar komandalar aras\u0131nda XXII Avropa \u00e7empionat\u0131 start g\u00f6t\u00fcr\u00fcr.<\/p>\n<p><strong>ARANTV.AZ\u00a0<\/strong>\u00a0x\u0259b\u0259r verir ki, ki\u015fil\u0259rd\u0259n ibar\u0259t millimizin hey\u0259tind\u0259 g\u00f6zl\u0259nilm\u0259z ayr\u0131l\u0131q ba\u015f verib.<\/p>\n<p>Bir ne\u00e7\u0259 g\u00fcn \u00f6nc\u0259 D\u00fcnya Kubokundak\u0131 yor\u011funluqla \u0259laq\u0259dar olaraq Avropa \u00e7empionat\u0131na qat\u0131lmayaca\u011f\u0131n\u0131 a\u00e7\u0131qlayan Teymur R\u0259c\u0259bovun yerin\u0259 Men adas\u0131nda u\u011furlu \u00e7\u0131x\u0131\u015f etmi\u015f Nicat Abbasov hey\u0259t\u0259 daxil edils\u0259 d\u0259, o da millid\u0259n imtina edib.<\/p>\n<div id=\"AdviadNativeVideo0\" class=\"AdviadNativeVideo\"><\/div>\n<p>Bu bar\u0259d\u0259 m\u0259lumat\u0131 komandam\u0131z\u0131n lideri \u015e\u0259hriyar M\u0259mm\u0259dyarov sosial \u015f\u0259b\u0259k\u0259l\u0259rd\u0259 verib:<\/p>\n<p>\u201cMilli komandam\u0131z\u0131n kapitan\u0131 Eltac S\u0259f\u0259rli h\u0259m d\u0259 oyun\u00e7u kimi oynayacaq. Nicat Abbasov yor\u011funluq s\u0259b\u0259bi il\u0259 oynaya bilm\u0259y\u0259c\u0259k. Komandaya xo\u015f g\u0259lmis\u0259n, Eltac! Oynayan kapitan\u0131m\u0131z\u201d.<\/p>\n<p>Bel\u0259likl\u0259, ki\u015fi komandam\u0131z bu hey\u0259tl\u0259 m\u00fcbariz\u0259 aparacaq: \u015e\u0259hriyar M\u0259mm\u0259dyarov, Arkadi Naydi\u00e7, Rauf M\u0259mm\u0259dov, Q\u0259dir H\u00fcseynov, Eltac S\u0259f\u0259rli. Komandam\u0131z\u0131n kapitan\u0131 is\u0259\u00a0 Fikr\u0259t Sideyifzad\u0259 olacaq. O, h\u0259m\u00e7inin, qad\u0131nlardan ibar\u0259t y\u0131\u011fmam\u0131z\u0131n da kapitan\u0131 olaraq \u00e7\u0131x\u0131\u015f ed\u0259c\u0259k.<\/p>\n<p>Xat\u0131rladaq ki, y\u0131\u011fmam\u0131z haz\u0131rk\u0131 Avropa \u00e7empionudur. \u00dcmumilikd\u0259 is\u0259 millimiz Avropa \u00e7empionat\u0131n\u0131n \u00fc\u00e7 d\u0259f\u0259 q\u0131z\u0131l, bir d\u0259f\u0259 g\u00fcm\u00fc\u015f v\u0259 bir d\u0259f\u0259 d\u0259 b\u00fcr\u00fcnc medallar\u0131n\u0131n sahibi olub. El\u0259 bu d\u0259f\u0259 d\u0259 komandam\u0131z\u0131n medal qazanmaq, h\u0259tta \u00e7empion olmaq \u015fanslar\u0131 az deyil.<\/p>\n<p>Maqnus Karlsen (Norve\u00e7), Sergey Karyakin (Rusiya), Maksim Va\u015fye-Laqrav (Fransa), Levon Aronyan (Erm\u0259nistan) kimi g\u00fccl\u00fc \u015fahmat\u00e7\u0131lar\u0131n yar\u0131\u015fmad\u0131\u011f\u0131 Avropa \u00e7empionat\u0131ndan medalla qay\u0131tmaq m\u00fcmk\u00fcnd\u00fcr.<\/p>\n<p>Ki\u015fil\u0259rin yar\u0131\u015f\u0131nda 40 komanda i\u015ftirak edir. Az\u0259rbaycan 2679 reytinq xal\u0131 il\u0259 IV s\u0131radad\u0131r. \u0130lk \u00fc\u00e7 s\u0131ra Rusiya, \u0130ngilt\u0259r\u0259 v\u0259 Pol\u015faya m\u0259xsusdur.<\/p>\n<p>Qad\u0131nlar\u0131n yar\u0131\u015f\u0131nda is\u0259 Az\u0259rbaycan 32 i\u015ftirak\u00e7\u0131 \u00f6lk\u0259 aras\u0131nda V s\u0131rada q\u0259rarla\u015f\u0131b. 2383 xal\u0131 olan qad\u0131n millimizi yaln\u0131z Rusiya, G\u00fcrc\u00fcstan, Ukrayna v\u0259 Pol\u015fa qabaqlay\u0131r.<\/p>\n<p>Qad\u0131n millimizin hey\u0259ti l\u00f6vh\u0259 ard\u0131c\u0131ll\u0131\u011fa \u00fczr\u0259 bel\u0259dir: G\u00fcnay M\u0259mm\u0259dzad\u0259 (2427), Xan\u0131m Balacayeva (2368), \u00dclviyy\u0259 F\u0259t\u0259liyeva (2368), G\u00fclnar M\u0259mm\u0259dova (2369), T\u00fcrkan M\u0259mm\u0259dyarova (2314).<\/p>\n<p>Ki\u015fi komandam\u0131z ilk turda Serbiya il\u0259, qad\u0131n millimiz is\u0259 Latviya il\u0259 qar\u015f\u0131la\u015facaq. G\u00f6r\u00fc\u015fl\u0259r saat 15:00-da ba\u015flayacaq.oxu.az<\/p>\n","protected":false},"excerpt":{"rendered":"<p>Bu g\u00fcn G\u00fcrc\u00fcstan\u0131n Batumi \u015f\u0259h\u0259rind\u0259 ki\u015fi v\u0259 qad\u0131nlar komandalar aras\u0131nda XXII Avropa \u00e7empionat\u0131 start g\u00f6t\u00fcr\u00fcr. ARANTV.AZ\u00a0\u00a0x\u0259b\u0259r verir ki, ki\u015fil\u0259rd\u0259n ibar\u0259t millimizin hey\u0259tind\u0259 g\u00f6zl\u0259nilm\u0259z ayr\u0131l\u0131q ba\u015f verib. Bir ne\u00e7\u0259 g\u00fcn \u00f6nc\u0259 D\u00fcnya Kubokundak\u0131 yor\u011funluqla \u0259laq\u0259dar olaraq Avropa \u00e7empionat\u0131na qat\u0131lmayaca\u011f\u0131n\u0131 a\u00e7\u0131qlayan Teymur R\u0259c\u0259bovun yerin\u0259 Men adas\u0131nda u\u011furlu \u00e7\u0131x\u0131\u015f etmi\u015f Nicat Abbasov hey\u0259t\u0259 daxil edils\u0259 d\u0259, o da millid\u0259n imtina edib. Bu bar\u0259d\u0259 m\u0259lumat\u0131 komandam\u0131z\u0131n lideri \u015e\u0259hriyar M\u0259mm\u0259dyarov sosial \u015f\u0259b\u0259k\u0259l\u0259rd\u0259 verib: \u201cMilli komandam\u0131z\u0131n kapitan\u0131 Eltac S\u0259f\u0259rli h\u0259m d\u0259 oyun\u00e7u kimi oynayacaq. Nicat Abbasov yor\u011funluq s\u0259b\u0259bi il\u0259 oynaya bilm\u0259y\u0259c\u0259k. Komandaya xo\u015f g\u0259lmis\u0259n, Eltac! Oynayan&hellip;<\/p>\n","protected":false},"author":2,"featured_media":88668,"comment_status":"closed","ping_status":"closed","sticky":false,"template":"","format":"standard","meta":{"om_disable_all_campaigns":false,"_monsterinsights_skip_tracking":false,"_monsterinsights_sitenote_active":false,"_monsterinsights_sitenote_note":"","_monsterinsights_sitenote_category":0},"categories":[6],"tags":[],"aioseo_notices":[],"gutentor_comment":0,"rttpg_featured_image_url":{"full":["https:\/\/arantv.az\/wp-content\/uploads\/2019\/10\/129b2f18-ae6d-4e2d-a508-feffefdfe335.jpg",600,401,false],"landscape":["https:\/\/arantv.az\/wp-content\/uploads\/2019\/10\/129b2f18-ae6d-4e2d-a508-feffefdfe335.jpg",600,401,false],"portraits":["https:\/\/arantv.az\/wp-content\/uploads\/2019\/10\/129b2f18-ae6d-4e2d-a508-feffefdfe335.jpg",600,401,false],"thumbnail":["https:\/\/arantv.az\/wp-content\/uploads\/2019\/10\/129b2f18-ae6d-4e2d-a508-feffefdfe335-150x150.jpg",150,150,true],"medium":["https:\/\/arantv.az\/wp-content\/uploads\/2019\/10\/129b2f18-ae6d-4e2d-a508-feffefdfe335-300x201.jpg",300,201,true],"large":["https:\/\/arantv.az\/wp-content\/uploads\/2019\/10\/129b2f18-ae6d-4e2d-a508-feffefdfe335.jpg",600,401,false],"1536x1536":["https:\/\/arantv.az\/wp-content\/uploads\/2019\/10\/129b2f18-ae6d-4e2d-a508-feffefdfe335.jpg",600,401,false],"2048x2048":["https:\/\/arantv.az\/wp-content\/uploads\/2019\/10\/129b2f18-ae6d-4e2d-a508-feffefdfe335.jpg",600,401,false],"post-thumbnail":["https:\/\/arantv.az\/wp-content\/uploads\/2019\/10\/129b2f18-ae6d-4e2d-a508-feffefdfe335-240x172.jpg",240,172,true],"advps-thumb-one":["https:\/\/arantv.az\/wp-content\/uploads\/2019\/10\/129b2f18-ae6d-4e2d-a508-feffefdfe335.jpg",600,401,false]},"rttpg_author":{"display_name":"V\u00fcsal Rafiqo\u011flu","author_link":"https:\/\/arantv.az\/?author=2"},"rttpg_comment":0,"rttpg_category":"<a href=\"https:\/\/arantv.az\/?cat=6\" rel=\"category\">\u0130dman<\/a>","rttpg_excerpt":"Bu g\u00fcn G\u00fcrc\u00fcstan\u0131n Batumi \u015f\u0259h\u0259rind\u0259 ki\u015fi v\u0259 qad\u0131nlar komandalar aras\u0131nda XXII Avropa \u00e7empionat\u0131 start g\u00f6t\u00fcr\u00fcr. ARANTV.AZ\u00a0\u00a0x\u0259b\u0259r verir ki, ki\u015fil\u0259rd\u0259n ibar\u0259t millimizin hey\u0259tind\u0259 g\u00f6zl\u0259nilm\u0259z ayr\u0131l\u0131q ba\u015f verib. Bir ne\u00e7\u0259 g\u00fcn \u00f6nc\u0259 D\u00fcnya Kubokundak\u0131 yor\u011funluqla \u0259laq\u0259dar olaraq Avropa \u00e7empionat\u0131na qat\u0131lmayaca\u011f\u0131n\u0131 a\u00e7\u0131qlayan Teymur R\u0259c\u0259bovun yerin\u0259 Men adas\u0131nda u\u011furlu \u00e7\u0131x\u0131\u015f etmi\u015f Nicat Abbasov hey\u0259t\u0259 daxil edils\u0259 d\u0259, o da&hellip;","_links":{"self":[{"href":"https:\/\/arantv.az\/index.php?rest_route=\/wp\/v2\/posts\/88667"}],"collection":[{"href":"https:\/\/arantv.az\/index.php?rest_route=\/wp\/v2\/posts"}],"about":[{"href":"https:\/\/arantv.az\/index.php?rest_route=\/wp\/v2\/types\/post"}],"author":[{"embeddable":true,"href":"https:\/\/arantv.az\/index.php?rest_route=\/wp\/v2\/users\/2"}],"replies":[{"embeddable":true,"href":"https:\/\/arantv.az\/index.php?rest_route=%2Fwp%2Fv2%2Fcomments&post=88667"}],"version-history":[{"count":0,"href":"https:\/\/arantv.az\/index.php?rest_route=\/wp\/v2\/posts\/88667\/revisions"}],"wp:featuredmedia":[{"embeddable":true,"href":"https:\/\/arantv.az\/index.php?rest_route=\/wp\/v2\/media\/88668"}],"wp:attachment":[{"href":"https:\/\/arantv.az\/index.php?rest_route=%2Fwp%2Fv2%2Fmedia&parent=88667"}],"wp:term":[{"taxonomy":"category","embeddable":true,"href":"https:\/\/arantv.az\/index.php?rest_route=%2Fwp%2Fv2%2Fcategories&post=88667"},{"taxonomy":"post_tag","embeddable":true,"href":"https:\/\/arantv.az\/index.php?rest_route=%2Fwp%2Fv2%2Ftags&post=88667"}],"curies":[{"name":"wp","href":"https:\/\/api.w.org\/{rel}","templated":true}]}}