{"id":88692,"date":"2019-10-24T11:42:04","date_gmt":"2019-10-24T08:42:04","guid":{"rendered":"http:\/\/arantv.az\/?p=88692"},"modified":"2019-10-24T11:42:04","modified_gmt":"2019-10-24T08:42:04","slug":"prezidentin-imzaladigi-s%c9%99r%c9%99ncamlar-az%c9%99rbaycanin-inkisafi-ucun-atilan-addimlardir-deputat","status":"publish","type":"post","link":"https:\/\/arantv.az\/?p=88692","title":{"rendered":"&#8220;Prezidentin imzalad\u0131\u011f\u0131 s\u0259r\u0259ncamlar Az\u0259rbaycan\u0131n inki\u015faf\u0131 \u00fc\u00e7\u00fcn at\u0131lan add\u0131mlard\u0131r&#8221; &#8211; Deputat"},"content":{"rendered":"<p>&#8220;C\u0259nab prezidentimizin bu g\u00fcn\u0259 kimi apard\u0131\u011f\u0131 islahatlar \u00f6z\u00fcn\u00fc t\u0259sdiq edib&#8221;.<\/p>\n<div id=\"AdviadNativeVideo0\" class=\"AdviadNativeVideo\"><\/div>\n<p><b>ARANTV.AZ\u00a0<\/b>\u00a0x\u0259b\u0259r verir ki, bunun\u00a0<a href=\"https:\/\/sonxeber.az\/\">Sonxeber.az<\/a>-a dan\u0131\u015fan deputat Jal\u0259 \u018fliyeva deyib.<\/p>\n<p>Deputat vur\u011fulay\u0131b ki, \u00f6lk\u0259 ba\u015f\u00e7\u0131s\u0131n\u0131n atd\u0131\u011f\u0131 add\u0131mlar v\u0259 imzalad\u0131\u011f\u0131 s\u0259r\u0259ncamlar Az\u0259rbaycan\u0131n rifah\u0131 v\u0259 inki\u015faf\u0131 \u00fc\u00e7\u00fcn at\u0131lan add\u0131mlard\u0131r. Bu struktur d\u0259yi\u015fiklikl\u0259ri b\u00f6y\u00fck islahatlar\u0131n t\u0259rkib hiss\u0259si kimi d\u0259y\u0259rl\u0259ndirilm\u0259lidir: &#8220;C\u0259nab prezidentimizin atd\u0131\u011f\u0131 add\u0131mlar \u015f\u0259rh olunmur. \u00c7\u00fcnki ali o, \u00f6lk\u0259miz \u00fc\u00e7\u00fcn n\u0259yin xeyirli oldu\u011funu daha yax\u015f\u0131 bilir. B\u00f6y\u00fck bir d\u00f6vl\u0259ti u\u011furla idar\u0259 ed\u0259 bilirs\u0259, Az\u0259rbaycan\u0131 d\u00fcnya \u00f6lk\u0259l\u0259ri i\u00e7\u0259risind\u0259 n\u00fcfuzlu yer\u0259 g\u0259tirib \u00e7\u0131xar\u0131bsa, \u0259lb\u0259tt\u0259, \u00f6lk\u0259nin daxili siyas\u0259ti d\u0259 onun istisna h\u00fcququdur. Biz bunu ancaq alq\u0131\u015flaya bil\u0259rik. Az\u0259rbaycan\u0131m\u0131za yeni u\u011furlar, yeni kadrlara da i\u015fl\u0259rin m\u00fcv\u0259f\u0259qiyy\u0259tl\u0259r arzulay\u0131r\u0131q&#8221;.<\/p>\n","protected":false},"excerpt":{"rendered":"<p>&#8220;C\u0259nab prezidentimizin bu g\u00fcn\u0259 kimi apard\u0131\u011f\u0131 islahatlar \u00f6z\u00fcn\u00fc t\u0259sdiq edib&#8221;. ARANTV.AZ\u00a0\u00a0x\u0259b\u0259r verir ki, bunun\u00a0Sonxeber.az-a dan\u0131\u015fan deputat Jal\u0259 \u018fliyeva deyib. Deputat vur\u011fulay\u0131b ki, \u00f6lk\u0259 ba\u015f\u00e7\u0131s\u0131n\u0131n atd\u0131\u011f\u0131 add\u0131mlar v\u0259 imzalad\u0131\u011f\u0131 s\u0259r\u0259ncamlar Az\u0259rbaycan\u0131n rifah\u0131 v\u0259 inki\u015faf\u0131 \u00fc\u00e7\u00fcn at\u0131lan add\u0131mlard\u0131r. Bu struktur d\u0259yi\u015fiklikl\u0259ri b\u00f6y\u00fck islahatlar\u0131n t\u0259rkib hiss\u0259si kimi d\u0259y\u0259rl\u0259ndirilm\u0259lidir: &#8220;C\u0259nab prezidentimizin atd\u0131\u011f\u0131 add\u0131mlar \u015f\u0259rh olunmur. \u00c7\u00fcnki ali o, \u00f6lk\u0259miz \u00fc\u00e7\u00fcn n\u0259yin xeyirli oldu\u011funu daha yax\u015f\u0131 bilir. B\u00f6y\u00fck bir d\u00f6vl\u0259ti u\u011furla idar\u0259 ed\u0259 bilirs\u0259, Az\u0259rbaycan\u0131 d\u00fcnya \u00f6lk\u0259l\u0259ri i\u00e7\u0259risind\u0259 n\u00fcfuzlu yer\u0259 g\u0259tirib \u00e7\u0131xar\u0131bsa, \u0259lb\u0259tt\u0259, \u00f6lk\u0259nin daxili siyas\u0259ti d\u0259 onun istisna h\u00fcququdur. Biz bunu ancaq alq\u0131\u015flaya bil\u0259rik.&hellip;<\/p>\n","protected":false},"author":2,"featured_media":88693,"comment_status":"closed","ping_status":"closed","sticky":false,"template":"","format":"standard","meta":{"om_disable_all_campaigns":false,"_monsterinsights_skip_tracking":false,"_monsterinsights_sitenote_active":false,"_monsterinsights_sitenote_note":"","_monsterinsights_sitenote_category":0},"categories":[19],"tags":[],"aioseo_notices":[],"gutentor_comment":0,"rttpg_featured_image_url":{"full":["https:\/\/arantv.az\/wp-content\/uploads\/2019\/10\/elman-memmedov.jpg",560,373,false],"landscape":["https:\/\/arantv.az\/wp-content\/uploads\/2019\/10\/elman-memmedov.jpg",560,373,false],"portraits":["https:\/\/arantv.az\/wp-content\/uploads\/2019\/10\/elman-memmedov.jpg",560,373,false],"thumbnail":["https:\/\/arantv.az\/wp-content\/uploads\/2019\/10\/elman-memmedov-150x150.jpg",150,150,true],"medium":["https:\/\/arantv.az\/wp-content\/uploads\/2019\/10\/elman-memmedov-300x200.jpg",300,200,true],"large":["https:\/\/arantv.az\/wp-content\/uploads\/2019\/10\/elman-memmedov.jpg",560,373,false],"1536x1536":["https:\/\/arantv.az\/wp-content\/uploads\/2019\/10\/elman-memmedov.jpg",560,373,false],"2048x2048":["https:\/\/arantv.az\/wp-content\/uploads\/2019\/10\/elman-memmedov.jpg",560,373,false],"post-thumbnail":["https:\/\/arantv.az\/wp-content\/uploads\/2019\/10\/elman-memmedov-240x172.jpg",240,172,true],"advps-thumb-one":["https:\/\/arantv.az\/wp-content\/uploads\/2019\/10\/elman-memmedov.jpg",560,373,false]},"rttpg_author":{"display_name":"V\u00fcsal Rafiqo\u011flu","author_link":"https:\/\/arantv.az\/?author=2"},"rttpg_comment":0,"rttpg_category":"<a href=\"https:\/\/arantv.az\/?cat=19\" rel=\"category\">G\u00fcnd\u0259m<\/a>","rttpg_excerpt":"&#8220;C\u0259nab prezidentimizin bu g\u00fcn\u0259 kimi apard\u0131\u011f\u0131 islahatlar \u00f6z\u00fcn\u00fc t\u0259sdiq edib&#8221;. ARANTV.AZ\u00a0\u00a0x\u0259b\u0259r verir ki, bunun\u00a0Sonxeber.az-a dan\u0131\u015fan deputat Jal\u0259 \u018fliyeva deyib. Deputat vur\u011fulay\u0131b ki, \u00f6lk\u0259 ba\u015f\u00e7\u0131s\u0131n\u0131n atd\u0131\u011f\u0131 add\u0131mlar v\u0259 imzalad\u0131\u011f\u0131 s\u0259r\u0259ncamlar Az\u0259rbaycan\u0131n rifah\u0131 v\u0259 inki\u015faf\u0131 \u00fc\u00e7\u00fcn at\u0131lan add\u0131mlard\u0131r. Bu struktur d\u0259yi\u015fiklikl\u0259ri b\u00f6y\u00fck islahatlar\u0131n t\u0259rkib hiss\u0259si kimi d\u0259y\u0259rl\u0259ndirilm\u0259lidir: &#8220;C\u0259nab prezidentimizin atd\u0131\u011f\u0131 add\u0131mlar \u015f\u0259rh olunmur. \u00c7\u00fcnki ali o, \u00f6lk\u0259miz&hellip;","_links":{"self":[{"href":"https:\/\/arantv.az\/index.php?rest_route=\/wp\/v2\/posts\/88692"}],"collection":[{"href":"https:\/\/arantv.az\/index.php?rest_route=\/wp\/v2\/posts"}],"about":[{"href":"https:\/\/arantv.az\/index.php?rest_route=\/wp\/v2\/types\/post"}],"author":[{"embeddable":true,"href":"https:\/\/arantv.az\/index.php?rest_route=\/wp\/v2\/users\/2"}],"replies":[{"embeddable":true,"href":"https:\/\/arantv.az\/index.php?rest_route=%2Fwp%2Fv2%2Fcomments&post=88692"}],"version-history":[{"count":0,"href":"https:\/\/arantv.az\/index.php?rest_route=\/wp\/v2\/posts\/88692\/revisions"}],"wp:featuredmedia":[{"embeddable":true,"href":"https:\/\/arantv.az\/index.php?rest_route=\/wp\/v2\/media\/88693"}],"wp:attachment":[{"href":"https:\/\/arantv.az\/index.php?rest_route=%2Fwp%2Fv2%2Fmedia&parent=88692"}],"wp:term":[{"taxonomy":"category","embeddable":true,"href":"https:\/\/arantv.az\/index.php?rest_route=%2Fwp%2Fv2%2Fcategories&post=88692"},{"taxonomy":"post_tag","embeddable":true,"href":"https:\/\/arantv.az\/index.php?rest_route=%2Fwp%2Fv2%2Ftags&post=88692"}],"curies":[{"name":"wp","href":"https:\/\/api.w.org\/{rel}","templated":true}]}}