{"id":88704,"date":"2019-10-24T11:55:27","date_gmt":"2019-10-24T08:55:27","guid":{"rendered":"http:\/\/arantv.az\/?p=88704"},"modified":"2019-10-24T11:55:27","modified_gmt":"2019-10-24T08:55:27","slug":"iqtisadci-oz%c9%99l-sektorun-inkisafina-dair-aparilan-islahatlar-olk%c9%99-iqtisadiyyatinin-sur%c9%99tli-inkisafini-t%c9%99min-ed%c9%99c%c9%99k","status":"publish","type":"post","link":"https:\/\/arantv.az\/?p=88704","title":{"rendered":"\u0130qtisad\u00e7\u0131: &#8220;\u00d6z\u0259l sektorun inki\u015faf\u0131na dair apar\u0131lan islahatlar \u00f6lk\u0259 iqtisadiyyat\u0131n\u0131n s\u00fcr\u0259tli inki\u015faf\u0131n\u0131 t\u0259min ed\u0259c\u0259k&#8221;"},"content":{"rendered":"<blockquote><p><em><strong>D\u00f6vl\u0259t ba\u015f\u00e7\u0131s\u0131 sahibkarl\u0131q f\u0259aliyy\u0259tin inki\u015faf\u0131na, bu inki\u015fafla ba\u011fl\u0131 d\u00f6vl\u0259t siyas\u0259tin\u0259 mane olan q\u00fcvv\u0259l\u0259r\u0259 qar\u015f\u0131 s\u0259rt t\u0259dbirl\u0259rin g\u00f6r\u00fcl\u0259c\u0259yini b\u0259yan etdi.<\/strong><\/em><\/p><\/blockquote>\n<p><strong>ARANTV.AZ<\/strong>\u00a0 x\u0259b\u0259r verir ki, bunu\u00a0<a href=\"https:\/\/az.trend.az\/\" target=\"_blank\" rel=\"noopener\">Trend<\/a>-\u0259 a\u00e7\u0131qlamas\u0131nda mill\u0259t v\u0259kili, Milli M\u0259clisin \u0130qtisadi siyas\u0259t, s\u0259naye v\u0259 sahibkarl\u0131q komit\u0259sinin \u00fczv\u00fc Tahir Mirki\u015fili deyib.<\/p>\n<p>Deputat bildirib ki, Az\u0259rbaycan\u0131n \u00dcmimi Daxili M\u0259hsulda 85%-lik paya sahib olan \u00f6z\u0259l sektor iqtisadiyyat\u0131n inki\u015faf\u0131n\u0131n \u0259sas h\u0259r\u0259k\u0259tverici q\u00fcvv\u0259sin\u0259 \u00e7evrilm\u0259lidir:<\/p>\n<p>&#8220;Bu, apar\u0131lan iqtisadi islahatlar\u0131n \u0259sas h\u0259d\u0259fl\u0259rind\u0259n biridir. M\u0259hz bu h\u0259d\u0259f \u00f6lk\u0259 iqtisadiyyat\u0131n\u0131n s\u00fcr\u0259tli inki\u015faf\u0131n\u0131, yeni i\u015f yerl\u0259rinin a\u00e7\u0131lmas\u0131n\u0131, iqtisadiyyata daha \u00e7ox investisiyalar\u0131n qoyulmas\u0131n\u0131, insanlar\u0131n maddi rifah hal\u0131n\u0131n daha da yax\u015f\u0131la\u015fmas\u0131n\u0131 t\u0259min ed\u0259c\u0259k. Buna mane olan h\u0259r bir q\u00fcvv\u0259 d\u00f6vl\u0259t\u0259 v\u0259 xalqa qar\u015f\u0131d\u0131r&#8221;.<\/p>\n<div>\n<div id=\"AdviadNativeVideo0\" class=\"AdviadNativeVideo\"><\/div>\n<\/div>\n<p>T.Mirki\u015fili qeyd edib ki, apar\u0131lan islahatlar, \u015f\u0259ffafla\u015fma, vergi \u00f6d\u0259ni\u015find\u0259 y\u00fcks\u0259k etimad m\u00fchitinin yarad\u0131lmas\u0131 istiqam\u0259tind\u0259 g\u00f6r\u00fcl\u0259n i\u015fl\u0259r, sosial sah\u0259d\u0259 apar\u0131lan islahatlar \u00f6lk\u0259d\u0259 s\u00fcr\u0259tli inki\u015faf \u00fc\u00e7\u00fcn yeni imkanlar a\u00e7d\u0131: &#8220;Eyni zamanda, b\u00f6y\u00fck ehtiyatlar\u0131n olmas\u0131 da n\u0259z\u0259r\u0259 al\u0131naraq daha s\u00fcr\u0259tli inki\u015faf \u00fc\u00e7\u00fcn d\u00f6vl\u0259t ba\u015f\u00e7\u0131s\u0131 t\u0259r\u0259find\u0259n yeni tap\u015f\u0131r\u0131qlar\u0131n verilm\u0259si v\u0259 bu sah\u0259nin pe\u015f\u0259kar, v\u0259t\u0259n\u0259 ba\u011fl\u0131 kadrlara h\u0259val\u0259 olunmas\u0131 yax\u0131n g\u0259l\u0259c\u0259kd\u0259 iqtisadiyyatda daha geni\u015f art\u0131m\u0131 t\u0259min ed\u0259c\u0259k&#8221;.<\/p>\n","protected":false},"excerpt":{"rendered":"<p>D\u00f6vl\u0259t ba\u015f\u00e7\u0131s\u0131 sahibkarl\u0131q f\u0259aliyy\u0259tin inki\u015faf\u0131na, bu inki\u015fafla ba\u011fl\u0131 d\u00f6vl\u0259t siyas\u0259tin\u0259 mane olan q\u00fcvv\u0259l\u0259r\u0259 qar\u015f\u0131 s\u0259rt t\u0259dbirl\u0259rin g\u00f6r\u00fcl\u0259c\u0259yini b\u0259yan etdi. ARANTV.AZ\u00a0 x\u0259b\u0259r verir ki, bunu\u00a0Trend-\u0259 a\u00e7\u0131qlamas\u0131nda mill\u0259t v\u0259kili, Milli M\u0259clisin \u0130qtisadi siyas\u0259t, s\u0259naye v\u0259 sahibkarl\u0131q komit\u0259sinin \u00fczv\u00fc Tahir Mirki\u015fili deyib. Deputat bildirib ki, Az\u0259rbaycan\u0131n \u00dcmimi Daxili M\u0259hsulda 85%-lik paya sahib olan \u00f6z\u0259l sektor iqtisadiyyat\u0131n inki\u015faf\u0131n\u0131n \u0259sas h\u0259r\u0259k\u0259tverici q\u00fcvv\u0259sin\u0259 \u00e7evrilm\u0259lidir: &#8220;Bu, apar\u0131lan iqtisadi islahatlar\u0131n \u0259sas h\u0259d\u0259fl\u0259rind\u0259n biridir. M\u0259hz bu h\u0259d\u0259f \u00f6lk\u0259 iqtisadiyyat\u0131n\u0131n s\u00fcr\u0259tli inki\u015faf\u0131n\u0131, yeni i\u015f yerl\u0259rinin a\u00e7\u0131lmas\u0131n\u0131, iqtisadiyyata daha \u00e7ox investisiyalar\u0131n qoyulmas\u0131n\u0131, insanlar\u0131n maddi rifah hal\u0131n\u0131n daha da yax\u015f\u0131la\u015fmas\u0131n\u0131 t\u0259min ed\u0259c\u0259k.&hellip;<\/p>\n","protected":false},"author":2,"featured_media":88705,"comment_status":"closed","ping_status":"closed","sticky":false,"template":"","format":"standard","meta":{"om_disable_all_campaigns":false,"_monsterinsights_skip_tracking":false,"_monsterinsights_sitenote_active":false,"_monsterinsights_sitenote_note":"","_monsterinsights_sitenote_category":0},"categories":[1],"tags":[],"aioseo_notices":[],"gutentor_comment":0,"rttpg_featured_image_url":{"full":["https:\/\/arantv.az\/wp-content\/uploads\/2019\/10\/796736.jpg",800,600,false],"landscape":["https:\/\/arantv.az\/wp-content\/uploads\/2019\/10\/796736.jpg",800,600,false],"portraits":["https:\/\/arantv.az\/wp-content\/uploads\/2019\/10\/796736.jpg",800,600,false],"thumbnail":["https:\/\/arantv.az\/wp-content\/uploads\/2019\/10\/796736-150x150.jpg",150,150,true],"medium":["https:\/\/arantv.az\/wp-content\/uploads\/2019\/10\/796736-300x225.jpg",300,225,true],"large":["https:\/\/arantv.az\/wp-content\/uploads\/2019\/10\/796736.jpg",640,480,false],"1536x1536":["https:\/\/arantv.az\/wp-content\/uploads\/2019\/10\/796736.jpg",800,600,false],"2048x2048":["https:\/\/arantv.az\/wp-content\/uploads\/2019\/10\/796736.jpg",800,600,false],"post-thumbnail":["https:\/\/arantv.az\/wp-content\/uploads\/2019\/10\/796736-240x172.jpg",240,172,true],"advps-thumb-one":["https:\/\/arantv.az\/wp-content\/uploads\/2019\/10\/796736.jpg",800,600,false]},"rttpg_author":{"display_name":"V\u00fcsal Rafiqo\u011flu","author_link":"https:\/\/arantv.az\/?author=2"},"rttpg_comment":0,"rttpg_category":"<a href=\"https:\/\/arantv.az\/?cat=1\" rel=\"category\">C\u0259miyy\u0259t<\/a>","rttpg_excerpt":"D\u00f6vl\u0259t ba\u015f\u00e7\u0131s\u0131 sahibkarl\u0131q f\u0259aliyy\u0259tin inki\u015faf\u0131na, bu inki\u015fafla ba\u011fl\u0131 d\u00f6vl\u0259t siyas\u0259tin\u0259 mane olan q\u00fcvv\u0259l\u0259r\u0259 qar\u015f\u0131 s\u0259rt t\u0259dbirl\u0259rin g\u00f6r\u00fcl\u0259c\u0259yini b\u0259yan etdi. ARANTV.AZ\u00a0 x\u0259b\u0259r verir ki, bunu\u00a0Trend-\u0259 a\u00e7\u0131qlamas\u0131nda mill\u0259t v\u0259kili, Milli M\u0259clisin \u0130qtisadi siyas\u0259t, s\u0259naye v\u0259 sahibkarl\u0131q komit\u0259sinin \u00fczv\u00fc Tahir Mirki\u015fili deyib. Deputat bildirib ki, Az\u0259rbaycan\u0131n \u00dcmimi Daxili M\u0259hsulda 85%-lik paya sahib olan \u00f6z\u0259l sektor iqtisadiyyat\u0131n inki\u015faf\u0131n\u0131n \u0259sas&hellip;","_links":{"self":[{"href":"https:\/\/arantv.az\/index.php?rest_route=\/wp\/v2\/posts\/88704"}],"collection":[{"href":"https:\/\/arantv.az\/index.php?rest_route=\/wp\/v2\/posts"}],"about":[{"href":"https:\/\/arantv.az\/index.php?rest_route=\/wp\/v2\/types\/post"}],"author":[{"embeddable":true,"href":"https:\/\/arantv.az\/index.php?rest_route=\/wp\/v2\/users\/2"}],"replies":[{"embeddable":true,"href":"https:\/\/arantv.az\/index.php?rest_route=%2Fwp%2Fv2%2Fcomments&post=88704"}],"version-history":[{"count":0,"href":"https:\/\/arantv.az\/index.php?rest_route=\/wp\/v2\/posts\/88704\/revisions"}],"wp:featuredmedia":[{"embeddable":true,"href":"https:\/\/arantv.az\/index.php?rest_route=\/wp\/v2\/media\/88705"}],"wp:attachment":[{"href":"https:\/\/arantv.az\/index.php?rest_route=%2Fwp%2Fv2%2Fmedia&parent=88704"}],"wp:term":[{"taxonomy":"category","embeddable":true,"href":"https:\/\/arantv.az\/index.php?rest_route=%2Fwp%2Fv2%2Fcategories&post=88704"},{"taxonomy":"post_tag","embeddable":true,"href":"https:\/\/arantv.az\/index.php?rest_route=%2Fwp%2Fv2%2Ftags&post=88704"}],"curies":[{"name":"wp","href":"https:\/\/api.w.org\/{rel}","templated":true}]}}