{"id":88724,"date":"2019-10-24T12:48:15","date_gmt":"2019-10-24T09:48:15","guid":{"rendered":"http:\/\/arantv.az\/?p=88724"},"modified":"2019-10-24T12:48:15","modified_gmt":"2019-10-24T09:48:15","slug":"pensiya-yasina-catan-icra-bascilarinin-siyahisi","status":"publish","type":"post","link":"https:\/\/arantv.az\/?p=88724","title":{"rendered":"Pensiya ya\u015f\u0131na \u00e7atan icra ba\u015f\u00e7\u0131lar\u0131n\u0131n &#8211; S\u0130YAHISI"},"content":{"rendered":"<p>\u00d6lk\u0259 ba\u015f\u00e7\u0131s\u0131n\u0131n ya\u015f h\u0259ddi il\u0259 \u0259laq\u0259dar r\u0259hb\u0259r v\u0259zif\u0259d\u0259 \u00e7al\u0131\u015fanlara istefa xarakterli mesaj\u0131 \u00fcnvanlar\u0131na yeti\u015fm\u0259kd\u0259dir. Prezidentin \u00e7a\u011f\u0131r\u0131\u015f\u0131na cavab ver\u0259n Ba\u015f nazirin m\u00fcavinl\u0259ri Hac\u0131bala Abutal\u0131bov v\u0259 \u018fli H\u0259s\u0259novun ard\u0131nca Prezident Administrasiyas\u0131n\u0131n r\u0259hb\u0259ri Ramiz Mehdiyev d\u0259 v\u0259zif\u0259sind\u0259n azad edildi.<\/p>\n<p>D\u00f6vl\u0259t ba\u015f\u00e7\u0131s\u0131 \u00e7\u0131x\u0131\u015flar\u0131nda islahatlar\u0131n davaml\u0131 olaca\u011f\u0131n\u0131, prosesin naraz\u0131l\u0131qlar qeyd\u0259 al\u0131nan b\u00fct\u00fcn sah\u0259l\u0259ri \u0259hat\u0259 ed\u0259c\u0259yini vur\u011fulay\u0131b. \u0130lham \u018fliyev yeni \u0130qtisadiyyat naziri Mikay\u0131l Cabbarovla g\u00f6r\u00fc\u015f\u00fcnd\u0259 yerli icra hakimiyy\u0259ti orqanlar\u0131 ba\u015f\u00e7\u0131lar\u0131n\u0131n ayr\u0131-ayr\u0131 sahibkarlar\u0131n i\u015fin\u0259 m\u00fcdaxil\u0259 etdikl\u0259rini, yerl\u0259rd\u0259 naraz\u0131l\u0131\u011fa s\u0259b\u0259b olduqlar\u0131n\u0131 deyib v\u0259 nazir\u0259 bu istiqam\u0259td\u0259 tap\u015f\u0131r\u0131qlar\u0131n\u0131 verib.<\/p>\n<p>Ki\u00e7ik ara\u015fd\u0131rmadan sonra ill\u0259rdir yerl\u0259rd\u0259 at oynadan, r\u0259hb\u0259r oldu\u011fu rayonda ki\u00e7ik pad\u015fahl\u0131q yaradan v\u0259 pensiya ya\u015f\u0131n\u0131 \u00e7oxdan ke\u00e7mi\u015f icra ba\u015f\u00e7\u0131lar\u0131n\u0131n oldu\u011funu g\u00f6r\u00fcr\u00fck.<\/p>\n<div id=\"AdviadNativeVideo0\" class=\"AdviadNativeVideo\"><\/div>\n<p>Bu bar\u0259d\u0259\u00a0<a href=\"https:\/\/modern.az\/az\/news\/215425\" target=\"_blank\" rel=\"noopener\">Modern.az<\/a>-a dan\u0131\u015fan Milli M\u0259clisin \u0130qtisadi siyas\u0259t, s\u0259naye v\u0259 sahibkarl\u0131q komit\u0259sinin \u00fczv\u00fc Vahid \u018fhm\u0259dov da \u00f6lk\u0259 ba\u015f\u00e7\u0131s\u0131n\u0131n \u0130qtisadiyyat naziri il\u0259 g\u00f6r\u00fc\u015fd\u0259 s\u0259sl\u0259ndirdiyi fikirl\u0259ri xat\u0131rlad\u0131b:<\/p>\n<p>\u201cPrezident d\u0259 bildirdi ki, yerli icra hakimiyy\u0259ti orqanlar\u0131 insanlar\u0131 incidirl\u0259r. Do\u011frudur, bunu b\u00fct\u00fcn icra ba\u015f\u00e7\u0131lar\u0131 bar\u0259d\u0259 dem\u0259k olmaz. Amma \u00f6zba\u015f\u0131nal\u0131q ed\u0259n kifay\u0259t q\u0259d\u0259r icra ba\u015f\u00e7\u0131s\u0131 var\u201d.<\/p>\n<p>Ya\u015f h\u0259ddin\u0259 g\u0259linc\u0259, deputat deyib ki, \u0259g\u0259r hakimiyy\u0259t orqanlar\u0131nda d\u0259yi\u015fiklikl\u0259r gedirs\u0259, bu, icra hakimiyy\u0259tl\u0259rind\u0259n d\u0259 yan ke\u00e7m\u0259y\u0259c\u0259k:<\/p>\n<p>\u201cSon vaxtlar bir ne\u00e7\u0259 rayonun r\u0259hb\u0259rliyin\u0259 daha cavan kadrlar g\u0259tirilib. Amma \u201cfilank\u0259s ya\u015fl\u0131d\u0131r, d\u0259yi\u015fdir\u0259k\u201d deyib onu prosesl\u0259rd\u0259n tamamil\u0259 k\u0259narla\u015fd\u0131rmaq da do\u011fru deyil. \u00c7\u00fcnki ya\u015fl\u0131, amma ist\u0259r siyas\u0259td\u0259, ist\u0259r t\u0259s\u0259rr\u00fcfatda p\u00fcxt\u0259l\u0259\u015f\u0259n, kifay\u0259t q\u0259d\u0259r t\u0259cr\u00fcb\u0259li kadrlar\u0131m\u0131z var, hans\u0131 ki, onlar\u0131n t\u0259cr\u00fcb\u0259sind\u0259n istifad\u0259 etm\u0259k laz\u0131md\u0131r.<\/p>\n<p>C\u0259nab Prezidentin qar\u015f\u0131ya qoydu\u011fu m\u0259qs\u0259dl\u0259r\u0259 g\u00f6r\u0259, Az\u0259rbaycanda korrupsiya, r\u00fc\u015fv\u0259t hallar\u0131 tamamil\u0259 aradan qald\u0131r\u0131lmal\u0131, \u015f\u0259ffafl\u0131q yarad\u0131lmal\u0131d\u0131r. Buna riay\u0259t ed\u0259n ist\u0259r icra ba\u015f\u00e7\u0131s\u0131, ist\u0259r hans\u0131sa m\u0259mur olsun, normal i\u015fl\u0259yirs\u0259, m\u00fcasir t\u0259l\u0259b\u0259l\u0259rl\u0259 ayaqla\u015fa bilirs\u0259, onu v\u0259zif\u0259d\u0259 saxlamaq olar.<\/p>\n<p>Ramiz Mehdiyevin \u00f6z\u00fcn\u00fc g\u00f6t\u00fcr\u0259k. O, Az\u0259rbaycan ictimai-siyasi h\u0259yat\u0131nda \u00e7ox b\u00f6y\u00fck t\u0259cr\u00fcb\u0259y\u0259 malik olan insand\u0131r. Amma m\u00fcasir t\u0259l\u0259bl\u0259r\u0259 cavab ver\u0259n, m\u00fcasir texnologiyan\u0131, idar\u0259etm\u0259 sistemini bil\u0259n cavanlar v\u0259zif\u0259l\u0259rd\u0259 ir\u0259li \u00e7\u0259kilm\u0259lidirl\u0259r\u201d.<\/p>\n<p>V.\u018fhm\u0259dov ya\u015fl\u0131 icra ba\u015f\u00e7\u0131lar\u0131n\u0131n Prezidentin \u00e7a\u011f\u0131r\u0131\u015f\u0131na qo\u015fulaca\u011f\u0131n\u0131 istisna etm\u0259yib:<\/p>\n<p>\u201cBizd\u0259, \u00fcmumiyy\u0259tl\u0259, v\u0259zif\u0259d\u0259 oturanlar el\u0259 bilirl\u0259r ki, v\u0259zif\u0259 onlara h\u0259diyy\u0259 edilib v\u0259 daim orada oturacaqlar. Bunun bel\u0259 olmad\u0131\u011f\u0131n\u0131 gec-tez anlayacaqlar. Ya\u015fl\u0131lar da anlamal\u0131d\u0131rlar ki, kresloya yap\u0131\u015f\u0131b qalmaqla olmur, d\u00f6vr, t\u0259l\u0259bl\u0259r d\u0259yi\u015fir. Buna cavab ver\u0259 bilm\u0259y\u0259nl\u0259r, y\u0259qin ki, istefa ver\u0259c\u0259kl\u0259r. \u00c7\u00fcnki c\u0259nab Prezident proses\u0259 ba\u015flay\u0131bsa, bu m\u00fctl\u0259q ax\u0131ra \u00e7atd\u0131r\u0131lmal\u0131d\u0131r\u201d.<\/p>\n<p>Modern.az m\u00f6vzunun aktuall\u0131\u011f\u0131n\u0131 n\u0259z\u0259r\u0259 alaraq, penisya ya\u015f\u0131na \u00e7atan \u015f\u0259h\u0259r v\u0259 rayon icra hakimiyy\u0259ti ba\u015f\u00e7\u0131lar\u0131n\u0131n siyah\u0131s\u0131n\u0131 t\u0259qdim edir:<\/p>\n<p>Zakir F\u0259r\u0259cov\u00a0&#8211; Sumqay\u0131t \u015e\u0259h\u0259r \u0130cra Hakimiyy\u0259tinin ba\u015f\u00e7\u0131s\u0131 &#8211; 65 ya\u015f<\/p>\n<p>Nizam\u0259ddin Quliyev &#8211; A\u011fstafa Rayon \u0130cra Hakimiyy\u0259tinin ba\u015f\u00e7\u0131s\u0131 &#8211; 65 ya\u015f<\/p>\n<p>Al\u0131 Al\u0131yev &#8211; F\u00fczuli Rayon \u0130cra Hakimiyy\u0259tinin ba\u015f\u00e7\u0131s\u0131 &#8211; 65 ya\u015f<\/p>\n<p>Novruz Novruzov &#8211; Siy\u0259z\u0259n Rayon \u0130cra Hakimiyy\u0259tinin ba\u015f\u00e7\u0131s\u0131 &#8211; 65 ya\u015f<\/p>\n<p>\u015eahmar Usubov &#8211;\u00a0Xocal\u0131 Rayon \u0130cra Hakimiyy\u0259tinin ba\u015f\u00e7\u0131s\u0131 &#8211; 66 ya\u015f<\/p>\n<p>Malik \u0130saqov\u00a0&#8211; Qubadl\u0131 Rayon \u0130cra Hakimiyy\u0259tinin ba\u015f\u00e7\u0131s\u0131 &#8211; 66 ya\u015f<\/p>\n<p>Rafil H\u00fcseynov &#8211; Masall\u0131 Rayon \u0130cra Hakimiyy\u0259tinin ba\u015f\u00e7\u0131s\u0131 &#8211; 66 ya\u015f<\/p>\n<p>Adil M\u0259mm\u0259dov &#8211; Qobustan Rayon \u0130cra Hakimiyy\u0259tinin ba\u015f\u00e7\u0131s\u0131 &#8211; 67 ya\u015f<\/p>\n<p>\u018fhm\u0259d Muxtarov &#8211;\u00a0Hac\u0131qabul Rayon \u0130cra Hakimiyy\u0259tinin ba\u015f\u00e7\u0131s\u0131 &#8211; 68 ya\u015f<\/p>\n<p>Mirdam\u0259d Sad\u0131qov &#8211; \u0130smay\u0131ll\u0131 Rayon \u0130cra Hakimiyy\u0259tinin ba\u015f\u00e7\u0131s\u0131 &#8211; 69 ya\u015f<\/p>\n<p>Bayram S\u0259f\u0259rov &#8211; \u015eu\u015fa Rayon \u0130cra Hakimiyy\u0259tinin ba\u015f\u00e7\u0131s\u0131 &#8211; 69 ya\u015f<\/p>\n<p>M\u0259mm\u0259d M\u0259mm\u0259dov &#8211; Tovuz Rayon \u0130cra Hakimiyy\u0259tinin ba\u015f\u00e7\u0131s\u0131 &#8211; 70 ya\u015f<\/p>\n<p>M\u00fcbariz \u018fhm\u0259dzad\u0259 &#8211; Zaqatala Rayon \u0130cra Hakimiyy\u0259tinin ba\u015f\u00e7\u0131s\u0131 &#8211; 72 ya\u015f<\/p>\n<p>Al\u0131 Qocayev &#8211; Samux Rayon \u0130cra Hakimiyy\u0259tinin ba\u015f\u00e7\u0131s\u0131 &#8211; 72 ya\u015f<\/p>\n<p>\u015e\u0259ms\u0259ddin Xanbabayev &#8211; Xa\u00e7maz Rayon \u0130cra Hakimiyy\u0259tinin ba\u015f\u00e7\u0131s\u0131 &#8211; 80 ya\u015f<\/p>\n","protected":false},"excerpt":{"rendered":"<p>\u00d6lk\u0259 ba\u015f\u00e7\u0131s\u0131n\u0131n ya\u015f h\u0259ddi il\u0259 \u0259laq\u0259dar r\u0259hb\u0259r v\u0259zif\u0259d\u0259 \u00e7al\u0131\u015fanlara istefa xarakterli mesaj\u0131 \u00fcnvanlar\u0131na yeti\u015fm\u0259kd\u0259dir. Prezidentin \u00e7a\u011f\u0131r\u0131\u015f\u0131na cavab ver\u0259n Ba\u015f nazirin m\u00fcavinl\u0259ri Hac\u0131bala Abutal\u0131bov v\u0259 \u018fli H\u0259s\u0259novun ard\u0131nca Prezident Administrasiyas\u0131n\u0131n r\u0259hb\u0259ri Ramiz Mehdiyev d\u0259 v\u0259zif\u0259sind\u0259n azad edildi. D\u00f6vl\u0259t ba\u015f\u00e7\u0131s\u0131 \u00e7\u0131x\u0131\u015flar\u0131nda islahatlar\u0131n davaml\u0131 olaca\u011f\u0131n\u0131, prosesin naraz\u0131l\u0131qlar qeyd\u0259 al\u0131nan b\u00fct\u00fcn sah\u0259l\u0259ri \u0259hat\u0259 ed\u0259c\u0259yini vur\u011fulay\u0131b. \u0130lham \u018fliyev yeni \u0130qtisadiyyat naziri Mikay\u0131l Cabbarovla g\u00f6r\u00fc\u015f\u00fcnd\u0259 yerli icra hakimiyy\u0259ti orqanlar\u0131 ba\u015f\u00e7\u0131lar\u0131n\u0131n ayr\u0131-ayr\u0131 sahibkarlar\u0131n i\u015fin\u0259 m\u00fcdaxil\u0259 etdikl\u0259rini, yerl\u0259rd\u0259 naraz\u0131l\u0131\u011fa s\u0259b\u0259b olduqlar\u0131n\u0131 deyib v\u0259 nazir\u0259 bu istiqam\u0259td\u0259 tap\u015f\u0131r\u0131qlar\u0131n\u0131 verib. Ki\u00e7ik ara\u015fd\u0131rmadan sonra ill\u0259rdir yerl\u0259rd\u0259 at oynadan, r\u0259hb\u0259r oldu\u011fu rayonda&hellip;<\/p>\n","protected":false},"author":2,"featured_media":88725,"comment_status":"closed","ping_status":"closed","sticky":false,"template":"","format":"standard","meta":{"om_disable_all_campaigns":false,"_monsterinsights_skip_tracking":false,"_monsterinsights_sitenote_active":false,"_monsterinsights_sitenote_note":"","_monsterinsights_sitenote_category":0},"categories":[1],"tags":[],"aioseo_notices":[],"gutentor_comment":0,"rttpg_featured_image_url":{"full":["https:\/\/arantv.az\/wp-content\/uploads\/2019\/10\/FotoJet-17.jpg",620,435,false],"landscape":["https:\/\/arantv.az\/wp-content\/uploads\/2019\/10\/FotoJet-17.jpg",620,435,false],"portraits":["https:\/\/arantv.az\/wp-content\/uploads\/2019\/10\/FotoJet-17.jpg",620,435,false],"thumbnail":["https:\/\/arantv.az\/wp-content\/uploads\/2019\/10\/FotoJet-17-150x150.jpg",150,150,true],"medium":["https:\/\/arantv.az\/wp-content\/uploads\/2019\/10\/FotoJet-17-300x210.jpg",300,210,true],"large":["https:\/\/arantv.az\/wp-content\/uploads\/2019\/10\/FotoJet-17.jpg",620,435,false],"1536x1536":["https:\/\/arantv.az\/wp-content\/uploads\/2019\/10\/FotoJet-17.jpg",620,435,false],"2048x2048":["https:\/\/arantv.az\/wp-content\/uploads\/2019\/10\/FotoJet-17.jpg",620,435,false],"post-thumbnail":["https:\/\/arantv.az\/wp-content\/uploads\/2019\/10\/FotoJet-17-240x172.jpg",240,172,true],"advps-thumb-one":["https:\/\/arantv.az\/wp-content\/uploads\/2019\/10\/FotoJet-17.jpg",620,435,false]},"rttpg_author":{"display_name":"V\u00fcsal Rafiqo\u011flu","author_link":"https:\/\/arantv.az\/?author=2"},"rttpg_comment":0,"rttpg_category":"<a href=\"https:\/\/arantv.az\/?cat=1\" rel=\"category\">C\u0259miyy\u0259t<\/a>","rttpg_excerpt":"\u00d6lk\u0259 ba\u015f\u00e7\u0131s\u0131n\u0131n ya\u015f h\u0259ddi il\u0259 \u0259laq\u0259dar r\u0259hb\u0259r v\u0259zif\u0259d\u0259 \u00e7al\u0131\u015fanlara istefa xarakterli mesaj\u0131 \u00fcnvanlar\u0131na yeti\u015fm\u0259kd\u0259dir. Prezidentin \u00e7a\u011f\u0131r\u0131\u015f\u0131na cavab ver\u0259n Ba\u015f nazirin m\u00fcavinl\u0259ri Hac\u0131bala Abutal\u0131bov v\u0259 \u018fli H\u0259s\u0259novun ard\u0131nca Prezident Administrasiyas\u0131n\u0131n r\u0259hb\u0259ri Ramiz Mehdiyev d\u0259 v\u0259zif\u0259sind\u0259n azad edildi. D\u00f6vl\u0259t ba\u015f\u00e7\u0131s\u0131 \u00e7\u0131x\u0131\u015flar\u0131nda islahatlar\u0131n davaml\u0131 olaca\u011f\u0131n\u0131, prosesin naraz\u0131l\u0131qlar qeyd\u0259 al\u0131nan b\u00fct\u00fcn sah\u0259l\u0259ri \u0259hat\u0259 ed\u0259c\u0259yini vur\u011fulay\u0131b. \u0130lham \u018fliyev yeni \u0130qtisadiyyat&hellip;","_links":{"self":[{"href":"https:\/\/arantv.az\/index.php?rest_route=\/wp\/v2\/posts\/88724"}],"collection":[{"href":"https:\/\/arantv.az\/index.php?rest_route=\/wp\/v2\/posts"}],"about":[{"href":"https:\/\/arantv.az\/index.php?rest_route=\/wp\/v2\/types\/post"}],"author":[{"embeddable":true,"href":"https:\/\/arantv.az\/index.php?rest_route=\/wp\/v2\/users\/2"}],"replies":[{"embeddable":true,"href":"https:\/\/arantv.az\/index.php?rest_route=%2Fwp%2Fv2%2Fcomments&post=88724"}],"version-history":[{"count":0,"href":"https:\/\/arantv.az\/index.php?rest_route=\/wp\/v2\/posts\/88724\/revisions"}],"wp:featuredmedia":[{"embeddable":true,"href":"https:\/\/arantv.az\/index.php?rest_route=\/wp\/v2\/media\/88725"}],"wp:attachment":[{"href":"https:\/\/arantv.az\/index.php?rest_route=%2Fwp%2Fv2%2Fmedia&parent=88724"}],"wp:term":[{"taxonomy":"category","embeddable":true,"href":"https:\/\/arantv.az\/index.php?rest_route=%2Fwp%2Fv2%2Fcategories&post=88724"},{"taxonomy":"post_tag","embeddable":true,"href":"https:\/\/arantv.az\/index.php?rest_route=%2Fwp%2Fv2%2Ftags&post=88724"}],"curies":[{"name":"wp","href":"https:\/\/api.w.org\/{rel}","templated":true}]}}