{"id":88740,"date":"2019-10-24T13:08:54","date_gmt":"2019-10-24T10:08:54","guid":{"rendered":"http:\/\/arantv.az\/?p=88740"},"modified":"2019-10-24T13:08:54","modified_gmt":"2019-10-24T10:08:54","slug":"milli-tariximizin-h%c9%99qiqi-qururverici-m%c9%99qami","status":"publish","type":"post","link":"https:\/\/arantv.az\/?p=88740","title":{"rendered":"Milli tariximizin h\u0259qiqi q\u00fcrurverici m\u0259qam\u0131"},"content":{"rendered":"<p><strong>ARANTV.AZ\u00a0\u00a0<a href=\"https:\/\/az.trend.az\/\" target=\"_blank\" rel=\"noopener\">Trend<\/a>-\u0259 istinad\u0259n Az\u0259rbaycan Respublikas\u0131 Prezidentinin ictimai-siyasi m\u0259s\u0259l\u0259l\u0259r \u00fczr\u0259 k\u00f6m\u0259k\u00e7isi,\u00a0tarix elml\u0259ri doktoru, professor\u00a0\u018fli H\u0259s\u0259novun yaz\u0131s\u0131n\u0131 t\u0259qdim edir:<\/strong><\/p>\n<p>Az\u0259rbaycan\u0131n BMT T\u0259hl\u00fck\u0259sizlik \u015euras\u0131n\u0131n qeyri-daimi \u00fczv\u00fc se\u00e7ilm\u0259sind\u0259n 8 il \u00f6t\u00fcr.<\/p>\n<p>2011-ci il oktyabr\u0131n 24-d\u0259 Az\u0259rbaycan\u0131n BMT T\u0259hl\u00fck\u0259sizlik \u015euras\u0131n\u0131n qeyri-daimi \u00fczv\u00fc se\u00e7ilm\u0259si xalq\u0131m\u0131z\u0131n m\u00fcasir tarixin\u0259 \u0259n \u0259lam\u0259tdar v\u0259 q\u00fcrur do\u011furan hadis\u0259l\u0259rind\u0259n biri kimi daxil olmu\u015fdur. D\u00fcnyan\u0131n n\u00fcfuzlu t\u0259\u015fkilat\u0131n\u0131n ali orqan\u0131nda \u00f6lk\u0259mizin t\u0259msil olunmas\u0131 prosesi m\u00fcxt\u0259lif m\u0259rh\u0259l\u0259l\u0259rd\u0259n v\u0259 namiz\u0259dliyini ir\u0259li s\u00fcrm\u00fc\u015f dig\u0259r d\u00f6vl\u0259tl\u0259rl\u0259 r\u0259qab\u0259t \u015f\u0259raitind\u0259 ke\u00e7mi\u015fdir. Gizli s\u0259sverm\u0259nin 16-c\u0131 m\u0259rh\u0259l\u0259sind\u0259n sonra Az\u0259rbaycan s\u0259s \u00e7oxlu\u011fu il\u0259 d\u00fcnyan\u0131n 193 d\u00f6vl\u0259tind\u0259n 155-nin d\u0259st\u0259yini qazanaraq, 2012-2013-c\u00fc ill\u0259rd\u0259 \u015e\u0259rqi Avropa b\u00f6lg\u0259sini T\u0259hl\u00fck\u0259sizlik \u015euras\u0131nda t\u0259msil ed\u0259c\u0259k yeni qeyri-daimi \u00fczv se\u00e7ilmi\u015fdir.<\/p>\n<p>\u00d6lk\u0259mizin \u0259ld\u0259 etdiyi bu tarixi nailiyy\u0259t, ilk n\u00f6vb\u0259d\u0259 Az\u0259rbaycan Prezidenti \u0130lham \u018fliyevin h\u0259yata ke\u00e7irdiyi ard\u0131c\u0131l, m\u0259qs\u0259dy\u00f6nl\u00fc v\u0259 uzaqg\u00f6r\u0259n xarici siyas\u0259tin n\u0259tic\u0259si kimi m\u00fcmk\u00fcn olmu\u015fdur. M\u0259lumdur ki, qeyri-daimi \u00fczvl\u0259rin se\u00e7imind\u0259 se\u00e7kiy\u0259 qo\u015fulan d\u00f6vl\u0259tl\u0259rin beyn\u0259lxalq s\u00fclh\u00fcn v\u0259 t\u0259hl\u00fck\u0259sizliyin qorunmas\u0131na verdiyi t\u00f6vh\u0259l\u0259r, BMT-nin dig\u0259r m\u0259qs\u0259dl\u0259rinin realla\u015fmas\u0131 prosesind\u0259 yax\u0131ndan i\u015ftirak etm\u0259k imkan\u0131, m\u00f6vcud \u00f6lk\u0259nin beyn\u0259lxalq m\u00fcnasib\u0259tl\u0259r sistemind\u0259ki yeri v\u0259 rolu kimi m\u00fch\u00fcm amill\u0259r n\u0259z\u0259r\u0259 al\u0131n\u0131r. Az\u0259rbaycan\u0131n g\u00f6st\u0259ril\u0259n parametrl\u0259r\u0259 uy\u011fun v\u0259 beyn\u0259lxalq al\u0259md\u0259 f\u0259al \u015f\u0259kild\u0259 d\u0259st\u0259kl\u0259n\u0259n xarici siyas\u0259t apard\u0131\u011f\u0131 onun T\u0259hl\u00fck\u0259sizlik \u015euras\u0131na \u00fczv se\u00e7ilm\u0259si il\u0259 bir daha s\u00fcbut edildi.<\/p>\n<p>Erm\u0259ni lobbisinin v\u0259 Erm\u0259nistan\u0131n Az\u0259rbaycana qar\u015f\u0131 apard\u0131\u011f\u0131 m\u0259krli informasiya siyas\u0259ti \u015f\u0259raitind\u0259 BMT-nin \u00fczv\u00fc olan d\u00f6vl\u0259tl\u0259rin \u0259ks\u0259riyy\u0259tinin birba\u015fa d\u0259st\u0259yin\u0259 nail olmaq, h\u0259m d\u0259 Prezident \u0130lham \u018fliyevin h\u0259yata ke\u00e7irdiyi siyas\u0259tin y\u00fcks\u0259k siyasi irad\u0259y\u0259 s\u00f6yk\u0259ndiyini v\u0259 q\u0259tiyy\u0259tli xarakter da\u015f\u0131d\u0131\u011f\u0131n\u0131 s\u00fcbut etdi. H\u0259min \u0259r\u0259f\u0259d\u0259 erm\u0259nil\u0259r Az\u0259rbaycana qar\u015f\u0131 m\u0259krli v\u0259 \u00e7irkin siyasi kampaniya aparsalar da, m\u0259nfur niyy\u0259tl\u0259rin\u0259 nali ola bilm\u0259dil\u0259r. Erm\u0259nistan\u0131n da ilkin m\u0259rh\u0259l\u0259d\u0259 T\u0259hl\u00fck\u0259sizlik \u015euras\u0131 \u00fczvl\u00fcy\u00fcn\u0259 \u00f6z namiz\u0259dliyini ir\u0259li s\u00fcrm\u0259sin\u0259 baxmayaraq, sonradan bu d\u00f6vl\u0259tin diplomatik m\u00fcbariz\u0259d\u0259 Az\u0259rbaycanla h\u0259r hans\u0131 bir r\u0259qab\u0259t imkan\u0131na malik olmad\u0131\u011f\u0131 \u00fcz\u0259 \u00e7\u0131xd\u0131 v\u0259 bunun etiraf\u0131 olaraq namiz\u0259dliyini geri g\u00f6t\u00fcrm\u0259k m\u0259cburiyy\u0259tind\u0259 qald\u0131.<\/p>\n<p>Az\u0259rbaycan\u0131n BMT T\u0259hl\u00fck\u0259sizlik \u015euras\u0131n\u0131n qeyri-daimi \u00fczv\u00fc se\u00e7ilm\u0259sinin tarixi-siyasi \u0259h\u0259miyy\u0259ti h\u0259m d\u0259 ondan ibar\u0259tdir ki, bu hadis\u0259d\u0259n sonra \u00f6lk\u0259mizin milli maraqlar\u0131n\u0131n qlobal s\u0259viyy\u0259d\u0259 t\u0259min edilm\u0259si istiqam\u0259tind\u0259 f\u0259al s\u0259yl\u0259r g\u00f6st\u0259rilmi\u015f, Erm\u0259nistan\u0131n Az\u0259rbaycana qar\u015f\u0131 h\u0259rbi t\u0259cav\u00fcz\u00fc \u015euran\u0131n iclaslar\u0131nda m\u00fczakir\u0259 olunmu\u015f v\u0259 real h\u0259qiq\u0259tl\u0259r d\u00fcnya i\u00e7timaiyy\u0259tin\u0259 \u00e7atd\u0131r\u0131lm\u0131\u015fd\u0131r. Az\u0259rbaycan\u0131n BMT T\u0259hl\u00fck\u0259sizlik \u015euras\u0131na s\u0259drliyi m\u00fcdd\u0259tind\u0259 t\u0259\u015fkilat\u0131n 13 a\u00e7\u0131q v\u0259 16 qapal\u0131 iclas\u0131 ke\u00e7irilmi\u015fdir. Bununla yana\u015f\u0131, d\u00f6vl\u0259tl\u0259rin suverenliyi, \u0259razi b\u00fct\u00f6vl\u00fcy\u00fc v\u0259 beyn\u0259lxalq s\u0259viyy\u0259d\u0259 tan\u0131nm\u0131\u015f s\u0259rh\u0259dl\u0259rinin toxunulmazl\u0131\u011f\u0131 prinsipl\u0259rin\u0259 h\u00f6rm\u0259t, m\u00fcnaqi\u015f\u0259l\u0259r zaman\u0131 m\u00fcharib\u0259 v\u0259 insanl\u0131\u011fa qar\u015f\u0131 cinay\u0259tl\u0259r t\u00f6r\u0259tmi\u015f \u015f\u0259xsl\u0259rin m\u0259suliyy\u0259t\u0259 c\u0259lb edilm\u0259sinin vacibliyin\u0259 x\u00fcsusi diqq\u0259t yetirilmi\u015f, bu m\u0259s\u0259l\u0259l\u0259r \u015euran\u0131n q\u0259bul etdiyi s\u0259n\u0259dl\u0259rd\u0259 \u00f6z \u0259ksini tapm\u0131\u015fd\u0131r.<\/p>\n","protected":false},"excerpt":{"rendered":"<p>ARANTV.AZ\u00a0\u00a0Trend-\u0259 istinad\u0259n Az\u0259rbaycan Respublikas\u0131 Prezidentinin ictimai-siyasi m\u0259s\u0259l\u0259l\u0259r \u00fczr\u0259 k\u00f6m\u0259k\u00e7isi,\u00a0tarix elml\u0259ri doktoru, professor\u00a0\u018fli H\u0259s\u0259novun yaz\u0131s\u0131n\u0131 t\u0259qdim edir: Az\u0259rbaycan\u0131n BMT T\u0259hl\u00fck\u0259sizlik \u015euras\u0131n\u0131n qeyri-daimi \u00fczv\u00fc se\u00e7ilm\u0259sind\u0259n 8 il \u00f6t\u00fcr. 2011-ci il oktyabr\u0131n 24-d\u0259 Az\u0259rbaycan\u0131n BMT T\u0259hl\u00fck\u0259sizlik \u015euras\u0131n\u0131n qeyri-daimi \u00fczv\u00fc se\u00e7ilm\u0259si xalq\u0131m\u0131z\u0131n m\u00fcasir tarixin\u0259 \u0259n \u0259lam\u0259tdar v\u0259 q\u00fcrur do\u011furan hadis\u0259l\u0259rind\u0259n biri kimi daxil olmu\u015fdur. D\u00fcnyan\u0131n n\u00fcfuzlu t\u0259\u015fkilat\u0131n\u0131n ali orqan\u0131nda \u00f6lk\u0259mizin t\u0259msil olunmas\u0131 prosesi m\u00fcxt\u0259lif m\u0259rh\u0259l\u0259l\u0259rd\u0259n v\u0259 namiz\u0259dliyini ir\u0259li s\u00fcrm\u00fc\u015f dig\u0259r d\u00f6vl\u0259tl\u0259rl\u0259 r\u0259qab\u0259t \u015f\u0259raitind\u0259 ke\u00e7mi\u015fdir. Gizli s\u0259sverm\u0259nin 16-c\u0131 m\u0259rh\u0259l\u0259sind\u0259n sonra Az\u0259rbaycan s\u0259s \u00e7oxlu\u011fu il\u0259 d\u00fcnyan\u0131n 193 d\u00f6vl\u0259tind\u0259n 155-nin d\u0259st\u0259yini qazanaraq, 2012-2013-c\u00fc ill\u0259rd\u0259 \u015e\u0259rqi Avropa b\u00f6lg\u0259sini&hellip;<\/p>\n","protected":false},"author":2,"featured_media":88741,"comment_status":"closed","ping_status":"closed","sticky":false,"template":"","format":"standard","meta":{"om_disable_all_campaigns":false,"_monsterinsights_skip_tracking":false,"_monsterinsights_sitenote_active":false,"_monsterinsights_sitenote_note":"","_monsterinsights_sitenote_category":0},"categories":[19],"tags":[],"aioseo_notices":[],"gutentor_comment":0,"rttpg_featured_image_url":{"full":["https:\/\/arantv.az\/wp-content\/uploads\/2019\/10\/795040-1.jpg",800,600,false],"landscape":["https:\/\/arantv.az\/wp-content\/uploads\/2019\/10\/795040-1.jpg",800,600,false],"portraits":["https:\/\/arantv.az\/wp-content\/uploads\/2019\/10\/795040-1.jpg",800,600,false],"thumbnail":["https:\/\/arantv.az\/wp-content\/uploads\/2019\/10\/795040-1-150x150.jpg",150,150,true],"medium":["https:\/\/arantv.az\/wp-content\/uploads\/2019\/10\/795040-1-300x225.jpg",300,225,true],"large":["https:\/\/arantv.az\/wp-content\/uploads\/2019\/10\/795040-1.jpg",640,480,false],"1536x1536":["https:\/\/arantv.az\/wp-content\/uploads\/2019\/10\/795040-1.jpg",800,600,false],"2048x2048":["https:\/\/arantv.az\/wp-content\/uploads\/2019\/10\/795040-1.jpg",800,600,false],"post-thumbnail":["https:\/\/arantv.az\/wp-content\/uploads\/2019\/10\/795040-1-240x172.jpg",240,172,true],"advps-thumb-one":["https:\/\/arantv.az\/wp-content\/uploads\/2019\/10\/795040-1.jpg",800,600,false]},"rttpg_author":{"display_name":"V\u00fcsal Rafiqo\u011flu","author_link":"https:\/\/arantv.az\/?author=2"},"rttpg_comment":0,"rttpg_category":"<a href=\"https:\/\/arantv.az\/?cat=19\" rel=\"category\">G\u00fcnd\u0259m<\/a>","rttpg_excerpt":"ARANTV.AZ\u00a0\u00a0Trend-\u0259 istinad\u0259n Az\u0259rbaycan Respublikas\u0131 Prezidentinin ictimai-siyasi m\u0259s\u0259l\u0259l\u0259r \u00fczr\u0259 k\u00f6m\u0259k\u00e7isi,\u00a0tarix elml\u0259ri doktoru, professor\u00a0\u018fli H\u0259s\u0259novun yaz\u0131s\u0131n\u0131 t\u0259qdim edir: Az\u0259rbaycan\u0131n BMT T\u0259hl\u00fck\u0259sizlik \u015euras\u0131n\u0131n qeyri-daimi \u00fczv\u00fc se\u00e7ilm\u0259sind\u0259n 8 il \u00f6t\u00fcr. 2011-ci il oktyabr\u0131n 24-d\u0259 Az\u0259rbaycan\u0131n BMT T\u0259hl\u00fck\u0259sizlik \u015euras\u0131n\u0131n qeyri-daimi \u00fczv\u00fc se\u00e7ilm\u0259si xalq\u0131m\u0131z\u0131n m\u00fcasir tarixin\u0259 \u0259n \u0259lam\u0259tdar v\u0259 q\u00fcrur do\u011furan hadis\u0259l\u0259rind\u0259n biri kimi daxil olmu\u015fdur. D\u00fcnyan\u0131n n\u00fcfuzlu t\u0259\u015fkilat\u0131n\u0131n ali orqan\u0131nda&hellip;","_links":{"self":[{"href":"https:\/\/arantv.az\/index.php?rest_route=\/wp\/v2\/posts\/88740"}],"collection":[{"href":"https:\/\/arantv.az\/index.php?rest_route=\/wp\/v2\/posts"}],"about":[{"href":"https:\/\/arantv.az\/index.php?rest_route=\/wp\/v2\/types\/post"}],"author":[{"embeddable":true,"href":"https:\/\/arantv.az\/index.php?rest_route=\/wp\/v2\/users\/2"}],"replies":[{"embeddable":true,"href":"https:\/\/arantv.az\/index.php?rest_route=%2Fwp%2Fv2%2Fcomments&post=88740"}],"version-history":[{"count":0,"href":"https:\/\/arantv.az\/index.php?rest_route=\/wp\/v2\/posts\/88740\/revisions"}],"wp:featuredmedia":[{"embeddable":true,"href":"https:\/\/arantv.az\/index.php?rest_route=\/wp\/v2\/media\/88741"}],"wp:attachment":[{"href":"https:\/\/arantv.az\/index.php?rest_route=%2Fwp%2Fv2%2Fmedia&parent=88740"}],"wp:term":[{"taxonomy":"category","embeddable":true,"href":"https:\/\/arantv.az\/index.php?rest_route=%2Fwp%2Fv2%2Fcategories&post=88740"},{"taxonomy":"post_tag","embeddable":true,"href":"https:\/\/arantv.az\/index.php?rest_route=%2Fwp%2Fv2%2Ftags&post=88740"}],"curies":[{"name":"wp","href":"https:\/\/api.w.org\/{rel}","templated":true}]}}